{"id":1683,"date":"2018-01-17T01:35:51","date_gmt":"2018-01-17T00:35:51","guid":{"rendered":"https:\/\/www.appointmed.com\/blog\/?p=1683"},"modified":"2025-05-23T11:48:25","modified_gmt":"2025-05-23T09:48:25","slug":"der-appointmed-jahresrueckblick-2017","status":"publish","type":"post","link":"https:\/\/www.appointmed.com\/blog\/der-appointmed-jahresrueckblick-2017","title":{"rendered":"Der appointmed Jahresr\u00fcckblick 2017"},"content":{"rendered":"<p>Am 11.1.2016 \u2013 also vor mittlerweile \u00fcber zwei Jahren \u2013 wurde die appointmed GmbH offiziell ins Leben gerufen. Grund genug wieder auf die letzten 12 Monate zur\u00fcckzublicken, um zu sehen was sich in dieser Zeit so getan hat.<\/p>\n<p>Wie bei vielen anderen jungen Unternehmen, ist der Weg oft steinig und geht nur selten gerade aus. Das ist auch bei uns nicht anders und wir mussten des \u00f6fteren unsere Planung nochmals \u00fcberdenken. Einerseits hat die steigende Zahl an Nutzern nat\u00fcrlich auch zu einem erh\u00f6hten administrativen Aufwand gef\u00fchrt. Andererseits sahen wir uns abermals mit sehr vielen Verbesserungsvorschl\u00e4gen konfrontiert, die unsere eigene Planung oft etwas aus der Bahn geworfen haben. Hier versuchen wir stets den optimalen Mix an Verbesserungen aus Kundenvorschl\u00e4gen und unseren eigenen, <a href=\"https:\/\/www.appointmed.com\/blog\/section\/changelog\/\">neuen Funktionen<\/a> zu finden.<\/p>\n<h2>Das appointmed Team<\/h2>\n<div id=\"attachment_1694\" class=\"wp-caption alignright\" style=\"width: 150px\"><a href=\"https:\/\/www.appointmed.com\/blog\/wp-content\/uploads\/2018\/01\/MHA_4589.jpg\"><img loading=\"lazy\" decoding=\"async\" class=\"wp-image-1694 size-thumbnail\" src=\"https:\/\/www.appointmed.com\/blog\/wp-content\/uploads\/2018\/01\/MHA_4589-150x150.jpg\" alt=\"Elisabeth Hager\" width=\"150\" height=\"150\" \/><\/a><p class=\"wp-caption-text\">Willkommen Elisabeth!<\/p><\/div>\n<p>Auch heuer ist unser Team wieder gewachsen und wir freuen uns \u00fcber die tatkr\u00e4ftige Unterst\u00fctzung von <a href=\"https:\/\/www.appointmed.com\/team\">Elisabeth<\/a> in der Qualit\u00e4tskontrolle und im Customer Support. In K\u00fcrze wird Paul auch seine interne Interviewreihe fortsetzen, in der ihr mehr \u00fcber Elisabeth und Ihren Weg zu appointmed erfahren werdet.<\/p>\n<h2>2017 in Zahlen<\/h2>\n<p>Wer appointmed auf <a href=\"https:\/\/facebook.com\/appointmed\">Facebook<\/a> oder <a href=\"https:\/\/twitter.com\/appointmed\">Twitter<\/a> folgt, hat eventuell schon einen kleinen Vorgeschmack auf die <a href=\"https:\/\/apt.md\/2Cv4IRL\" target=\"_blank\" rel=\"noopener\">Zahlen des Jahres 2017<\/a> erhalten:<\/p>\n<p><a href=\"https:\/\/www.appointmed.com\/blog\/wp-content\/uploads\/2018\/01\/appointmed-2017-in-zahlen.png\"><img loading=\"lazy\" decoding=\"async\" class=\"alignnone size-large wp-image-6253\" src=\"https:\/\/www.appointmed.com\/blog\/wp-content\/uploads\/2018\/01\/appointmed-2017-in-zahlen-700x1257.png\" alt=\"2017 in Zahlen \u2013\u00a0appointmed Jahresr\u00fcckblick\" width=\"700\" height=\"1257\" srcset=\"https:\/\/www.appointmed.com\/blog\/wp-content\/uploads\/2018\/01\/appointmed-2017-in-zahlen-700x1257.png 700w, https:\/\/www.appointmed.com\/blog\/wp-content\/uploads\/2018\/01\/appointmed-2017-in-zahlen-300x539.png 300w, https:\/\/www.appointmed.com\/blog\/wp-content\/uploads\/2018\/01\/appointmed-2017-in-zahlen-768x1379.png 768w, https:\/\/www.appointmed.com\/blog\/wp-content\/uploads\/2018\/01\/appointmed-2017-in-zahlen.png 800w\" sizes=\"auto, (max-width: 700px) 100vw, 700px\" \/><\/a><\/p>\n<h3>365 Tage appointmed bedeutete 2017:<\/h3>\n<ul>\n<li><strong>47.579 Patienten<\/strong> werden inzwischen insgesamt in appointmed verwaltet. Das ist ein Plus von 55% im Vergleich zum Vorjahr.<\/li>\n<li><strong>119.500 Rechnungen und Zahlungsbelege<\/strong> wurden erstellt (+ 117%).<\/li>\n<li><strong>25.750 Behandlungsnotizen und Befunde<\/strong> wurden eingegeben bzw. hochgeladen (+ 395%).<\/li>\n<li><strong>1.215 Arbeitspakete<\/strong> wurden in <a href=\"https:\/\/www.appointmed.com\/blog\/section\/changelog\/\">35 kostenlosen Updates<\/a> umgesetzt (+ 52%).<\/li>\n<li><strong>90.500 Mal<\/strong> haben Kunden appointmed verwendet. Davon 33,1% auf dem <a href=\"https:\/\/www.appointmed.com\/blog\/2015\/10\/die-praxis-in-der-tasche-appointmed-mobile\/\">Smartphone oder Tablet<\/a> (+ 135%).<\/li>\n<\/ul>\n<h2>Highlights aus der Produktentwicklung 2017<\/h2>\n<p>Der Anfang des Jahres stand ganz im Zeichen der neuen <a href=\"https:\/\/www.appointmed.com\/blog\/2017\/03\/die-neue-appointmed-registrierkasse-gemaess-rksv-2017\/\">Registrierkassensicherheitsverordnung<\/a>, die mit 1. April 2017 in Kraft getreten ist. Mittlerweile wurden mit appointmed \u00fcber 100.000 Belege erstellt und erfolgreich signiert.<\/p>\n<p>Der Rest des Jahres war aus Produktsicht eine ausgewogene Kombination aus Verbesserungen der aktuellen Funktionen und Workflows und der Entwicklung g\u00e4nzlich neuer Features, wie zB der <a href=\"https:\/\/www.appointmed.com\/blog\/2017\/04\/aenderungen-vom-28-april-2017\/\">SMS-Erinnerungen<\/a> oder der praktischen <a href=\"https:\/\/www.appointmed.com\/blog\/2017\/07\/aenderungen-vom-14-juli-2017\/\">Schnellsuche nach Patientenakten<\/a>. Abgesehen von diversen Performance-Verbesserungen, konnten wir auch die von vielen Kunden gew\u00fcnschte <a href=\"https:\/\/www.appointmed.com\/blog\/2017\/09\/aenderungen-vom-30-september-2017\/\">\u00dcberarbeitung<\/a> <a href=\"https:\/\/www.appointmed.com\/blog\/2017\/10\/aenderungen-vom-28-oktober-2017\/\">der<\/a> <a href=\"https:\/\/www.appointmed.com\/blog\/2017\/11\/aenderungen-vom-12-november-2017\/\">Dokumentation<\/a>\u00a0in Angriff nehmen. Diese ist auch Anfang 2018 noch in vollem Gange, sodass sich appointmed Kunden mit den n\u00e4chsten Updates auf weitere, neue Funktionen freuen k\u00f6nnen.<\/p>\n<h2>Und 2018?<\/h2>\n<p>Das neue Jahr bringt einige potentielle Kooperationspartner ins Spiel. Das erkl\u00e4rte Ziel ist hier, Behandlungsdaten aus anderen Systemen mit appointmed zu verkn\u00fcpfen. Au\u00dferdem sollen die Kommunikation mit Patienten und die Verrechnung mit Krankenkassen mehr und mehr automatisiert werden. N\u00e4heres k\u00f6nnen wir dazu leider noch nicht verraten :)<\/p>\n<p>Das gesamte Team ist jedenfalls hoch motiviert und freut sich mit 2018, auf eines der bisher wichtigsten Jahre seit dem Beginn von appointmed.<\/p>\n<h2>Lust auf mehr Statistiken und Einblicke?<\/h2>\n<p>Lies auch vergangene Erfolge und Highlights in unserem Blog:<\/p>\n<ul>\n<li><a href=\"https:\/\/www.appointmed.com\/blog\/2017\/01\/rueckblick-und-ausblick-das-war-2016-und-so-wird-2017\/\">R\u00fcckblick und Ausblick: Das war 2016 und so wird 2017.<\/a><\/li>\n<li><a href=\"https:\/\/www.appointmed.com\/blog\/2016\/02\/rueckblick-und-ausblick-was-passierte-2015-und-was-kommt-2016\/\">R\u00fcckblick und Ausblick: Was passierte 2015 und was kommt 2016?<\/a><\/li>\n<li><a href=\"https:\/\/www.appointmed.com\/blog\/2017\/01\/ein-jahr-appointmed-ceo-patrik-inzinger-im-interview\/\">Ein Jahr appointmed: CEO Patrik Inzinger im Interview.<\/a><\/li>\n<\/ul>\n","protected":false},"excerpt":{"rendered":"<p>Am 11.1.2016 \u2013 also vor mittlerweile \u00fcber zwei Jahren \u2013 wurde die appointmed GmbH offiziell ins Leben gerufen. Grund genug wieder auf die letzten 12 Monate zur\u00fcckzublicken, um zu sehen was sich in dieser Zeit so getan hat.<\/p>\n","protected":false},"author":3,"featured_media":3049,"comment_status":"open","ping_status":"closed","sticky":false,"template":"","format":"standard","meta":{"_acf_changed":false,"footnotes":""},"categories":[2,6],"tags":[],"class_list":["post-1683","post","type-post","status-publish","format-standard","has-post-thumbnail","hentry","category-blog","category-the-company"],"acf":[],"yoast_head":"<!-- This site is optimized with the Yoast SEO Premium plugin v27.5 (Yoast SEO v27.5) - https:\/\/yoast.com\/product\/yoast-seo-premium-wordpress\/ -->\n<title>Der appointmed Jahresr\u00fcckblick 2017 - appointmed Blog<\/title>\n<meta name=\"description\" content=\"Am 11.1.2016 \u2013 also vor mittlerweile \u00fcber zwei Jahren \u2013 wurde die appointmed GmbH offiziell ins Leben gerufen. Grund genug wieder auf die letzten 12 Monate zur\u00fcckzublicken, um zu sehen was sich in dieser Zeit so getan hat.\" \/>\n<meta name=\"robots\" content=\"index, follow, max-snippet:-1, max-image-preview:large, max-video-preview:-1\" \/>\n<link rel=\"canonical\" href=\"https:\/\/www.appointmed.com\/blog\/der-appointmed-jahresrueckblick-2017\" \/>\n<meta property=\"og:locale\" content=\"de_DE\" \/>\n<meta property=\"og:type\" content=\"article\" \/>\n<meta property=\"og:title\" content=\"Der appointmed Jahresr\u00fcckblick 2017\" \/>\n<meta property=\"og:description\" content=\"Am 11.1.2016 \u2013 also vor mittlerweile \u00fcber zwei Jahren \u2013 wurde die appointmed GmbH offiziell ins Leben gerufen. Grund genug wieder auf die letzten 12 Monate zur\u00fcckzublicken, um zu sehen was sich in dieser Zeit so getan hat.\" \/>\n<meta property=\"og:url\" content=\"https:\/\/www.appointmed.com\/blog\/der-appointmed-jahresrueckblick-2017\" \/>\n<meta property=\"og:site_name\" content=\"appointmed Blog\" \/>\n<meta property=\"article:publisher\" content=\"https:\/\/www.facebook.com\/appointmed\" \/>\n<meta property=\"article:published_time\" content=\"2018-01-17T00:35:51+00:00\" \/>\n<meta property=\"article:modified_time\" content=\"2025-05-23T09:48:25+00:00\" \/>\n<meta property=\"og:image\" content=\"https:\/\/www.appointmed.com\/blog\/wp-content\/uploads\/2021\/05\/appointmed-rueckblick-2017.jpg\" \/>\n\t<meta property=\"og:image:width\" content=\"650\" \/>\n\t<meta property=\"og:image:height\" content=\"240\" \/>\n\t<meta property=\"og:image:type\" content=\"image\/jpeg\" \/>\n<meta name=\"author\" content=\"Patrik I.\" \/>\n<meta name=\"twitter:card\" content=\"summary_large_image\" \/>\n<meta name=\"twitter:creator\" content=\"@appointmed\" \/>\n<meta name=\"twitter:site\" content=\"@appointmed\" \/>\n<script type=\"application\/ld+json\" class=\"yoast-schema-graph\">{\"@context\":\"https:\\\/\\\/schema.org\",\"@graph\":[{\"@type\":\"Article\",\"@id\":\"https:\\\/\\\/www.appointmed.com\\\/blog\\\/der-appointmed-jahresrueckblick-2017#article\",\"isPartOf\":{\"@id\":\"https:\\\/\\\/www.appointmed.com\\\/blog\\\/der-appointmed-jahresrueckblick-2017\"},\"author\":{\"name\":\"Patrik I.\",\"@id\":\"https:\\\/\\\/www.appointmed.com\\\/blog\\\/#\\\/schema\\\/person\\\/0358b1506a63696a3b01b9007944f951\"},\"headline\":\"Der appointmed Jahresr\u00fcckblick 2017\",\"datePublished\":\"2018-01-17T00:35:51+00:00\",\"dateModified\":\"2025-05-23T09:48:25+00:00\",\"mainEntityOfPage\":{\"@id\":\"https:\\\/\\\/www.appointmed.com\\\/blog\\\/der-appointmed-jahresrueckblick-2017\"},\"wordCount\":486,\"commentCount\":0,\"publisher\":{\"@id\":\"https:\\\/\\\/www.appointmed.com\\\/blog\\\/#organization\"},\"image\":{\"@id\":\"https:\\\/\\\/www.appointmed.com\\\/blog\\\/der-appointmed-jahresrueckblick-2017#primaryimage\"},\"thumbnailUrl\":\"https:\\\/\\\/www.appointmed.com\\\/blog\\\/wp-content\\\/uploads\\\/2021\\\/05\\\/appointmed-rueckblick-2017.jpg\",\"articleSection\":[\"Blog\",\"\u00dcber appointmed\"],\"inLanguage\":\"de\",\"potentialAction\":[{\"@type\":\"CommentAction\",\"name\":\"Comment\",\"target\":[\"https:\\\/\\\/www.appointmed.com\\\/blog\\\/der-appointmed-jahresrueckblick-2017#respond\"]}]},{\"@type\":\"WebPage\",\"@id\":\"https:\\\/\\\/www.appointmed.com\\\/blog\\\/der-appointmed-jahresrueckblick-2017\",\"url\":\"https:\\\/\\\/www.appointmed.com\\\/blog\\\/der-appointmed-jahresrueckblick-2017\",\"name\":\"Der appointmed Jahresr\u00fcckblick 2017 - appointmed Blog\",\"isPartOf\":{\"@id\":\"https:\\\/\\\/www.appointmed.com\\\/blog\\\/#website\"},\"primaryImageOfPage\":{\"@id\":\"https:\\\/\\\/www.appointmed.com\\\/blog\\\/der-appointmed-jahresrueckblick-2017#primaryimage\"},\"image\":{\"@id\":\"https:\\\/\\\/www.appointmed.com\\\/blog\\\/der-appointmed-jahresrueckblick-2017#primaryimage\"},\"thumbnailUrl\":\"https:\\\/\\\/www.appointmed.com\\\/blog\\\/wp-content\\\/uploads\\\/2021\\\/05\\\/appointmed-rueckblick-2017.jpg\",\"datePublished\":\"2018-01-17T00:35:51+00:00\",\"dateModified\":\"2025-05-23T09:48:25+00:00\",\"description\":\"Am 11.1.2016 \u2013 also vor mittlerweile \u00fcber zwei Jahren \u2013 wurde die appointmed GmbH offiziell ins Leben gerufen. Grund genug wieder auf die letzten 12 Monate zur\u00fcckzublicken, um zu sehen was sich in dieser Zeit so getan hat.\",\"breadcrumb\":{\"@id\":\"https:\\\/\\\/www.appointmed.com\\\/blog\\\/der-appointmed-jahresrueckblick-2017#breadcrumb\"},\"inLanguage\":\"de\",\"potentialAction\":[{\"@type\":\"ReadAction\",\"target\":[\"https:\\\/\\\/www.appointmed.com\\\/blog\\\/der-appointmed-jahresrueckblick-2017\"]}]},{\"@type\":\"ImageObject\",\"inLanguage\":\"de\",\"@id\":\"https:\\\/\\\/www.appointmed.com\\\/blog\\\/der-appointmed-jahresrueckblick-2017#primaryimage\",\"url\":\"https:\\\/\\\/www.appointmed.com\\\/blog\\\/wp-content\\\/uploads\\\/2021\\\/05\\\/appointmed-rueckblick-2017.jpg\",\"contentUrl\":\"https:\\\/\\\/www.appointmed.com\\\/blog\\\/wp-content\\\/uploads\\\/2021\\\/05\\\/appointmed-rueckblick-2017.jpg\",\"width\":650,\"height\":240,\"caption\":\"Der appointmed Jahresr\u00fcckblick 2017\"},{\"@type\":\"BreadcrumbList\",\"@id\":\"https:\\\/\\\/www.appointmed.com\\\/blog\\\/der-appointmed-jahresrueckblick-2017#breadcrumb\",\"itemListElement\":[{\"@type\":\"ListItem\",\"position\":1,\"name\":\"Startseite\",\"item\":\"https:\\\/\\\/www.appointmed.com\\\/blog\\\/\"},{\"@type\":\"ListItem\",\"position\":2,\"name\":\"Der appointmed Jahresr\u00fcckblick 2017\"}]},{\"@type\":\"WebSite\",\"@id\":\"https:\\\/\\\/www.appointmed.com\\\/blog\\\/#website\",\"url\":\"https:\\\/\\\/www.appointmed.com\\\/blog\\\/\",\"name\":\"appointmed Blog\",\"description\":\"Die unkomplizierte Praxissoftware\",\"publisher\":{\"@id\":\"https:\\\/\\\/www.appointmed.com\\\/blog\\\/#organization\"},\"potentialAction\":[{\"@type\":\"SearchAction\",\"target\":{\"@type\":\"EntryPoint\",\"urlTemplate\":\"https:\\\/\\\/www.appointmed.com\\\/blog\\\/?s={search_term_string}\"},\"query-input\":{\"@type\":\"PropertyValueSpecification\",\"valueRequired\":true,\"valueName\":\"search_term_string\"}}],\"inLanguage\":\"de\"},{\"@type\":\"Organization\",\"@id\":\"https:\\\/\\\/www.appointmed.com\\\/blog\\\/#organization\",\"name\":\"appointmed GmbH\",\"url\":\"https:\\\/\\\/www.appointmed.com\\\/blog\\\/\",\"logo\":{\"@type\":\"ImageObject\",\"inLanguage\":\"de\",\"@id\":\"https:\\\/\\\/www.appointmed.com\\\/blog\\\/#\\\/schema\\\/logo\\\/image\\\/\",\"url\":\"https:\\\/\\\/www.appointmed.com\\\/blog\\\/wp-content\\\/uploads\\\/2019\\\/08\\\/appointmed-Logo-V2-cropped-transparent.png\",\"contentUrl\":\"https:\\\/\\\/www.appointmed.com\\\/blog\\\/wp-content\\\/uploads\\\/2019\\\/08\\\/appointmed-Logo-V2-cropped-transparent.png\",\"width\":1200,\"height\":257,\"caption\":\"appointmed GmbH\"},\"image\":{\"@id\":\"https:\\\/\\\/www.appointmed.com\\\/blog\\\/#\\\/schema\\\/logo\\\/image\\\/\"},\"sameAs\":[\"https:\\\/\\\/www.facebook.com\\\/appointmed\",\"https:\\\/\\\/x.com\\\/appointmed\",\"https:\\\/\\\/www.instagram.com\\\/appointmed\",\"https:\\\/\\\/de.linkedin.com\\\/company\\\/appointmed\",\"https:\\\/\\\/www.youtube.com\\\/appointmed\"]},{\"@type\":\"Person\",\"@id\":\"https:\\\/\\\/www.appointmed.com\\\/blog\\\/#\\\/schema\\\/person\\\/0358b1506a63696a3b01b9007944f951\",\"name\":\"Patrik I.\",\"image\":{\"@type\":\"ImageObject\",\"inLanguage\":\"de\",\"@id\":\"https:\\\/\\\/secure.gravatar.com\\\/avatar\\\/817489834becb8bc2a113317c2bd5f0a1200bfbbf48231fdfa50dafa4e82fbe0?s=96&d=mm&r=g\",\"url\":\"https:\\\/\\\/secure.gravatar.com\\\/avatar\\\/817489834becb8bc2a113317c2bd5f0a1200bfbbf48231fdfa50dafa4e82fbe0?s=96&d=mm&r=g\",\"contentUrl\":\"https:\\\/\\\/secure.gravatar.com\\\/avatar\\\/817489834becb8bc2a113317c2bd5f0a1200bfbbf48231fdfa50dafa4e82fbe0?s=96&d=mm&r=g\",\"caption\":\"Patrik I.\"},\"description\":\"Nachdem er an einer Vielzahl von internationalen Projekten mit Kunden wie Audi, The Ritz Carlton und Pfizer gearbeitet hat, \u00fcbernimmt Patrik die UI Konzeption und grafische Gestaltung von appointmed.\",\"sameAs\":[\"https:\\\/\\\/www.appointmed.com\\\/team\"],\"jobTitle\":\"CEO, Co-Founder\",\"worksFor\":\"appointmed GmbH\",\"url\":\"https:\\\/\\\/www.appointmed.com\\\/blog\\\/author\\\/patrik\"}]}<\/script>\n<!-- \/ Yoast SEO Premium plugin. -->","yoast_head_json":{"title":"Der appointmed Jahresr\u00fcckblick 2017 - appointmed Blog","description":"Am 11.1.2016 \u2013 also vor mittlerweile \u00fcber zwei Jahren \u2013 wurde die appointmed GmbH offiziell ins Leben gerufen. Grund genug wieder auf die letzten 12 Monate zur\u00fcckzublicken, um zu sehen was sich in dieser Zeit so getan hat.","robots":{"index":"index","follow":"follow","max-snippet":"max-snippet:-1","max-image-preview":"max-image-preview:large","max-video-preview":"max-video-preview:-1"},"canonical":"https:\/\/www.appointmed.com\/blog\/der-appointmed-jahresrueckblick-2017","og_locale":"de_DE","og_type":"article","og_title":"Der appointmed Jahresr\u00fcckblick 2017","og_description":"Am 11.1.2016 \u2013 also vor mittlerweile \u00fcber zwei Jahren \u2013 wurde die appointmed GmbH offiziell ins Leben gerufen. Grund genug wieder auf die letzten 12 Monate zur\u00fcckzublicken, um zu sehen was sich in dieser Zeit so getan hat.","og_url":"https:\/\/www.appointmed.com\/blog\/der-appointmed-jahresrueckblick-2017","og_site_name":"appointmed Blog","article_publisher":"https:\/\/www.facebook.com\/appointmed","article_published_time":"2018-01-17T00:35:51+00:00","article_modified_time":"2025-05-23T09:48:25+00:00","og_image":[{"width":650,"height":240,"url":"https:\/\/www.appointmed.com\/blog\/wp-content\/uploads\/2021\/05\/appointmed-rueckblick-2017.jpg","type":"image\/jpeg"}],"author":"Patrik I.","twitter_card":"summary_large_image","twitter_creator":"@appointmed","twitter_site":"@appointmed","schema":{"@context":"https:\/\/schema.org","@graph":[{"@type":"Article","@id":"https:\/\/www.appointmed.com\/blog\/der-appointmed-jahresrueckblick-2017#article","isPartOf":{"@id":"https:\/\/www.appointmed.com\/blog\/der-appointmed-jahresrueckblick-2017"},"author":{"name":"Patrik I.","@id":"https:\/\/www.appointmed.com\/blog\/#\/schema\/person\/0358b1506a63696a3b01b9007944f951"},"headline":"Der appointmed Jahresr\u00fcckblick 2017","datePublished":"2018-01-17T00:35:51+00:00","dateModified":"2025-05-23T09:48:25+00:00","mainEntityOfPage":{"@id":"https:\/\/www.appointmed.com\/blog\/der-appointmed-jahresrueckblick-2017"},"wordCount":486,"commentCount":0,"publisher":{"@id":"https:\/\/www.appointmed.com\/blog\/#organization"},"image":{"@id":"https:\/\/www.appointmed.com\/blog\/der-appointmed-jahresrueckblick-2017#primaryimage"},"thumbnailUrl":"https:\/\/www.appointmed.com\/blog\/wp-content\/uploads\/2021\/05\/appointmed-rueckblick-2017.jpg","articleSection":["Blog","\u00dcber appointmed"],"inLanguage":"de","potentialAction":[{"@type":"CommentAction","name":"Comment","target":["https:\/\/www.appointmed.com\/blog\/der-appointmed-jahresrueckblick-2017#respond"]}]},{"@type":"WebPage","@id":"https:\/\/www.appointmed.com\/blog\/der-appointmed-jahresrueckblick-2017","url":"https:\/\/www.appointmed.com\/blog\/der-appointmed-jahresrueckblick-2017","name":"Der appointmed Jahresr\u00fcckblick 2017 - appointmed Blog","isPartOf":{"@id":"https:\/\/www.appointmed.com\/blog\/#website"},"primaryImageOfPage":{"@id":"https:\/\/www.appointmed.com\/blog\/der-appointmed-jahresrueckblick-2017#primaryimage"},"image":{"@id":"https:\/\/www.appointmed.com\/blog\/der-appointmed-jahresrueckblick-2017#primaryimage"},"thumbnailUrl":"https:\/\/www.appointmed.com\/blog\/wp-content\/uploads\/2021\/05\/appointmed-rueckblick-2017.jpg","datePublished":"2018-01-17T00:35:51+00:00","dateModified":"2025-05-23T09:48:25+00:00","description":"Am 11.1.2016 \u2013 also vor mittlerweile \u00fcber zwei Jahren \u2013 wurde die appointmed GmbH offiziell ins Leben gerufen. Grund genug wieder auf die letzten 12 Monate zur\u00fcckzublicken, um zu sehen was sich in dieser Zeit so getan hat.","breadcrumb":{"@id":"https:\/\/www.appointmed.com\/blog\/der-appointmed-jahresrueckblick-2017#breadcrumb"},"inLanguage":"de","potentialAction":[{"@type":"ReadAction","target":["https:\/\/www.appointmed.com\/blog\/der-appointmed-jahresrueckblick-2017"]}]},{"@type":"ImageObject","inLanguage":"de","@id":"https:\/\/www.appointmed.com\/blog\/der-appointmed-jahresrueckblick-2017#primaryimage","url":"https:\/\/www.appointmed.com\/blog\/wp-content\/uploads\/2021\/05\/appointmed-rueckblick-2017.jpg","contentUrl":"https:\/\/www.appointmed.com\/blog\/wp-content\/uploads\/2021\/05\/appointmed-rueckblick-2017.jpg","width":650,"height":240,"caption":"Der appointmed Jahresr\u00fcckblick 2017"},{"@type":"BreadcrumbList","@id":"https:\/\/www.appointmed.com\/blog\/der-appointmed-jahresrueckblick-2017#breadcrumb","itemListElement":[{"@type":"ListItem","position":1,"name":"Startseite","item":"https:\/\/www.appointmed.com\/blog\/"},{"@type":"ListItem","position":2,"name":"Der appointmed Jahresr\u00fcckblick 2017"}]},{"@type":"WebSite","@id":"https:\/\/www.appointmed.com\/blog\/#website","url":"https:\/\/www.appointmed.com\/blog\/","name":"appointmed Blog","description":"Die unkomplizierte Praxissoftware","publisher":{"@id":"https:\/\/www.appointmed.com\/blog\/#organization"},"potentialAction":[{"@type":"SearchAction","target":{"@type":"EntryPoint","urlTemplate":"https:\/\/www.appointmed.com\/blog\/?s={search_term_string}"},"query-input":{"@type":"PropertyValueSpecification","valueRequired":true,"valueName":"search_term_string"}}],"inLanguage":"de"},{"@type":"Organization","@id":"https:\/\/www.appointmed.com\/blog\/#organization","name":"appointmed GmbH","url":"https:\/\/www.appointmed.com\/blog\/","logo":{"@type":"ImageObject","inLanguage":"de","@id":"https:\/\/www.appointmed.com\/blog\/#\/schema\/logo\/image\/","url":"https:\/\/www.appointmed.com\/blog\/wp-content\/uploads\/2019\/08\/appointmed-Logo-V2-cropped-transparent.png","contentUrl":"https:\/\/www.appointmed.com\/blog\/wp-content\/uploads\/2019\/08\/appointmed-Logo-V2-cropped-transparent.png","width":1200,"height":257,"caption":"appointmed GmbH"},"image":{"@id":"https:\/\/www.appointmed.com\/blog\/#\/schema\/logo\/image\/"},"sameAs":["https:\/\/www.facebook.com\/appointmed","https:\/\/x.com\/appointmed","https:\/\/www.instagram.com\/appointmed","https:\/\/de.linkedin.com\/company\/appointmed","https:\/\/www.youtube.com\/appointmed"]},{"@type":"Person","@id":"https:\/\/www.appointmed.com\/blog\/#\/schema\/person\/0358b1506a63696a3b01b9007944f951","name":"Patrik I.","image":{"@type":"ImageObject","inLanguage":"de","@id":"https:\/\/secure.gravatar.com\/avatar\/817489834becb8bc2a113317c2bd5f0a1200bfbbf48231fdfa50dafa4e82fbe0?s=96&d=mm&r=g","url":"https:\/\/secure.gravatar.com\/avatar\/817489834becb8bc2a113317c2bd5f0a1200bfbbf48231fdfa50dafa4e82fbe0?s=96&d=mm&r=g","contentUrl":"https:\/\/secure.gravatar.com\/avatar\/817489834becb8bc2a113317c2bd5f0a1200bfbbf48231fdfa50dafa4e82fbe0?s=96&d=mm&r=g","caption":"Patrik I."},"description":"Nachdem er an einer Vielzahl von internationalen Projekten mit Kunden wie Audi, The Ritz Carlton und Pfizer gearbeitet hat, \u00fcbernimmt Patrik die UI Konzeption und grafische Gestaltung von appointmed.","sameAs":["https:\/\/www.appointmed.com\/team"],"jobTitle":"CEO, Co-Founder","worksFor":"appointmed GmbH","url":"https:\/\/www.appointmed.com\/blog\/author\/patrik"}]}},"_links":{"self":[{"href":"https:\/\/www.appointmed.com\/blog\/wp-json\/wp\/v2\/posts\/1683","targetHints":{"allow":["GET"]}}],"collection":[{"href":"https:\/\/www.appointmed.com\/blog\/wp-json\/wp\/v2\/posts"}],"about":[{"href":"https:\/\/www.appointmed.com\/blog\/wp-json\/wp\/v2\/types\/post"}],"author":[{"embeddable":true,"href":"https:\/\/www.appointmed.com\/blog\/wp-json\/wp\/v2\/users\/3"}],"replies":[{"embeddable":true,"href":"https:\/\/www.appointmed.com\/blog\/wp-json\/wp\/v2\/comments?post=1683"}],"version-history":[{"count":0,"href":"https:\/\/www.appointmed.com\/blog\/wp-json\/wp\/v2\/posts\/1683\/revisions"}],"wp:featuredmedia":[{"embeddable":true,"href":"https:\/\/www.appointmed.com\/blog\/wp-json\/wp\/v2\/media\/3049"}],"wp:attachment":[{"href":"https:\/\/www.appointmed.com\/blog\/wp-json\/wp\/v2\/media?parent=1683"}],"wp:term":[{"taxonomy":"category","embeddable":true,"href":"https:\/\/www.appointmed.com\/blog\/wp-json\/wp\/v2\/categories?post=1683"},{"taxonomy":"post_tag","embeddable":true,"href":"https:\/\/www.appointmed.com\/blog\/wp-json\/wp\/v2\/tags?post=1683"}],"curies":[{"name":"wp","href":"https:\/\/api.w.org\/{rel}","templated":true}]}}