{"id":2929,"date":"2021-01-18T22:00:38","date_gmt":"2021-01-18T21:00:38","guid":{"rendered":"https:\/\/www.appointmed.com\/blog\/?p=2929"},"modified":"2025-09-30T14:06:53","modified_gmt":"2025-09-30T12:06:53","slug":"der-appointmed-jahresrueckblick-2020","status":"publish","type":"post","link":"https:\/\/www.appointmed.com\/blog\/der-appointmed-jahresrueckblick-2020","title":{"rendered":"Der appointmed Jahresr\u00fcckblick 2020"},"content":{"rendered":"\n<h2 class=\"wp-block-heading\" id=\"h-ein-jahr-in-dem-nicht-alles-war\">Ein Jahr, in dem nicht alles <img loading=\"lazy\" decoding=\"async\" width=\"25\" height=\"25\" class=\"alignnone wp-image-2932\" style=\"color: revert; font-size: revert; font-weight: revert; font-family: -apple-system, BlinkMacSystemFont, &quot;Segoe UI&quot;, Roboto, Oxygen-Sans, Ubuntu, Cantarell, &quot;Helvetica Neue&quot;, sans-serif;\" src=\"https:\/\/www.appointmed.com\/blog\/wp-content\/uploads\/2021\/01\/poop-emoji-150x150.png\" alt=\"Poop Emoji\" srcset=\"https:\/\/www.appointmed.com\/blog\/wp-content\/uploads\/2021\/01\/poop-emoji-150x150.png 150w, https:\/\/www.appointmed.com\/blog\/wp-content\/uploads\/2021\/01\/poop-emoji-350x350.png 350w, https:\/\/www.appointmed.com\/blog\/wp-content\/uploads\/2021\/01\/poop-emoji.png 640w\" sizes=\"auto, (max-width: 25px) 100vw, 25px\" \/>\u00a0war&#8230;<\/h2>\n\n\n<div class=\"wp-block-image wp-caption-text\">\n<figure class=\"alignright\"><a href=\"https:\/\/www.appointmed.com\/blog\/wp-content\/uploads\/2021\/01\/patrik-remote-office-suedafrika-kapstadt.jpg\"><img loading=\"lazy\" decoding=\"async\" width=\"350\" height=\"467\" src=\"https:\/\/www.appointmed.com\/blog\/wp-content\/uploads\/2021\/01\/patrik-remote-office-suedafrika-kapstadt-350x467.jpg\" alt=\"Patrik im Remote Office in S\u00fcd-Ost-Asien.\" class=\"wp-image-2941\" srcset=\"https:\/\/www.appointmed.com\/blog\/wp-content\/uploads\/2021\/01\/patrik-remote-office-suedafrika-kapstadt-350x467.jpg 350w, https:\/\/www.appointmed.com\/blog\/wp-content\/uploads\/2021\/01\/patrik-remote-office-suedafrika-kapstadt-770x1027.jpg 770w, https:\/\/www.appointmed.com\/blog\/wp-content\/uploads\/2021\/01\/patrik-remote-office-suedafrika-kapstadt-768x1024.jpg 768w, https:\/\/www.appointmed.com\/blog\/wp-content\/uploads\/2021\/01\/patrik-remote-office-suedafrika-kapstadt-1152x1536.jpg 1152w, https:\/\/www.appointmed.com\/blog\/wp-content\/uploads\/2021\/01\/patrik-remote-office-suedafrika-kapstadt.jpg 1500w\" sizes=\"auto, (max-width: 350px) 100vw, 350px\" \/><\/a><figcaption class=\"wp-element-caption\">Anfang 2020: Winter-Office in S\u00fcd-Ost-Asien.<\/figcaption><\/figure><\/div>\n\n\n<p>Wer h\u00e4tte am Anfang des vergangenen Jahres vorhergesehen, was 2020 auf uns alle zukommt? Ich selbst habe den Beginn der Pandemie bereits w\u00e4hrend meines Winteraufenthalts in S\u00fcd-Ost-Asien erlebt. Monate bevor die \u201cerste Welle\u201d Europa erreicht hat.<\/p>\n\n\n\n<p>Eine Maske zu tragen ist dort gl\u00fccklicherweise bereits Routine und wird auch bei harmlosen Erk\u00e4ltungen zum <strong>Schutz der Mitmenschen<\/strong> eingesetzt. Ein Bild, das wir in europ\u00e4ischen St\u00e4dten zwar kannten (&#8222;maskierte&#8220; asiatische Touristen), aber oft nicht so richtig verstanden wurde. Mit ein wenig Vorsicht im Alltag konnte ich einer Infektion vor Ort entgehen. Zwei Tage vor dem Start des ersten Lockdowns in \u00d6sterreich trat ich meine R\u00fcckreise an.<\/p>\n\n\n\n<h2 class=\"wp-block-heading\" id=\"h-der-ursprungliche-plan-fur-2020\">Der urspr\u00fcngliche Plan f\u00fcr 2020<\/h2>\n\n\n\n<p>Das Wachstum der letzten Jahre f\u00fchrte mittlerweile zu einem beachtlichen, administrativen Mehraufwand, wodurch die Produktentwicklung immer schleppender voran ging. Eigentlich haben wir uns daher Anfang 2020 vorgenommen, <strong>unsere internen Prozesse soweit wie m\u00f6glich zu automatisieren<\/strong>. Unn\u00f6tig gebundene Ressourcen sollten so wieder frei werden. Schlie\u00dflich wollten wir nicht den ganzen Tag Vertr\u00e4ge oder Rechnungen schreiben, sondern an unserem Produkt arbeiten! \u2014 <strong>Aber wie so oft, kommt es anders als man denkt&#8230;<\/strong><\/p>\n\n\n\n<h2 class=\"wp-block-heading\" id=\"h-schnell-und-unburokratisch-auf-die-neue-lage-reagieren\">Schnell und unb\u00fcrokratisch auf die neue Lage reagieren<\/h2>\n\n\n\n<p>F\u00fcr uns war von Anfang an klar, dass auch ein l\u00e4nger andauernder Lockdown, aus Unternehmenssicht zum Gl\u00fcck kein gro\u00dfes <em>internes<\/em> Problem darstellt. <strong>Das appointmed Team arbeitet ausschlie\u00dflich remote oder im Home-Office<\/strong> \u2013 egal, ob mit oder ohne Pandemie. So mussten wir, im Vergleich zu vielen anderen Unternehmen, nicht kurzfristig den ganzen Betrieb umstrukturieren.<\/p>\n\n\n\n<p>Wir hatten die Freiheit, uns voll und ganz auf schnelle Ma\u00dfnahmen zu konzentrieren, die unseren Kunden helfen w\u00fcrden, diese Ausnahmesituation m\u00f6glichst gut zu \u00fcberstehen. Der bis dato aktuelle Projektplan wurde selbstverst\u00e4ndlich <a href=\"https:\/\/www.appointmed.com\/blog\/2020\/04\/ein-jahr-entwicklung-support-bei-appointmed-coo-mario-habenbacher-im-interview\/\">\u00fcber den Haufen geworfen<\/a> (<img loading=\"lazy\" decoding=\"async\" class=\"alignnone wp-image-2933\" src=\"https:\/\/www.appointmed.com\/blog\/wp-content\/uploads\/2021\/01\/smiling-closed-eyes-emoji-150x150.png\" alt=\"Lachendes Emoji\" width=\"20\" height=\"20\" srcset=\"https:\/\/www.appointmed.com\/blog\/wp-content\/uploads\/2021\/01\/smiling-closed-eyes-emoji-150x150.png 150w, https:\/\/www.appointmed.com\/blog\/wp-content\/uploads\/2021\/01\/smiling-closed-eyes-emoji-350x350.png 350w, https:\/\/www.appointmed.com\/blog\/wp-content\/uploads\/2021\/01\/smiling-closed-eyes-emoji.png 640w\" sizes=\"auto, (max-width: 20px) 100vw, 20px\" \/>). Als erster Schritt wurden alle Ressourcen f\u00fcr die <strong>Implementierung der Videosprechstunde<\/strong> geb\u00fcndelt.<\/p>\n\n\n\n<figure class=\"wp-block-image\"><a href=\"https:\/\/www.appointmed.com\/blog\/wp-content\/uploads\/2020\/03\/videosprechstunde-therapeut-patient-appointmed.jpg\"><img loading=\"lazy\" decoding=\"async\" width=\"770\" height=\"364\" src=\"https:\/\/www.appointmed.com\/blog\/wp-content\/uploads\/2020\/03\/videosprechstunde-therapeut-patient-appointmed-770x364.jpg\" alt=\"Videosprechstunde f\u00fcr TherapeutInnen und PatientInnen mit appointmed\" class=\"wp-image-2570\" srcset=\"https:\/\/www.appointmed.com\/blog\/wp-content\/uploads\/2020\/03\/videosprechstunde-therapeut-patient-appointmed-770x364.jpg 770w, https:\/\/www.appointmed.com\/blog\/wp-content\/uploads\/2020\/03\/videosprechstunde-therapeut-patient-appointmed-350x166.jpg 350w, https:\/\/www.appointmed.com\/blog\/wp-content\/uploads\/2020\/03\/videosprechstunde-therapeut-patient-appointmed-768x364.jpg 768w, https:\/\/www.appointmed.com\/blog\/wp-content\/uploads\/2020\/03\/videosprechstunde-therapeut-patient-appointmed.jpg 1500w\" sizes=\"auto, (max-width: 770px) 100vw, 770px\" \/><\/a><\/figure>\n\n\n\n<h3 class=\"wp-block-heading\" id=\"h-in-96-stunden-von-null-zur-fertigen-videosprechstunde\">In 96 Stunden von Null zur fertigen Videosprechstunde<\/h3>\n\n\n\n<p>Zugegeben, das Konzept einer <a href=\"https:\/\/www.appointmed.com\/video-sprechstunde\" target=\"_blank\" rel=\"noopener noreferrer\">Videosprechstunde<\/a> gab es intern schon eine ganze Weile. Es war allen im Team klar, dass wir hier in relativ kurzer Zeit einen gro\u00dfen Beitrag zur Linderung der Folgen des Lockdowns und den damit verbundenen Praxisschlie\u00dfungen leisten k\u00f6nnen. So wurde das Konzept finalisiert und <strong>nach nur 4 Tagen stand die Funktion f\u00fcr alle Kunden kostenlos zur Verf\u00fcgung<\/strong>. In den darauf folgenden 7 Tagen wurden bereits <strong>\u00fcber 2.000 Videosprechstunden<\/strong> in appointmed abgehalten.<\/p>\n\n\n\n<p>Ein eigener <a href=\"https:\/\/mailchi.mp\/87d78654dd22\/appointmed-updates-kw1220-covid19?e=%5BUNIQID%5D\" target=\"_blank\" rel=\"noopener noreferrer\">Newsletter<\/a> sowie ein Blog Artikel, \u00fcber unsere Erfahrungen und Tipps zum Thema &#8222;<a href=\"https:\/\/www.appointmed.com\/blog\/2020\/03\/heimarbeit-wegen-coronavirus-covid-19-fuer-therapeuten-ueberhaupt-moeglich\/\" target=\"_blank\" rel=\"noopener noreferrer\">Arbeiten im Home Office<\/a>&#8222;, waren zus\u00e4tzliche Bestandteile unserer Info Kampagne.<\/p>\n\n\n\n<h3 class=\"wp-block-heading\" id=\"h-zahlungserleichterungen\">Zahlungserleichterungen<\/h3>\n\n\n\n<p>Aufgrund von unterschiedlichen Auflagen, schafften wir mit unseren Ma\u00dfnahmen eine Entlastung f\u00fcr viele Berufsgruppen. Aber nicht alle konnten ihre Patienten mittels Videosprechstunde betreuen. So haben wir uns zus\u00e4tzlich entschieden, ausstehende Rechnungen zu stunden und die Zahlungsziele flexibler bzw. gro\u00dfz\u00fcgiger zu gestalten.<\/p>\n\n\n\n<p>Dabei war es aus Unternehmenssicht nat\u00fcrlich wichtig, eine Balance zwischen der Unterst\u00fctzung f\u00fcr betroffenen Kunden und unserem eigenen Cashflow zu finden. Unterm Strich konnten wir in jedem einzelnen Fall eine zufriedenstellend L\u00f6sungen finden.<\/p>\n\n\n\n<blockquote class=\"wp-block-quote is-layout-flow wp-block-quote-is-layout-flow\">\n<p>&#8222;Wir sind stolz darauf, in dieser Zeit keinen einzigen Kunden verloren zu haben.&#8220;<\/p>\n<\/blockquote>\n\n\n\n<h2 class=\"wp-block-heading\" id=\"h-aufatmen-und-zuruck-zur-automatisierung\">Aufatmen und zur\u00fcck zur Automatisierung<\/h2>\n\n\n\n<p>Nachdem wir diese erste H\u00fcrde gemeistert hatten, ging auch der erste Lockdown in \u00d6sterreich zu Ende. Die Erleichterung unserer Kunden war f\u00fcr uns im Support und bei Gespr\u00e4chen deutlich zu sp\u00fcren. So widmeten wir uns endlich wieder dem eigentlichen Plan, unser Unternehmen effizienter zu machen.<\/p>\n\n\n\n<p>Unter anderem konnten wir im Sommer unsere Infrastruktur weiter verbessern und administrative Abl\u00e4ufe, wie zB einen vollst\u00e4ndigen Datenexport oder den Umzug einzelner Benutzer von einem Account in den anderen automatisieren. Vor allem letzteres erforderte bis dahin sehr viel Zeit, die unseren Entwicklern bei der Implementierung neuer Funktionen fehlte.<\/p>\n\n\n\n<figure class=\"wp-block-image\"><a href=\"https:\/\/www.appointmed.com\/blog\/wp-content\/uploads\/2020\/12\/appointmed-abo-verwaltung.png\"><img loading=\"lazy\" decoding=\"async\" width=\"770\" height=\"509\" src=\"https:\/\/www.appointmed.com\/blog\/wp-content\/uploads\/2020\/12\/appointmed-abo-verwaltung-770x509.png\" alt=\"appointmed Aboverwaltung\" class=\"wp-image-2881\" srcset=\"https:\/\/www.appointmed.com\/blog\/wp-content\/uploads\/2020\/12\/appointmed-abo-verwaltung-770x509.png 770w, https:\/\/www.appointmed.com\/blog\/wp-content\/uploads\/2020\/12\/appointmed-abo-verwaltung-350x231.png 350w, https:\/\/www.appointmed.com\/blog\/wp-content\/uploads\/2020\/12\/appointmed-abo-verwaltung-768x508.png 768w, https:\/\/www.appointmed.com\/blog\/wp-content\/uploads\/2020\/12\/appointmed-abo-verwaltung.png 1280w\" sizes=\"auto, (max-width: 770px) 100vw, 770px\" \/><\/a><\/figure>\n\n\n\n<p>Der \u2013 mit Abstand \u2013 gr\u00f6\u00dfte Brocken war allerdings die <strong>Anbindung eines Zahlungsdienstleisters<\/strong>. Dieses Projekt hat mehrere Monate der Entwicklung in Anspruch genommen, bis nun seit 01.12.2020 alle neuen Kunden ihre <a href=\"https:\/\/www.appointmed.com\/blog\/2020\/12\/updates-vom-1-dezember-2020\/\" target=\"_blank\" rel=\"noopener noreferrer\">Abos selbstst\u00e4ndig abschlie\u00dfen und verwalten<\/a> k\u00f6nnen.<\/p>\n\n\n\n<p>Im Laufe des neuen Jahres werden wir auch alle anderen Kunden sukzessive auf diese neue <a href=\"https:\/\/intercom.help\/appointmed\/de\/collections\/2596999-aboverwaltung\" target=\"_blank\" rel=\"noopener noreferrer\">Aboverwaltung<\/a> umstellen k\u00f6nnen. Dadurch entsteht f\u00fcr Gruppenpraxen auch die M\u00f6glichkeit, neue Mitarbeiter ohne unser Zutun hinzuzuf\u00fcgen und damit flexibel auf \u00c4nderungen im Team zu reagieren.<\/p>\n\n\n\n<h2 class=\"wp-block-heading\" id=\"h-anderungen-im-appointmed-team-gekommen-um-zu-bleiben\">\u00c4nderungen im appointmed Team: Gekommen um zu bleiben!<\/h2>\n\n\n\n<p>Auch personell hat sich in diesem Jahr f\u00fcr uns einiges zum Positiven entwickelt. <strong>Olga<\/strong>, die \u2013 wie damals auch Paul \u2013 \u00fcber ein Praktikum ihren Weg ins Unternehmen gefunden hatte, ist uns nach dem Ende ihres Studiums, als vollwertiges Mitglied unseres kleinen Teams erhalten geblieben. Zus\u00e4tzlich zur Betreuung der Social Media Kan\u00e4le, k\u00fcmmert sie sich nun vermehrt um Support-Aufgaben und hat auch unsere beliebte Interviewreihe \u201c<a href=\"https:\/\/www.appointmed.com\/blog\/section\/blog\/appointmeet\/\" target=\"_blank\" rel=\"noopener noreferrer\">appointMeet<\/a>\u201d federf\u00fchrend \u00fcbernommen.<\/p>\n\n\n\n<p>Apropos <strong>Paul<\/strong>: Auch bei ihm hat sich in diesem Jahr so einiges getan und er hat im Herbst seinen Lebensmittelpunkt nach M\u00fcnchen verlegt. Aufgrund unserer dezentralen Arbeitsweise musste er sich dadurch keinen neuen Job suchen. Er konnte nach dem Umzug einfach dort weiterarbeiten, wo er in Wien den Stift niedergelegt hatte.<\/p>\n\n\n\n<p>Dass die Gelegenheit zur &#8222;beruflichen Neuorientierung&#8220; (sprich: K\u00fcndigung) von Olga und Paul ausgeschlagen wurde, freut mich in meiner Rolle als &#8222;Chef&#8220; nat\u00fcrlich besonders. Es zeigt, dass die Chemie stimmt und die <strong>F\u00f6rderung individueller Flexibilit\u00e4t<\/strong> nach wie vor einer der wichtigsten Eckpfeiler unserer Unternehmenskultur ist.<\/p>\n\n\n<div class=\"wp-block-image wp-caption-text\">\n<figure class=\"alignright\"><a href=\"https:\/\/www.appointmed.com\/blog\/wp-content\/uploads\/2021\/01\/zhan-appointmed.jpg\"><img loading=\"lazy\" decoding=\"async\" width=\"321\" height=\"355\" src=\"https:\/\/www.appointmed.com\/blog\/wp-content\/uploads\/2021\/01\/zhan-appointmed.jpg\" alt=\"Zhan verst\u00e4rkt das appointmed Team\" class=\"wp-image-2937\"\/><\/a><figcaption class=\"wp-element-caption\">Zhan verst\u00e4rkt seit heuer das appointmed Team.<\/figcaption><\/figure><\/div>\n\n\n<p>Auch einen Neuzugang konnten wir 2020 verbuchen: <strong>Zhan<\/strong> unterst\u00fctzt uns seit Herbst bei der Automatisierung und Verbesserung unserer Infrastruktur. Er stellt ausserdem sicher, dass die Code-Qualit\u00e4t in appointmed weiter zunimmt. Das besondere daran ist allerdings nicht unbedingt sein Aufgabenbereich, sondern die Tatsache, dass Zhan uns von seinem <strong>B\u00fcro in Kazachstan<\/strong> aus unterst\u00fctzt. Hier zeigt sich ein weiterer Vorteil der Ortsunabh\u00e4ngigkeit: Wir sind bei der Suche nach Spezialisten nicht auf den lokalen Arbeitsmarkt begrenzt. Das ist besonders f\u00fcr diese hochspezialisierte Rolle eine nicht zu untersch\u00e4tzende Herausforderung! Auch wenn der initiale, organisatorische Aufwand und die rechtlichen H\u00fcrden um einiges h\u00f6her waren, hat sich dieser Mehraufwand bereits jetzt f\u00fcr uns gelohnt. Wir freuen uns darauf, Zhan bei unserer n\u00e4chsten <a href=\"https:\/\/www.appointmed.com\/blog\/2019\/05\/das-appointmed-team-auf-workation\/\" target=\"_blank\" rel=\"noopener noreferrer\">Workation<\/a> auch pers\u00f6nlich kennenzulernen und gemeinsam Zeit zu verbringen!<\/p>\n\n\n\n<h2 class=\"wp-block-heading\" id=\"h-kundenfeedback\">Kundenfeedback <img loading=\"lazy\" decoding=\"async\" width=\"30\" height=\"30\" class=\"alignnone wp-image-2934\" style=\"color: revert; font-size: revert; font-weight: revert; font-family: -apple-system, BlinkMacSystemFont, &quot;Segoe UI&quot;, Roboto, Oxygen-Sans, Ubuntu, Cantarell, &quot;Helvetica Neue&quot;, sans-serif;\" src=\"https:\/\/www.appointmed.com\/blog\/wp-content\/uploads\/2021\/01\/heart-eyes-emoji-150x150.png\" alt=\"Emoji mit Herzchenaugen\" srcset=\"https:\/\/www.appointmed.com\/blog\/wp-content\/uploads\/2021\/01\/heart-eyes-emoji-150x150.png 150w, https:\/\/www.appointmed.com\/blog\/wp-content\/uploads\/2021\/01\/heart-eyes-emoji-350x350.png 350w, https:\/\/www.appointmed.com\/blog\/wp-content\/uploads\/2021\/01\/heart-eyes-emoji.png 640w\" sizes=\"auto, (max-width: 30px) 100vw, 30px\" \/><\/h2>\n\n\n\n<p>Neben allen \u00dcberraschungen, die das Jahr 2020 mit sich gebracht hat, haben wir uns umso mehr \u00fcber das zahlreiche, positive Feedback unserer Kunden gefreut!<\/p>\n\n\n\n<figure class=\"wp-block-image\"><a href=\"https:\/\/www.appointmed.com\/blog\/wp-content\/uploads\/2021\/01\/appointmed-kundenfeedback-2020.png\"><img loading=\"lazy\" decoding=\"async\" width=\"770\" height=\"188\" src=\"https:\/\/www.appointmed.com\/blog\/wp-content\/uploads\/2021\/01\/appointmed-kundenfeedback-2020-770x188.png\" alt=\"appointmed Kundenfeedback\" class=\"wp-image-2939\" srcset=\"https:\/\/www.appointmed.com\/blog\/wp-content\/uploads\/2021\/01\/appointmed-kundenfeedback-2020-770x188.png 770w, https:\/\/www.appointmed.com\/blog\/wp-content\/uploads\/2021\/01\/appointmed-kundenfeedback-2020-350x85.png 350w, https:\/\/www.appointmed.com\/blog\/wp-content\/uploads\/2021\/01\/appointmed-kundenfeedback-2020-768x187.png 768w, https:\/\/www.appointmed.com\/blog\/wp-content\/uploads\/2021\/01\/appointmed-kundenfeedback-2020-1536x374.png 1536w, https:\/\/www.appointmed.com\/blog\/wp-content\/uploads\/2021\/01\/appointmed-kundenfeedback-2020-2048x499.png 2048w\" sizes=\"auto, (max-width: 770px) 100vw, 770px\" \/><\/a><\/figure>\n\n\n\n<p>Darauf aufbauend, haben wir beschlossen, unsere zuk\u00fcnftige Werbestrategie und die Markenkommunikation grundlegend zu \u00e4ndern.<\/p>\n\n\n\n<figure class=\"wp-block-image\"><a href=\"https:\/\/www.appointmed.com\/blog\/wp-content\/uploads\/2021\/01\/appointmed-website-2021.png\"><img loading=\"lazy\" decoding=\"async\" width=\"770\" height=\"669\" src=\"https:\/\/www.appointmed.com\/blog\/wp-content\/uploads\/2021\/01\/appointmed-website-2021-770x669.png\" alt=\"Die neue appointmed Website\" class=\"wp-image-2940\" srcset=\"https:\/\/www.appointmed.com\/blog\/wp-content\/uploads\/2021\/01\/appointmed-website-2021-770x669.png 770w, https:\/\/www.appointmed.com\/blog\/wp-content\/uploads\/2021\/01\/appointmed-website-2021-350x304.png 350w, https:\/\/www.appointmed.com\/blog\/wp-content\/uploads\/2021\/01\/appointmed-website-2021-768x667.png 768w, https:\/\/www.appointmed.com\/blog\/wp-content\/uploads\/2021\/01\/appointmed-website-2021-1536x1334.png 1536w, https:\/\/www.appointmed.com\/blog\/wp-content\/uploads\/2021\/01\/appointmed-website-2021.png 1923w\" sizes=\"auto, (max-width: 770px) 100vw, 770px\" \/><\/a><\/figure>\n\n\n\n<p>Als erste Ma\u00dfnahme ist unsere <strong>neue Website<\/strong> bereits seit einiger Zeit in Arbeit und steht kurz vor der Fertigstellung. F\u00fcr aufmerksame <a href=\"https:\/\/www.instagram.com\/appointmed\/\" target=\"_blank\" rel=\"noopener noreferrer\">Instagram Follower<\/a> gab es auch schon den ein oder anderen Teaser davon in unseren Stories zu finden <img loading=\"lazy\" decoding=\"async\" class=\"alignnone wp-image-2935\" src=\"https:\/\/www.appointmed.com\/blog\/wp-content\/uploads\/2021\/01\/wink-emoji-150x150.png\" alt=\"Zwinkerndes Emoji\" width=\"20\" height=\"20\" srcset=\"https:\/\/www.appointmed.com\/blog\/wp-content\/uploads\/2021\/01\/wink-emoji-150x150.png 150w, https:\/\/www.appointmed.com\/blog\/wp-content\/uploads\/2021\/01\/wink-emoji-350x350.png 350w, https:\/\/www.appointmed.com\/blog\/wp-content\/uploads\/2021\/01\/wink-emoji.png 640w\" sizes=\"auto, (max-width: 20px) 100vw, 20px\" \/>.<\/p>\n\n\n\n<h2 class=\"wp-block-heading\" id=\"h-die-wichtigsten-neuerung-aus-dem-vergangenen-jahr\">Die wichtigsten Neuerung aus dem vergangenen Jahr<\/h2>\n\n\n\n<p>Trotz der zahlreichen Plan\u00e4nderungen, gab es nat\u00fcrlich auch die ein oder andere <strong>neue oder g\u00e4nzlich \u00fcberarbeitet Funktion<\/strong>.<\/p>\n\n\n\n<ul class=\"wp-block-list\">\n<li><a href=\"https:\/\/www.appointmed.com\/blog\/2020\/12\/updates-vom-1-dezember-2020\/\" target=\"_blank\" rel=\"noopener noreferrer\">Aboverwaltung &amp; automatische Zahlung<\/a><\/li>\n\n\n\n<li><a href=\"https:\/\/www.appointmed.com\/blog\/2020\/07\/updates-vom-23-juli-2020\/\" target=\"_blank\" rel=\"noopener noreferrer\">Neue Version der Filter bei Rechnungen und Belegen<\/a><\/li>\n\n\n\n<li><a href=\"https:\/\/www.appointmed.com\/blog\/2020\/05\/updates-vom-26-mai-2020\/\" target=\"_blank\" rel=\"noopener noreferrer\">Verbesserte Raster- und neue Listenansicht von Dateien in der Patientenakte<\/a><\/li>\n\n\n\n<li><a href=\"https:\/\/www.appointmed.com\/blog\/2020\/04\/updates-vom-21-april-2020\/\" target=\"_blank\" rel=\"noopener noreferrer\">Die appointmed App f\u00fcr Android<\/a><\/li>\n\n\n\n<li><a href=\"https:\/\/www.appointmed.com\/blog\/2020\/02\/updates-vom-25-februar-2020\/\" target=\"_blank\" rel=\"noopener noreferrer\">Die neue Version der Bodycharts<\/a><\/li>\n<\/ul>\n\n\n\n<figure class=\"wp-block-image alignnone wp-caption-text\"><a href=\"https:\/\/www.appointmed.com\/blog\/wp-content\/uploads\/2020\/06\/appointmed-bodycharts-ipad-pro-apple-pencil-1.jpg\"><img loading=\"lazy\" decoding=\"async\" width=\"770\" height=\"578\" src=\"https:\/\/www.appointmed.com\/blog\/wp-content\/uploads\/2020\/06\/appointmed-bodycharts-ipad-pro-apple-pencil-1-770x578.jpg\" alt=\"appointmed Bodycharts am iPad Pro mit Apple Pencil\" class=\"wp-image-2730\" srcset=\"https:\/\/www.appointmed.com\/blog\/wp-content\/uploads\/2020\/06\/appointmed-bodycharts-ipad-pro-apple-pencil-1-770x578.jpg 770w, https:\/\/www.appointmed.com\/blog\/wp-content\/uploads\/2020\/06\/appointmed-bodycharts-ipad-pro-apple-pencil-1-350x263.jpg 350w, https:\/\/www.appointmed.com\/blog\/wp-content\/uploads\/2020\/06\/appointmed-bodycharts-ipad-pro-apple-pencil-1-768x576.jpg 768w, https:\/\/www.appointmed.com\/blog\/wp-content\/uploads\/2020\/06\/appointmed-bodycharts-ipad-pro-apple-pencil-1-1536x1152.jpg 1536w, https:\/\/www.appointmed.com\/blog\/wp-content\/uploads\/2020\/06\/appointmed-bodycharts-ipad-pro-apple-pencil-1.jpg 2000w\" sizes=\"auto, (max-width: 770px) 100vw, 770px\" \/><\/a><figcaption class=\"wp-element-caption\">Das iPad Pro mit Apple Pencil erm\u00f6glicht Perfektes Arbeiten mit den neuen, interaktiven Bodycharts<\/figcaption><\/figure>\n\n\n\n<hr class=\"wp-block-separator has-alpha-channel-opacity\"\/>\n\n\n\n<h2 class=\"wp-block-heading\" id=\"h-was-2021-bringen-wird\">Was 2021 bringen wird<\/h2>\n\n\n\n<p>Auch nach 5 Jahren \u2013 die appointmed GmbH wurde offiziell am 11.01.2016 gegr\u00fcndet \u2013 sind wir <strong>noch lange nicht am Ende unserer Reise<\/strong>. Ganz im Gegenteil: Die gr\u00f6\u00dfte Herausforderung in der Produktentwicklung ist es, die richtigen Priorit\u00e4ten zu setzen und uns nicht im Eifer nach immer neuen, &#8222;coolen&#8220; Features zu verlieren.<\/p>\n\n\n\n<p>Es gibt unz\u00e4hlige (genau genommen sind es aktuell \u00fcber 50) Ideen, die wir in Zukunft gerne umsetzen w\u00fcrden. Iterative Verbesserungen, W\u00fcnsche unserer Kunden aber auch komplett neue L\u00f6sungsans\u00e4tze, f\u00fcr schon lange bestehende Probleme im Gesundheitsbereich, finden sich unter unseren &#8222;Options&#8220;.<\/p>\n\n\n\n<figure class=\"wp-block-image alignnone wp-caption-text\"><a href=\"https:\/\/www.appointmed.com\/blog\/wp-content\/uploads\/2021\/01\/appointmed-produktplanung-options.png\"><img loading=\"lazy\" decoding=\"async\" width=\"770\" height=\"463\" src=\"https:\/\/www.appointmed.com\/blog\/wp-content\/uploads\/2021\/01\/appointmed-produktplanung-options-770x463.png\" alt=\"&quot;Options&quot; in der Produktplanung\" class=\"wp-image-2938\" srcset=\"https:\/\/www.appointmed.com\/blog\/wp-content\/uploads\/2021\/01\/appointmed-produktplanung-options-770x463.png 770w, https:\/\/www.appointmed.com\/blog\/wp-content\/uploads\/2021\/01\/appointmed-produktplanung-options-350x211.png 350w, https:\/\/www.appointmed.com\/blog\/wp-content\/uploads\/2021\/01\/appointmed-produktplanung-options-768x462.png 768w, https:\/\/www.appointmed.com\/blog\/wp-content\/uploads\/2021\/01\/appointmed-produktplanung-options-1536x925.png 1536w, https:\/\/www.appointmed.com\/blog\/wp-content\/uploads\/2021\/01\/appointmed-produktplanung-options-2048x1233.png 2048w\" sizes=\"auto, (max-width: 770px) 100vw, 770px\" \/><\/a><figcaption class=\"wp-element-caption\">&#8222;Options&#8220; in der Produktplanung<\/figcaption><\/figure>\n\n\n\n<p>Aber auch hier bleiben wir unserer Linie treu: Es gibt keinen konkreten Zeitplan, sondern nur eine grobe Reihenfolge in der wir die Dinge anpacken werden. Es empfiehlt sich also, unsere <a href=\"https:\/\/www.appointmed.com\/blog\/section\/changelog\/\" target=\"_blank\" rel=\"noopener noreferrer\">Software-Updates<\/a> im Auge zu behalten.<\/p>\n\n\n\n<h2 class=\"wp-block-heading\" id=\"h-mein-personliches-fazit\">Mein pers\u00f6nliches Fazit<\/h2>\n\n\n\n<p>2020 wird uns allen mit Sicherheit lange in Erinnerung bleiben. Zugegebenerma\u00dfen bin ich aber durchaus stolz, dass unser Unternehmen dieses <strong>krisenreiche Jahr unbeschadet \u00fcberstanden<\/strong> hat und wir sogar das Wachstum weiter beschleunigen konnten.<\/p>\n\n\n\n<p>Die F\u00fclle an positivem Feedback unserer Kunden, zu den gesetzten Ma\u00dfnahmen, unserem Kundensupport und der Produktentwicklung, ist f\u00fcr mich \u2013 und das gesamte Team \u2013 eine unglaubliche Motivation.<\/p>\n\n\n\n<p><strong>Wir sind mit dem selben Elan ins neue Jahr gestartet und werden appointmed weiter f\u00fcr euch verbessern und auch erweitern.<\/strong><\/p>\n","protected":false},"excerpt":{"rendered":"<p>Wer h\u00e4tte am Anfang des vergangenen Jahres vorhergesehen, was 2020 auf uns alle zukommt? Was w\u00e4re 2020 bei appointmed eigentlich geplant gewesen und mit welchen Funktionen haben wir unseren Kunden in der Krise geholfen? Wir blicken zur\u00fcck auf zw\u00f6lf herausfordernde und zugleich erfolgreiche Monate.<\/p>\n","protected":false},"author":3,"featured_media":2942,"comment_status":"closed","ping_status":"closed","sticky":false,"template":"","format":"standard","meta":{"_acf_changed":false,"footnotes":""},"categories":[2,6],"tags":[],"class_list":["post-2929","post","type-post","status-publish","format-standard","has-post-thumbnail","hentry","category-blog","category-the-company"],"acf":[],"yoast_head":"<!-- This site is optimized with the Yoast SEO Premium plugin v27.5 (Yoast SEO v27.5) - https:\/\/yoast.com\/product\/yoast-seo-premium-wordpress\/ -->\n<title>Der appointmed Jahresr\u00fcckblick 2020: Herausforderungen &amp; Erfolge<\/title>\n<meta name=\"description\" content=\"Was w\u00e4re 2020 eigentlch geplant gewesen und mit welchen Funktionen haben wir unseren Kunden durch die Krise geholfen?\" \/>\n<meta name=\"robots\" content=\"index, follow, max-snippet:-1, max-image-preview:large, max-video-preview:-1\" \/>\n<link rel=\"canonical\" href=\"https:\/\/www.appointmed.com\/blog\/der-appointmed-jahresrueckblick-2020\" \/>\n<meta property=\"og:locale\" content=\"de_DE\" \/>\n<meta property=\"og:type\" content=\"article\" \/>\n<meta property=\"og:title\" content=\"Der appointmed Jahresr\u00fcckblick 2020\" \/>\n<meta property=\"og:description\" content=\"Wer h\u00e4tte am Anfang des vergangenen Jahres vorhergesehen, was 2020 auf uns alle zukommt? Was w\u00e4re 2020 bei appointmed eigentlich geplant gewesen und mit welchen Funktionen haben wir unseren Kunden in der Krise geholfen? Wir blicken zur\u00fcck auf zw\u00f6lf herausfordernde und zugleich erfolgreiche Monate.\" \/>\n<meta property=\"og:url\" content=\"https:\/\/www.appointmed.com\/blog\/der-appointmed-jahresrueckblick-2020\" \/>\n<meta property=\"og:site_name\" content=\"appointmed Blog\" \/>\n<meta property=\"article:publisher\" content=\"https:\/\/www.facebook.com\/appointmed\" \/>\n<meta property=\"article:published_time\" content=\"2021-01-18T21:00:38+00:00\" \/>\n<meta property=\"article:modified_time\" content=\"2025-09-30T12:06:53+00:00\" \/>\n<meta property=\"og:image\" content=\"https:\/\/www.appointmed.com\/blog\/wp-content\/uploads\/2021\/01\/2020.jpg\" \/>\n\t<meta property=\"og:image:width\" content=\"1540\" \/>\n\t<meta property=\"og:image:height\" content=\"570\" \/>\n\t<meta property=\"og:image:type\" content=\"image\/jpeg\" \/>\n<meta name=\"author\" content=\"Patrik I.\" \/>\n<meta name=\"twitter:card\" content=\"summary_large_image\" \/>\n<meta name=\"twitter:creator\" content=\"@appointmed\" \/>\n<meta name=\"twitter:site\" content=\"@appointmed\" \/>\n<script type=\"application\/ld+json\" class=\"yoast-schema-graph\">{\"@context\":\"https:\\\/\\\/schema.org\",\"@graph\":[{\"@type\":\"Article\",\"@id\":\"https:\\\/\\\/www.appointmed.com\\\/blog\\\/der-appointmed-jahresrueckblick-2020#article\",\"isPartOf\":{\"@id\":\"https:\\\/\\\/www.appointmed.com\\\/blog\\\/der-appointmed-jahresrueckblick-2020\"},\"author\":{\"name\":\"Patrik I.\",\"@id\":\"https:\\\/\\\/www.appointmed.com\\\/blog\\\/#\\\/schema\\\/person\\\/0358b1506a63696a3b01b9007944f951\"},\"headline\":\"Der appointmed Jahresr\u00fcckblick 2020\",\"datePublished\":\"2021-01-18T21:00:38+00:00\",\"dateModified\":\"2025-09-30T12:06:53+00:00\",\"mainEntityOfPage\":{\"@id\":\"https:\\\/\\\/www.appointmed.com\\\/blog\\\/der-appointmed-jahresrueckblick-2020\"},\"wordCount\":1417,\"publisher\":{\"@id\":\"https:\\\/\\\/www.appointmed.com\\\/blog\\\/#organization\"},\"image\":{\"@id\":\"https:\\\/\\\/www.appointmed.com\\\/blog\\\/der-appointmed-jahresrueckblick-2020#primaryimage\"},\"thumbnailUrl\":\"https:\\\/\\\/www.appointmed.com\\\/blog\\\/wp-content\\\/uploads\\\/2021\\\/01\\\/2020.jpg\",\"articleSection\":[\"Blog\",\"\u00dcber appointmed\"],\"inLanguage\":\"de\"},{\"@type\":\"WebPage\",\"@id\":\"https:\\\/\\\/www.appointmed.com\\\/blog\\\/der-appointmed-jahresrueckblick-2020\",\"url\":\"https:\\\/\\\/www.appointmed.com\\\/blog\\\/der-appointmed-jahresrueckblick-2020\",\"name\":\"Der appointmed Jahresr\u00fcckblick 2020: Herausforderungen & Erfolge\",\"isPartOf\":{\"@id\":\"https:\\\/\\\/www.appointmed.com\\\/blog\\\/#website\"},\"primaryImageOfPage\":{\"@id\":\"https:\\\/\\\/www.appointmed.com\\\/blog\\\/der-appointmed-jahresrueckblick-2020#primaryimage\"},\"image\":{\"@id\":\"https:\\\/\\\/www.appointmed.com\\\/blog\\\/der-appointmed-jahresrueckblick-2020#primaryimage\"},\"thumbnailUrl\":\"https:\\\/\\\/www.appointmed.com\\\/blog\\\/wp-content\\\/uploads\\\/2021\\\/01\\\/2020.jpg\",\"datePublished\":\"2021-01-18T21:00:38+00:00\",\"dateModified\":\"2025-09-30T12:06:53+00:00\",\"description\":\"Was w\u00e4re 2020 eigentlch geplant gewesen und mit welchen Funktionen haben wir unseren Kunden durch die Krise geholfen?\",\"breadcrumb\":{\"@id\":\"https:\\\/\\\/www.appointmed.com\\\/blog\\\/der-appointmed-jahresrueckblick-2020#breadcrumb\"},\"inLanguage\":\"de\",\"potentialAction\":[{\"@type\":\"ReadAction\",\"target\":[\"https:\\\/\\\/www.appointmed.com\\\/blog\\\/der-appointmed-jahresrueckblick-2020\"]}]},{\"@type\":\"ImageObject\",\"inLanguage\":\"de\",\"@id\":\"https:\\\/\\\/www.appointmed.com\\\/blog\\\/der-appointmed-jahresrueckblick-2020#primaryimage\",\"url\":\"https:\\\/\\\/www.appointmed.com\\\/blog\\\/wp-content\\\/uploads\\\/2021\\\/01\\\/2020.jpg\",\"contentUrl\":\"https:\\\/\\\/www.appointmed.com\\\/blog\\\/wp-content\\\/uploads\\\/2021\\\/01\\\/2020.jpg\",\"width\":1540,\"height\":570,\"caption\":\"Team Event in der Black Llite Arena im J\u00e4nner 2020.\"},{\"@type\":\"BreadcrumbList\",\"@id\":\"https:\\\/\\\/www.appointmed.com\\\/blog\\\/der-appointmed-jahresrueckblick-2020#breadcrumb\",\"itemListElement\":[{\"@type\":\"ListItem\",\"position\":1,\"name\":\"Startseite\",\"item\":\"https:\\\/\\\/www.appointmed.com\\\/blog\\\/\"},{\"@type\":\"ListItem\",\"position\":2,\"name\":\"Der appointmed Jahresr\u00fcckblick 2020\"}]},{\"@type\":\"WebSite\",\"@id\":\"https:\\\/\\\/www.appointmed.com\\\/blog\\\/#website\",\"url\":\"https:\\\/\\\/www.appointmed.com\\\/blog\\\/\",\"name\":\"appointmed Blog\",\"description\":\"Die unkomplizierte Praxissoftware\",\"publisher\":{\"@id\":\"https:\\\/\\\/www.appointmed.com\\\/blog\\\/#organization\"},\"potentialAction\":[{\"@type\":\"SearchAction\",\"target\":{\"@type\":\"EntryPoint\",\"urlTemplate\":\"https:\\\/\\\/www.appointmed.com\\\/blog\\\/?s={search_term_string}\"},\"query-input\":{\"@type\":\"PropertyValueSpecification\",\"valueRequired\":true,\"valueName\":\"search_term_string\"}}],\"inLanguage\":\"de\"},{\"@type\":\"Organization\",\"@id\":\"https:\\\/\\\/www.appointmed.com\\\/blog\\\/#organization\",\"name\":\"appointmed GmbH\",\"url\":\"https:\\\/\\\/www.appointmed.com\\\/blog\\\/\",\"logo\":{\"@type\":\"ImageObject\",\"inLanguage\":\"de\",\"@id\":\"https:\\\/\\\/www.appointmed.com\\\/blog\\\/#\\\/schema\\\/logo\\\/image\\\/\",\"url\":\"https:\\\/\\\/www.appointmed.com\\\/blog\\\/wp-content\\\/uploads\\\/2019\\\/08\\\/appointmed-Logo-V2-cropped-transparent.png\",\"contentUrl\":\"https:\\\/\\\/www.appointmed.com\\\/blog\\\/wp-content\\\/uploads\\\/2019\\\/08\\\/appointmed-Logo-V2-cropped-transparent.png\",\"width\":1200,\"height\":257,\"caption\":\"appointmed GmbH\"},\"image\":{\"@id\":\"https:\\\/\\\/www.appointmed.com\\\/blog\\\/#\\\/schema\\\/logo\\\/image\\\/\"},\"sameAs\":[\"https:\\\/\\\/www.facebook.com\\\/appointmed\",\"https:\\\/\\\/x.com\\\/appointmed\",\"https:\\\/\\\/www.instagram.com\\\/appointmed\",\"https:\\\/\\\/de.linkedin.com\\\/company\\\/appointmed\",\"https:\\\/\\\/www.youtube.com\\\/appointmed\"]},{\"@type\":\"Person\",\"@id\":\"https:\\\/\\\/www.appointmed.com\\\/blog\\\/#\\\/schema\\\/person\\\/0358b1506a63696a3b01b9007944f951\",\"name\":\"Patrik I.\",\"image\":{\"@type\":\"ImageObject\",\"inLanguage\":\"de\",\"@id\":\"https:\\\/\\\/secure.gravatar.com\\\/avatar\\\/817489834becb8bc2a113317c2bd5f0a1200bfbbf48231fdfa50dafa4e82fbe0?s=96&d=mm&r=g\",\"url\":\"https:\\\/\\\/secure.gravatar.com\\\/avatar\\\/817489834becb8bc2a113317c2bd5f0a1200bfbbf48231fdfa50dafa4e82fbe0?s=96&d=mm&r=g\",\"contentUrl\":\"https:\\\/\\\/secure.gravatar.com\\\/avatar\\\/817489834becb8bc2a113317c2bd5f0a1200bfbbf48231fdfa50dafa4e82fbe0?s=96&d=mm&r=g\",\"caption\":\"Patrik I.\"},\"description\":\"Nachdem er an einer Vielzahl von internationalen Projekten mit Kunden wie Audi, The Ritz Carlton und Pfizer gearbeitet hat, \u00fcbernimmt Patrik die UI Konzeption und grafische Gestaltung von appointmed.\",\"sameAs\":[\"https:\\\/\\\/www.appointmed.com\\\/team\"],\"jobTitle\":\"CEO, Co-Founder\",\"worksFor\":\"appointmed GmbH\",\"url\":\"https:\\\/\\\/www.appointmed.com\\\/blog\\\/author\\\/patrik\"}]}<\/script>\n<!-- \/ Yoast SEO Premium plugin. -->","yoast_head_json":{"title":"Der appointmed Jahresr\u00fcckblick 2020: Herausforderungen & Erfolge","description":"Was w\u00e4re 2020 eigentlch geplant gewesen und mit welchen Funktionen haben wir unseren Kunden durch die Krise geholfen?","robots":{"index":"index","follow":"follow","max-snippet":"max-snippet:-1","max-image-preview":"max-image-preview:large","max-video-preview":"max-video-preview:-1"},"canonical":"https:\/\/www.appointmed.com\/blog\/der-appointmed-jahresrueckblick-2020","og_locale":"de_DE","og_type":"article","og_title":"Der appointmed Jahresr\u00fcckblick 2020","og_description":"Wer h\u00e4tte am Anfang des vergangenen Jahres vorhergesehen, was 2020 auf uns alle zukommt? Was w\u00e4re 2020 bei appointmed eigentlich geplant gewesen und mit welchen Funktionen haben wir unseren Kunden in der Krise geholfen? Wir blicken zur\u00fcck auf zw\u00f6lf herausfordernde und zugleich erfolgreiche Monate.","og_url":"https:\/\/www.appointmed.com\/blog\/der-appointmed-jahresrueckblick-2020","og_site_name":"appointmed Blog","article_publisher":"https:\/\/www.facebook.com\/appointmed","article_published_time":"2021-01-18T21:00:38+00:00","article_modified_time":"2025-09-30T12:06:53+00:00","og_image":[{"width":1540,"height":570,"url":"https:\/\/www.appointmed.com\/blog\/wp-content\/uploads\/2021\/01\/2020.jpg","type":"image\/jpeg"}],"author":"Patrik I.","twitter_card":"summary_large_image","twitter_creator":"@appointmed","twitter_site":"@appointmed","schema":{"@context":"https:\/\/schema.org","@graph":[{"@type":"Article","@id":"https:\/\/www.appointmed.com\/blog\/der-appointmed-jahresrueckblick-2020#article","isPartOf":{"@id":"https:\/\/www.appointmed.com\/blog\/der-appointmed-jahresrueckblick-2020"},"author":{"name":"Patrik I.","@id":"https:\/\/www.appointmed.com\/blog\/#\/schema\/person\/0358b1506a63696a3b01b9007944f951"},"headline":"Der appointmed Jahresr\u00fcckblick 2020","datePublished":"2021-01-18T21:00:38+00:00","dateModified":"2025-09-30T12:06:53+00:00","mainEntityOfPage":{"@id":"https:\/\/www.appointmed.com\/blog\/der-appointmed-jahresrueckblick-2020"},"wordCount":1417,"publisher":{"@id":"https:\/\/www.appointmed.com\/blog\/#organization"},"image":{"@id":"https:\/\/www.appointmed.com\/blog\/der-appointmed-jahresrueckblick-2020#primaryimage"},"thumbnailUrl":"https:\/\/www.appointmed.com\/blog\/wp-content\/uploads\/2021\/01\/2020.jpg","articleSection":["Blog","\u00dcber appointmed"],"inLanguage":"de"},{"@type":"WebPage","@id":"https:\/\/www.appointmed.com\/blog\/der-appointmed-jahresrueckblick-2020","url":"https:\/\/www.appointmed.com\/blog\/der-appointmed-jahresrueckblick-2020","name":"Der appointmed Jahresr\u00fcckblick 2020: Herausforderungen & Erfolge","isPartOf":{"@id":"https:\/\/www.appointmed.com\/blog\/#website"},"primaryImageOfPage":{"@id":"https:\/\/www.appointmed.com\/blog\/der-appointmed-jahresrueckblick-2020#primaryimage"},"image":{"@id":"https:\/\/www.appointmed.com\/blog\/der-appointmed-jahresrueckblick-2020#primaryimage"},"thumbnailUrl":"https:\/\/www.appointmed.com\/blog\/wp-content\/uploads\/2021\/01\/2020.jpg","datePublished":"2021-01-18T21:00:38+00:00","dateModified":"2025-09-30T12:06:53+00:00","description":"Was w\u00e4re 2020 eigentlch geplant gewesen und mit welchen Funktionen haben wir unseren Kunden durch die Krise geholfen?","breadcrumb":{"@id":"https:\/\/www.appointmed.com\/blog\/der-appointmed-jahresrueckblick-2020#breadcrumb"},"inLanguage":"de","potentialAction":[{"@type":"ReadAction","target":["https:\/\/www.appointmed.com\/blog\/der-appointmed-jahresrueckblick-2020"]}]},{"@type":"ImageObject","inLanguage":"de","@id":"https:\/\/www.appointmed.com\/blog\/der-appointmed-jahresrueckblick-2020#primaryimage","url":"https:\/\/www.appointmed.com\/blog\/wp-content\/uploads\/2021\/01\/2020.jpg","contentUrl":"https:\/\/www.appointmed.com\/blog\/wp-content\/uploads\/2021\/01\/2020.jpg","width":1540,"height":570,"caption":"Team Event in der Black Llite Arena im J\u00e4nner 2020."},{"@type":"BreadcrumbList","@id":"https:\/\/www.appointmed.com\/blog\/der-appointmed-jahresrueckblick-2020#breadcrumb","itemListElement":[{"@type":"ListItem","position":1,"name":"Startseite","item":"https:\/\/www.appointmed.com\/blog\/"},{"@type":"ListItem","position":2,"name":"Der appointmed Jahresr\u00fcckblick 2020"}]},{"@type":"WebSite","@id":"https:\/\/www.appointmed.com\/blog\/#website","url":"https:\/\/www.appointmed.com\/blog\/","name":"appointmed Blog","description":"Die unkomplizierte Praxissoftware","publisher":{"@id":"https:\/\/www.appointmed.com\/blog\/#organization"},"potentialAction":[{"@type":"SearchAction","target":{"@type":"EntryPoint","urlTemplate":"https:\/\/www.appointmed.com\/blog\/?s={search_term_string}"},"query-input":{"@type":"PropertyValueSpecification","valueRequired":true,"valueName":"search_term_string"}}],"inLanguage":"de"},{"@type":"Organization","@id":"https:\/\/www.appointmed.com\/blog\/#organization","name":"appointmed GmbH","url":"https:\/\/www.appointmed.com\/blog\/","logo":{"@type":"ImageObject","inLanguage":"de","@id":"https:\/\/www.appointmed.com\/blog\/#\/schema\/logo\/image\/","url":"https:\/\/www.appointmed.com\/blog\/wp-content\/uploads\/2019\/08\/appointmed-Logo-V2-cropped-transparent.png","contentUrl":"https:\/\/www.appointmed.com\/blog\/wp-content\/uploads\/2019\/08\/appointmed-Logo-V2-cropped-transparent.png","width":1200,"height":257,"caption":"appointmed GmbH"},"image":{"@id":"https:\/\/www.appointmed.com\/blog\/#\/schema\/logo\/image\/"},"sameAs":["https:\/\/www.facebook.com\/appointmed","https:\/\/x.com\/appointmed","https:\/\/www.instagram.com\/appointmed","https:\/\/de.linkedin.com\/company\/appointmed","https:\/\/www.youtube.com\/appointmed"]},{"@type":"Person","@id":"https:\/\/www.appointmed.com\/blog\/#\/schema\/person\/0358b1506a63696a3b01b9007944f951","name":"Patrik I.","image":{"@type":"ImageObject","inLanguage":"de","@id":"https:\/\/secure.gravatar.com\/avatar\/817489834becb8bc2a113317c2bd5f0a1200bfbbf48231fdfa50dafa4e82fbe0?s=96&d=mm&r=g","url":"https:\/\/secure.gravatar.com\/avatar\/817489834becb8bc2a113317c2bd5f0a1200bfbbf48231fdfa50dafa4e82fbe0?s=96&d=mm&r=g","contentUrl":"https:\/\/secure.gravatar.com\/avatar\/817489834becb8bc2a113317c2bd5f0a1200bfbbf48231fdfa50dafa4e82fbe0?s=96&d=mm&r=g","caption":"Patrik I."},"description":"Nachdem er an einer Vielzahl von internationalen Projekten mit Kunden wie Audi, The Ritz Carlton und Pfizer gearbeitet hat, \u00fcbernimmt Patrik die UI Konzeption und grafische Gestaltung von appointmed.","sameAs":["https:\/\/www.appointmed.com\/team"],"jobTitle":"CEO, Co-Founder","worksFor":"appointmed GmbH","url":"https:\/\/www.appointmed.com\/blog\/author\/patrik"}]}},"_links":{"self":[{"href":"https:\/\/www.appointmed.com\/blog\/wp-json\/wp\/v2\/posts\/2929","targetHints":{"allow":["GET"]}}],"collection":[{"href":"https:\/\/www.appointmed.com\/blog\/wp-json\/wp\/v2\/posts"}],"about":[{"href":"https:\/\/www.appointmed.com\/blog\/wp-json\/wp\/v2\/types\/post"}],"author":[{"embeddable":true,"href":"https:\/\/www.appointmed.com\/blog\/wp-json\/wp\/v2\/users\/3"}],"replies":[{"embeddable":true,"href":"https:\/\/www.appointmed.com\/blog\/wp-json\/wp\/v2\/comments?post=2929"}],"version-history":[{"count":1,"href":"https:\/\/www.appointmed.com\/blog\/wp-json\/wp\/v2\/posts\/2929\/revisions"}],"predecessor-version":[{"id":6865,"href":"https:\/\/www.appointmed.com\/blog\/wp-json\/wp\/v2\/posts\/2929\/revisions\/6865"}],"wp:featuredmedia":[{"embeddable":true,"href":"https:\/\/www.appointmed.com\/blog\/wp-json\/wp\/v2\/media\/2942"}],"wp:attachment":[{"href":"https:\/\/www.appointmed.com\/blog\/wp-json\/wp\/v2\/media?parent=2929"}],"wp:term":[{"taxonomy":"category","embeddable":true,"href":"https:\/\/www.appointmed.com\/blog\/wp-json\/wp\/v2\/categories?post=2929"},{"taxonomy":"post_tag","embeddable":true,"href":"https:\/\/www.appointmed.com\/blog\/wp-json\/wp\/v2\/tags?post=2929"}],"curies":[{"name":"wp","href":"https:\/\/api.w.org\/{rel}","templated":true}]}}