{"id":3995,"date":"2023-06-14T20:14:02","date_gmt":"2023-06-14T18:14:02","guid":{"rendered":"https:\/\/www.appointmed.com\/blog\/?p=3995"},"modified":"2023-06-15T09:38:50","modified_gmt":"2023-06-15T07:38:50","slug":"warum-es-bei-appointmed-keine-work-life-balance-gibt-gut-so","status":"publish","type":"post","link":"https:\/\/www.appointmed.com\/blog\/warum-es-bei-appointmed-keine-work-life-balance-gibt-gut-so","title":{"rendered":"Warum es bei appointmed keine Work-Life-Balance gibt \u2013\u00a0gut so!"},"content":{"rendered":"<p>Wenn Du uns in den sozialen Medien folgst, war es schwer zu \u00fcbersehen, dass ich letztes Jahr meinen Pilotenschein gemacht habe. Das ist ein zeitintensives Unterfangen, wenn man gleichzeitig ein wachsendes Unternehmen f\u00fchrt. Ich dachte viel \u00fcber das Konzept der Work-Life-Balance nach. In diesem Artikel soll es also darum gehen, wieso es heute meiner Meinung nach <strong>keine wirkliche Work-Life-Balance<\/strong> mehr gibt.<\/p>\n<p>Die L\u00f6sung lautet Work-Life-<strong>Integration<\/strong> und erm\u00f6glicht es zB dem appointmed Team maximal flexibel zu arbeiten. Arbeit und Privatleben werden dabei unter einen gemeinsamen Hut gebracht, wobei weder das eine noch das andere darunter leidet.<\/p>\n<h2>Einen Obstkorb f\u00fcr Deine Seele?<\/h2>\n<p>Es war der heilige Gral der PersonalvermittlerInnen: Talente sollten durch die tolle Work-Life-Balance im Betrieb geworben werden. Was dieses Konzept genau bedeutet und wie es im Unternehmen konkret umgesetzt wird, das wurde dabei nicht n\u00e4her erl\u00e4utert.<\/p>\n<p>Noch bis vor ein paar Jahren wurden wertvolle MitarbeiterInnen daran gemessen, wie viel Zeit sie f\u00fcr das Wohl des Unternehmens <s>investierten<\/s> opferten. Einige Firmen zahlten sogar gro\u00dfz\u00fcgige Pr\u00e4mien f\u00fcr \u00dcberstunden. Meistens wurden MitarbeiterInnen jedoch dazu gebracht einen &#8222;All-in-Vertrag&#8220; zu unterschreiben. Daf\u00fcr gab es dann kostenloses Mittagessen, einem Tischfu\u00dfballtisch in der Kaffeek\u00fcche, einen t\u00e4glich frischen Obstkorb und irgendwelche seltsame, gemeinsame Aktivit\u00e4ten nach Feierabend, f\u00fcr die man sich alleine schon wegen der Kollegialit\u00e4t zu interessieren hatte. <strong>Endlich \u2013 so scheint es \u2013 gibt es hier einen Perspektivenwechsel<\/strong>.<\/p>\n<h2>Die Arbeit ist da, wo Du bist.<\/h2>\n<p>E-Mails, Basecamp, Slack, Notion und andere Projektmanagement-Tools sind nur einen Fingertipp entfernt. All diese Tools tragen MitarbeiterInnen auf ihrem Smartphone immer mit sich herum, denn die wenigsten nutzen ein Diensthandy. Die Grenzen zwischen &#8222;Work&#8220; und &#8222;Life&#8220; verschwimmen.<\/p>\n<blockquote><p>Ich glaube aufrichtig, dass dies eine gute Sache f\u00fcr Unternehmen und Teams ist &#8211; vorausgesetzt, man geht es \u201crichtig\u201d an.<\/p><\/blockquote>\n<p>Bei appointmed schauen wir zB nicht darauf, wie viele Stunden jeder von uns arbeitet*. <strong>Es kommt immer auf die Qualit\u00e4t der Arbeit an, nicht auf die Quantit\u00e4t.<\/strong> Das gibt jeder und jedem die Freiheit, die Arbeit nach eigenem Zeitplan zu erledigen.<\/p>\n<p>Bist Du Donnerstag Nachmittag mit Deinen Aufgaben fertig? Gut f\u00fcr Dich! Wir sehen uns dann am Montag wieder. Du nimmst Dir am Mittwoch frei und verschiebst Deine Aufgaben auf Samstag, weil das besser in Deine Pl\u00e4ne passt? Go for it! Du willst am Dienstag Vormittag mit Deinen Kindern den Tierpark besuchen? Tu das und vergiss die Sonnencreme nicht!<\/p>\n<p><strong>Sei einfach nur transparent, was Deine Verf\u00fcgbarkeit bzw. Abwesenheit betrifft.<\/strong> Lass das restliche Team wissen, was Du vorhast, damit es zu keinen Blockaden kommt.<\/p>\n<h2>Vom Home-Office zum Everywhere-Office<\/h2>\n<p><a href=\"https:\/\/www.appointmed.com\/blog\/wp-content\/uploads\/2023\/06\/mit-dem-flugzeug-ins-office.jpeg\"><img loading=\"lazy\" decoding=\"async\" class=\"alignnone size-large wp-image-3999\" src=\"https:\/\/www.appointmed.com\/blog\/wp-content\/uploads\/2023\/06\/mit-dem-flugzeug-ins-office-700x525.jpeg\" alt=\"\" width=\"700\" height=\"525\" srcset=\"https:\/\/www.appointmed.com\/blog\/wp-content\/uploads\/2023\/06\/mit-dem-flugzeug-ins-office-700x525.jpeg 700w, https:\/\/www.appointmed.com\/blog\/wp-content\/uploads\/2023\/06\/mit-dem-flugzeug-ins-office-300x225.jpeg 300w, https:\/\/www.appointmed.com\/blog\/wp-content\/uploads\/2023\/06\/mit-dem-flugzeug-ins-office-768x576.jpeg 768w, https:\/\/www.appointmed.com\/blog\/wp-content\/uploads\/2023\/06\/mit-dem-flugzeug-ins-office-1536x1152.jpeg 1536w, https:\/\/www.appointmed.com\/blog\/wp-content\/uploads\/2023\/06\/mit-dem-flugzeug-ins-office.jpeg 2000w\" sizes=\"auto, (max-width: 700px) 100vw, 700px\" \/><\/a><\/p>\n<p>Das Thema mit den Arbeitszeiten haben wir jetzt gekl\u00e4rt. Wie sieht es mit dem Arbeitsplatz selbst aus? Gibt es inzwischen etwas passenderes als Kernzeit, Gleitzeit und einem Home-Office Tag pro Woche?<\/p>\n<p>Die Antwort ist \u201cJa\u201d. Steige in das Flugzeug (oder die Bahn) und <a href=\"https:\/\/www.appointmed.com\/blog\/die-ganze-welt-als-buero-appointmed-als-remote-unternehmen\">verlagere Dein B\u00fcro f\u00fcr ein paar Wochen an den Strand<\/a>. Oder auch gleich <a href=\"https:\/\/www.appointmed.com\/blog\/mit-dem-laptop-an-deck-remote-working-auf-hoher-see\">auf hohe See<\/a>, wenn Dir das lieber ist.<\/p>\n<p>F\u00fcr mich als \u201cChef\u201d ist das alles in Ordnung, solange Du Dich klar mit Deinen KollegInnen absprichst, es eine saubere \u00dcbergabe gibt und es dadurch zu keinem unfairen Ungleichgewicht des Arbeitsaufwands kommt.<\/p>\n<p>Mehr Fokus auf qualitativem Output \u2013 und nicht auf \u201cabgesessener\u201d Zeit \u2013 hat dabei einen weiteren Nebeneffekt: Die Spreu wird vom Weizen getrennt. Es heben sich dadurch n\u00e4mlich schnell jene Personen hervor, f\u00fcr die diese Art des Arbeitens (noch) nicht ganz geeignet ist\u2026<\/p>\n<h2>Work-Life-Integration<\/h2>\n<blockquote><p>Anstatt &#8222;Arbeit&#8220; und &#8222;Leben&#8220; voneinander abzukapseln, muss das Ziel hei\u00dfen, die Arbeit besser in unser Leben zu integrieren. Davon bin ich \u00fcberzeugt.<\/p><\/blockquote>\n<p><a href=\"https:\/\/www.appointmed.com\/blog\/wp-content\/uploads\/2023\/06\/arbeiten-wo-es-dir-spass-macht.jpeg\"><img loading=\"lazy\" decoding=\"async\" class=\"alignright wp-image-4000\" src=\"https:\/\/www.appointmed.com\/blog\/wp-content\/uploads\/2023\/06\/arbeiten-wo-es-dir-spass-macht-300x400.jpeg\" alt=\"Arbeiten von wo aus es Dir Spa\u00df macht\" width=\"290\" height=\"387\" srcset=\"https:\/\/www.appointmed.com\/blog\/wp-content\/uploads\/2023\/06\/arbeiten-wo-es-dir-spass-macht-300x400.jpeg 300w, https:\/\/www.appointmed.com\/blog\/wp-content\/uploads\/2023\/06\/arbeiten-wo-es-dir-spass-macht-700x933.jpeg 700w, https:\/\/www.appointmed.com\/blog\/wp-content\/uploads\/2023\/06\/arbeiten-wo-es-dir-spass-macht-768x1024.jpeg 768w, https:\/\/www.appointmed.com\/blog\/wp-content\/uploads\/2023\/06\/arbeiten-wo-es-dir-spass-macht-1152x1536.jpeg 1152w, https:\/\/www.appointmed.com\/blog\/wp-content\/uploads\/2023\/06\/arbeiten-wo-es-dir-spass-macht.jpeg 1500w\" sizes=\"auto, (max-width: 290px) 100vw, 290px\" \/><\/a>Warum sollten wir unsere Zeit an einem sonnigen Tag im Haus, vor dem Bildschirm verbringen <em>m\u00fcssen<\/em>? Sollte es nicht die M\u00f6glichkeit gegeben, den Laptop mit nach drau\u00dfen mit zu nehmen und das Wetter zu genie\u00dfen? Oder besser: Verschieben wir die Arbeit gleich auf morgen, wo wir wissen, dass es den ganzen Tag regnen wird.<\/p>\n<p>Ist es nicht traurig von Montag bis Freitag f\u00fcr das freie Wochenende, monatelang f\u00fcr den Urlaub und jahrelang f\u00fcr die Pension zu arbeiten? Das Leben sollte doch mehr zu bieten haben als das.<\/p>\n<p>Ich kann Dir nur ehrlich ans Herz legen, ein Unternehmen zu finden, das Dir die oben erw\u00e4hnten Freiheiten und M\u00f6glichkeiten bietet.<\/p>\n<h2>Komm schon\u2026 Wo ist der Haken?<\/h2>\n<p><strong>Es erfordert ein betr\u00e4chtliches Ma\u00df an Selbstdisziplin<\/strong>, um nicht in die Falle zu tappen, rund um die Uhr zu arbeiten oder \u2013 auf der anderen Seite des Spektrums \u2013 den gr\u00f6\u00dften Teil des Tages zu prokrastinieren.<\/p>\n<p>Wenn Du erst einmal <strong>das richtige Unternehmen und Deinen pers\u00f6nlichen Rhythmus<\/strong> gefunden und gelernt hast, mit diesem Ma\u00df an Freiheit und Verantwortung umzugehen, kann die Arbeit zu einem Teil Deines Lebens werden, der Spa\u00df macht. Ohne Dich davon v\u00f6llig einnehmen zu lassen und fr\u00fcher oder sp\u00e4ter auszubrennen.<\/p>\n<hr \/>\n<p>*) <strong>Disclaimer<\/strong>:\u00a0<em>Nat\u00fcrlich<\/em> respektieren wir bei all der genannten Freiheit unser MitarbeiterInnen alle Auflagen im Rahmen des MitarbeiterInnenschutzes und halten uns selbstverst\u00e4ndlich an alle gesetzlichen Vorgaben.<\/p>\n","protected":false},"excerpt":{"rendered":"<p>In diesem Artikel geht es darum, wieso es heute meiner Meinung nach keine wirkliche Work-Life-Balance mehr gibt. Die L\u00f6sung lautet Work-Life-Integration und erm\u00f6glicht es zB dem appointmed Team maximal flexibel zu arbeiten. Arbeit und Privatleben werden dabei unter einen gemeinsamen Hut gebracht, wobei weder das eine noch das andere darunter leidet.<\/p>\n","protected":false},"author":3,"featured_media":3998,"comment_status":"closed","ping_status":"closed","sticky":false,"template":"","format":"standard","meta":{"_acf_changed":false,"footnotes":""},"categories":[2,6],"tags":[],"class_list":["post-3995","post","type-post","status-publish","format-standard","has-post-thumbnail","hentry","category-blog","category-the-company"],"acf":[],"yoast_head":"<!-- This site is optimized with the Yoast SEO Premium plugin v27.5 (Yoast SEO v27.5) - https:\/\/yoast.com\/product\/yoast-seo-premium-wordpress\/ -->\n<title>Work-Life-Balance ist tot! Gut so!<\/title>\n<meta name=\"description\" content=\"Warum Work-Life-Integration der bessere Ansatz f\u00fcr flexible Teams ist und dadurch weder Arbeit noch Privatleben leiden.\" \/>\n<meta name=\"robots\" content=\"index, follow, max-snippet:-1, max-image-preview:large, max-video-preview:-1\" \/>\n<link rel=\"canonical\" href=\"https:\/\/www.appointmed.com\/blog\/warum-es-bei-appointmed-keine-work-life-balance-gibt-gut-so\" \/>\n<meta property=\"og:locale\" content=\"de_DE\" \/>\n<meta property=\"og:type\" content=\"article\" \/>\n<meta property=\"og:title\" content=\"Warum es bei appointmed keine Work-Life-Balance gibt \u2013\u00a0gut so!\" \/>\n<meta property=\"og:description\" content=\"In diesem Artikel geht es darum, wieso es heute meiner Meinung nach keine wirkliche Work-Life-Balance mehr gibt. Die L\u00f6sung lautet Work-Life-Integration und erm\u00f6glicht es zB dem appointmed Team maximal flexibel zu arbeiten. Arbeit und Privatleben werden dabei unter einen gemeinsamen Hut gebracht, wobei weder das eine noch das andere darunter leidet.\" \/>\n<meta property=\"og:url\" content=\"https:\/\/www.appointmed.com\/blog\/warum-es-bei-appointmed-keine-work-life-balance-gibt-gut-so\" \/>\n<meta property=\"og:site_name\" content=\"appointmed Blog\" \/>\n<meta property=\"article:publisher\" content=\"https:\/\/www.facebook.com\/appointmed\" \/>\n<meta property=\"article:published_time\" content=\"2023-06-14T18:14:02+00:00\" \/>\n<meta property=\"article:modified_time\" content=\"2023-06-15T07:38:50+00:00\" \/>\n<meta property=\"og:image\" content=\"https:\/\/www.appointmed.com\/blog\/wp-content\/uploads\/2023\/06\/work-life-balance-ist-tot-bei-appointmed.jpg\" \/>\n\t<meta property=\"og:image:width\" content=\"1540\" \/>\n\t<meta property=\"og:image:height\" content=\"570\" \/>\n\t<meta property=\"og:image:type\" content=\"image\/jpeg\" \/>\n<meta name=\"author\" content=\"Patrik I.\" \/>\n<meta name=\"twitter:card\" content=\"summary_large_image\" \/>\n<meta name=\"twitter:creator\" content=\"@appointmed\" \/>\n<meta name=\"twitter:site\" content=\"@appointmed\" \/>\n<script type=\"application\/ld+json\" class=\"yoast-schema-graph\">{\"@context\":\"https:\\\/\\\/schema.org\",\"@graph\":[{\"@type\":\"Article\",\"@id\":\"https:\\\/\\\/www.appointmed.com\\\/blog\\\/warum-es-bei-appointmed-keine-work-life-balance-gibt-gut-so#article\",\"isPartOf\":{\"@id\":\"https:\\\/\\\/www.appointmed.com\\\/blog\\\/warum-es-bei-appointmed-keine-work-life-balance-gibt-gut-so\"},\"author\":{\"name\":\"Patrik I.\",\"@id\":\"https:\\\/\\\/www.appointmed.com\\\/blog\\\/#\\\/schema\\\/person\\\/0358b1506a63696a3b01b9007944f951\"},\"headline\":\"Warum es bei appointmed keine Work-Life-Balance gibt \u2013\u00a0gut so!\",\"datePublished\":\"2023-06-14T18:14:02+00:00\",\"dateModified\":\"2023-06-15T07:38:50+00:00\",\"mainEntityOfPage\":{\"@id\":\"https:\\\/\\\/www.appointmed.com\\\/blog\\\/warum-es-bei-appointmed-keine-work-life-balance-gibt-gut-so\"},\"wordCount\":847,\"publisher\":{\"@id\":\"https:\\\/\\\/www.appointmed.com\\\/blog\\\/#organization\"},\"image\":{\"@id\":\"https:\\\/\\\/www.appointmed.com\\\/blog\\\/warum-es-bei-appointmed-keine-work-life-balance-gibt-gut-so#primaryimage\"},\"thumbnailUrl\":\"https:\\\/\\\/www.appointmed.com\\\/blog\\\/wp-content\\\/uploads\\\/2023\\\/06\\\/work-life-balance-ist-tot-bei-appointmed.jpg\",\"articleSection\":[\"Blog\",\"\u00dcber appointmed\"],\"inLanguage\":\"de\"},{\"@type\":\"WebPage\",\"@id\":\"https:\\\/\\\/www.appointmed.com\\\/blog\\\/warum-es-bei-appointmed-keine-work-life-balance-gibt-gut-so\",\"url\":\"https:\\\/\\\/www.appointmed.com\\\/blog\\\/warum-es-bei-appointmed-keine-work-life-balance-gibt-gut-so\",\"name\":\"Work-Life-Balance ist tot! Gut so!\",\"isPartOf\":{\"@id\":\"https:\\\/\\\/www.appointmed.com\\\/blog\\\/#website\"},\"primaryImageOfPage\":{\"@id\":\"https:\\\/\\\/www.appointmed.com\\\/blog\\\/warum-es-bei-appointmed-keine-work-life-balance-gibt-gut-so#primaryimage\"},\"image\":{\"@id\":\"https:\\\/\\\/www.appointmed.com\\\/blog\\\/warum-es-bei-appointmed-keine-work-life-balance-gibt-gut-so#primaryimage\"},\"thumbnailUrl\":\"https:\\\/\\\/www.appointmed.com\\\/blog\\\/wp-content\\\/uploads\\\/2023\\\/06\\\/work-life-balance-ist-tot-bei-appointmed.jpg\",\"datePublished\":\"2023-06-14T18:14:02+00:00\",\"dateModified\":\"2023-06-15T07:38:50+00:00\",\"description\":\"Warum Work-Life-Integration der bessere Ansatz f\u00fcr flexible Teams ist und dadurch weder Arbeit noch Privatleben leiden.\",\"breadcrumb\":{\"@id\":\"https:\\\/\\\/www.appointmed.com\\\/blog\\\/warum-es-bei-appointmed-keine-work-life-balance-gibt-gut-so#breadcrumb\"},\"inLanguage\":\"de\",\"potentialAction\":[{\"@type\":\"ReadAction\",\"target\":[\"https:\\\/\\\/www.appointmed.com\\\/blog\\\/warum-es-bei-appointmed-keine-work-life-balance-gibt-gut-so\"]}]},{\"@type\":\"ImageObject\",\"inLanguage\":\"de\",\"@id\":\"https:\\\/\\\/www.appointmed.com\\\/blog\\\/warum-es-bei-appointmed-keine-work-life-balance-gibt-gut-so#primaryimage\",\"url\":\"https:\\\/\\\/www.appointmed.com\\\/blog\\\/wp-content\\\/uploads\\\/2023\\\/06\\\/work-life-balance-ist-tot-bei-appointmed.jpg\",\"contentUrl\":\"https:\\\/\\\/www.appointmed.com\\\/blog\\\/wp-content\\\/uploads\\\/2023\\\/06\\\/work-life-balance-ist-tot-bei-appointmed.jpg\",\"width\":1540,\"height\":570,\"caption\":\"Die Work-Life-Balance ist bei appointmed tot\"},{\"@type\":\"BreadcrumbList\",\"@id\":\"https:\\\/\\\/www.appointmed.com\\\/blog\\\/warum-es-bei-appointmed-keine-work-life-balance-gibt-gut-so#breadcrumb\",\"itemListElement\":[{\"@type\":\"ListItem\",\"position\":1,\"name\":\"Startseite\",\"item\":\"https:\\\/\\\/www.appointmed.com\\\/blog\\\/\"},{\"@type\":\"ListItem\",\"position\":2,\"name\":\"Warum es bei appointmed keine Work-Life-Balance gibt \u2013\u00a0gut so!\"}]},{\"@type\":\"WebSite\",\"@id\":\"https:\\\/\\\/www.appointmed.com\\\/blog\\\/#website\",\"url\":\"https:\\\/\\\/www.appointmed.com\\\/blog\\\/\",\"name\":\"appointmed Blog\",\"description\":\"Die unkomplizierte Praxissoftware\",\"publisher\":{\"@id\":\"https:\\\/\\\/www.appointmed.com\\\/blog\\\/#organization\"},\"potentialAction\":[{\"@type\":\"SearchAction\",\"target\":{\"@type\":\"EntryPoint\",\"urlTemplate\":\"https:\\\/\\\/www.appointmed.com\\\/blog\\\/?s={search_term_string}\"},\"query-input\":{\"@type\":\"PropertyValueSpecification\",\"valueRequired\":true,\"valueName\":\"search_term_string\"}}],\"inLanguage\":\"de\"},{\"@type\":\"Organization\",\"@id\":\"https:\\\/\\\/www.appointmed.com\\\/blog\\\/#organization\",\"name\":\"appointmed GmbH\",\"url\":\"https:\\\/\\\/www.appointmed.com\\\/blog\\\/\",\"logo\":{\"@type\":\"ImageObject\",\"inLanguage\":\"de\",\"@id\":\"https:\\\/\\\/www.appointmed.com\\\/blog\\\/#\\\/schema\\\/logo\\\/image\\\/\",\"url\":\"https:\\\/\\\/www.appointmed.com\\\/blog\\\/wp-content\\\/uploads\\\/2019\\\/08\\\/appointmed-Logo-V2-cropped-transparent.png\",\"contentUrl\":\"https:\\\/\\\/www.appointmed.com\\\/blog\\\/wp-content\\\/uploads\\\/2019\\\/08\\\/appointmed-Logo-V2-cropped-transparent.png\",\"width\":1200,\"height\":257,\"caption\":\"appointmed GmbH\"},\"image\":{\"@id\":\"https:\\\/\\\/www.appointmed.com\\\/blog\\\/#\\\/schema\\\/logo\\\/image\\\/\"},\"sameAs\":[\"https:\\\/\\\/www.facebook.com\\\/appointmed\",\"https:\\\/\\\/x.com\\\/appointmed\",\"https:\\\/\\\/www.instagram.com\\\/appointmed\",\"https:\\\/\\\/de.linkedin.com\\\/company\\\/appointmed\",\"https:\\\/\\\/www.youtube.com\\\/appointmed\"]},{\"@type\":\"Person\",\"@id\":\"https:\\\/\\\/www.appointmed.com\\\/blog\\\/#\\\/schema\\\/person\\\/0358b1506a63696a3b01b9007944f951\",\"name\":\"Patrik I.\",\"image\":{\"@type\":\"ImageObject\",\"inLanguage\":\"de\",\"@id\":\"https:\\\/\\\/secure.gravatar.com\\\/avatar\\\/817489834becb8bc2a113317c2bd5f0a1200bfbbf48231fdfa50dafa4e82fbe0?s=96&d=mm&r=g\",\"url\":\"https:\\\/\\\/secure.gravatar.com\\\/avatar\\\/817489834becb8bc2a113317c2bd5f0a1200bfbbf48231fdfa50dafa4e82fbe0?s=96&d=mm&r=g\",\"contentUrl\":\"https:\\\/\\\/secure.gravatar.com\\\/avatar\\\/817489834becb8bc2a113317c2bd5f0a1200bfbbf48231fdfa50dafa4e82fbe0?s=96&d=mm&r=g\",\"caption\":\"Patrik I.\"},\"description\":\"Nachdem er an einer Vielzahl von internationalen Projekten mit Kunden wie Audi, The Ritz Carlton und Pfizer gearbeitet hat, \u00fcbernimmt Patrik die UI Konzeption und grafische Gestaltung von appointmed.\",\"sameAs\":[\"https:\\\/\\\/www.appointmed.com\\\/team\"],\"jobTitle\":\"CEO, Co-Founder\",\"worksFor\":\"appointmed GmbH\",\"url\":\"https:\\\/\\\/www.appointmed.com\\\/blog\\\/author\\\/patrik\"}]}<\/script>\n<!-- \/ Yoast SEO Premium plugin. -->","yoast_head_json":{"title":"Work-Life-Balance ist tot! Gut so!","description":"Warum Work-Life-Integration der bessere Ansatz f\u00fcr flexible Teams ist und dadurch weder Arbeit noch Privatleben leiden.","robots":{"index":"index","follow":"follow","max-snippet":"max-snippet:-1","max-image-preview":"max-image-preview:large","max-video-preview":"max-video-preview:-1"},"canonical":"https:\/\/www.appointmed.com\/blog\/warum-es-bei-appointmed-keine-work-life-balance-gibt-gut-so","og_locale":"de_DE","og_type":"article","og_title":"Warum es bei appointmed keine Work-Life-Balance gibt \u2013\u00a0gut so!","og_description":"In diesem Artikel geht es darum, wieso es heute meiner Meinung nach keine wirkliche Work-Life-Balance mehr gibt. Die L\u00f6sung lautet Work-Life-Integration und erm\u00f6glicht es zB dem appointmed Team maximal flexibel zu arbeiten. Arbeit und Privatleben werden dabei unter einen gemeinsamen Hut gebracht, wobei weder das eine noch das andere darunter leidet.","og_url":"https:\/\/www.appointmed.com\/blog\/warum-es-bei-appointmed-keine-work-life-balance-gibt-gut-so","og_site_name":"appointmed Blog","article_publisher":"https:\/\/www.facebook.com\/appointmed","article_published_time":"2023-06-14T18:14:02+00:00","article_modified_time":"2023-06-15T07:38:50+00:00","og_image":[{"width":1540,"height":570,"url":"https:\/\/www.appointmed.com\/blog\/wp-content\/uploads\/2023\/06\/work-life-balance-ist-tot-bei-appointmed.jpg","type":"image\/jpeg"}],"author":"Patrik I.","twitter_card":"summary_large_image","twitter_creator":"@appointmed","twitter_site":"@appointmed","schema":{"@context":"https:\/\/schema.org","@graph":[{"@type":"Article","@id":"https:\/\/www.appointmed.com\/blog\/warum-es-bei-appointmed-keine-work-life-balance-gibt-gut-so#article","isPartOf":{"@id":"https:\/\/www.appointmed.com\/blog\/warum-es-bei-appointmed-keine-work-life-balance-gibt-gut-so"},"author":{"name":"Patrik I.","@id":"https:\/\/www.appointmed.com\/blog\/#\/schema\/person\/0358b1506a63696a3b01b9007944f951"},"headline":"Warum es bei appointmed keine Work-Life-Balance gibt \u2013\u00a0gut so!","datePublished":"2023-06-14T18:14:02+00:00","dateModified":"2023-06-15T07:38:50+00:00","mainEntityOfPage":{"@id":"https:\/\/www.appointmed.com\/blog\/warum-es-bei-appointmed-keine-work-life-balance-gibt-gut-so"},"wordCount":847,"publisher":{"@id":"https:\/\/www.appointmed.com\/blog\/#organization"},"image":{"@id":"https:\/\/www.appointmed.com\/blog\/warum-es-bei-appointmed-keine-work-life-balance-gibt-gut-so#primaryimage"},"thumbnailUrl":"https:\/\/www.appointmed.com\/blog\/wp-content\/uploads\/2023\/06\/work-life-balance-ist-tot-bei-appointmed.jpg","articleSection":["Blog","\u00dcber appointmed"],"inLanguage":"de"},{"@type":"WebPage","@id":"https:\/\/www.appointmed.com\/blog\/warum-es-bei-appointmed-keine-work-life-balance-gibt-gut-so","url":"https:\/\/www.appointmed.com\/blog\/warum-es-bei-appointmed-keine-work-life-balance-gibt-gut-so","name":"Work-Life-Balance ist tot! Gut so!","isPartOf":{"@id":"https:\/\/www.appointmed.com\/blog\/#website"},"primaryImageOfPage":{"@id":"https:\/\/www.appointmed.com\/blog\/warum-es-bei-appointmed-keine-work-life-balance-gibt-gut-so#primaryimage"},"image":{"@id":"https:\/\/www.appointmed.com\/blog\/warum-es-bei-appointmed-keine-work-life-balance-gibt-gut-so#primaryimage"},"thumbnailUrl":"https:\/\/www.appointmed.com\/blog\/wp-content\/uploads\/2023\/06\/work-life-balance-ist-tot-bei-appointmed.jpg","datePublished":"2023-06-14T18:14:02+00:00","dateModified":"2023-06-15T07:38:50+00:00","description":"Warum Work-Life-Integration der bessere Ansatz f\u00fcr flexible Teams ist und dadurch weder Arbeit noch Privatleben leiden.","breadcrumb":{"@id":"https:\/\/www.appointmed.com\/blog\/warum-es-bei-appointmed-keine-work-life-balance-gibt-gut-so#breadcrumb"},"inLanguage":"de","potentialAction":[{"@type":"ReadAction","target":["https:\/\/www.appointmed.com\/blog\/warum-es-bei-appointmed-keine-work-life-balance-gibt-gut-so"]}]},{"@type":"ImageObject","inLanguage":"de","@id":"https:\/\/www.appointmed.com\/blog\/warum-es-bei-appointmed-keine-work-life-balance-gibt-gut-so#primaryimage","url":"https:\/\/www.appointmed.com\/blog\/wp-content\/uploads\/2023\/06\/work-life-balance-ist-tot-bei-appointmed.jpg","contentUrl":"https:\/\/www.appointmed.com\/blog\/wp-content\/uploads\/2023\/06\/work-life-balance-ist-tot-bei-appointmed.jpg","width":1540,"height":570,"caption":"Die Work-Life-Balance ist bei appointmed tot"},{"@type":"BreadcrumbList","@id":"https:\/\/www.appointmed.com\/blog\/warum-es-bei-appointmed-keine-work-life-balance-gibt-gut-so#breadcrumb","itemListElement":[{"@type":"ListItem","position":1,"name":"Startseite","item":"https:\/\/www.appointmed.com\/blog\/"},{"@type":"ListItem","position":2,"name":"Warum es bei appointmed keine Work-Life-Balance gibt \u2013\u00a0gut so!"}]},{"@type":"WebSite","@id":"https:\/\/www.appointmed.com\/blog\/#website","url":"https:\/\/www.appointmed.com\/blog\/","name":"appointmed Blog","description":"Die unkomplizierte Praxissoftware","publisher":{"@id":"https:\/\/www.appointmed.com\/blog\/#organization"},"potentialAction":[{"@type":"SearchAction","target":{"@type":"EntryPoint","urlTemplate":"https:\/\/www.appointmed.com\/blog\/?s={search_term_string}"},"query-input":{"@type":"PropertyValueSpecification","valueRequired":true,"valueName":"search_term_string"}}],"inLanguage":"de"},{"@type":"Organization","@id":"https:\/\/www.appointmed.com\/blog\/#organization","name":"appointmed GmbH","url":"https:\/\/www.appointmed.com\/blog\/","logo":{"@type":"ImageObject","inLanguage":"de","@id":"https:\/\/www.appointmed.com\/blog\/#\/schema\/logo\/image\/","url":"https:\/\/www.appointmed.com\/blog\/wp-content\/uploads\/2019\/08\/appointmed-Logo-V2-cropped-transparent.png","contentUrl":"https:\/\/www.appointmed.com\/blog\/wp-content\/uploads\/2019\/08\/appointmed-Logo-V2-cropped-transparent.png","width":1200,"height":257,"caption":"appointmed GmbH"},"image":{"@id":"https:\/\/www.appointmed.com\/blog\/#\/schema\/logo\/image\/"},"sameAs":["https:\/\/www.facebook.com\/appointmed","https:\/\/x.com\/appointmed","https:\/\/www.instagram.com\/appointmed","https:\/\/de.linkedin.com\/company\/appointmed","https:\/\/www.youtube.com\/appointmed"]},{"@type":"Person","@id":"https:\/\/www.appointmed.com\/blog\/#\/schema\/person\/0358b1506a63696a3b01b9007944f951","name":"Patrik I.","image":{"@type":"ImageObject","inLanguage":"de","@id":"https:\/\/secure.gravatar.com\/avatar\/817489834becb8bc2a113317c2bd5f0a1200bfbbf48231fdfa50dafa4e82fbe0?s=96&d=mm&r=g","url":"https:\/\/secure.gravatar.com\/avatar\/817489834becb8bc2a113317c2bd5f0a1200bfbbf48231fdfa50dafa4e82fbe0?s=96&d=mm&r=g","contentUrl":"https:\/\/secure.gravatar.com\/avatar\/817489834becb8bc2a113317c2bd5f0a1200bfbbf48231fdfa50dafa4e82fbe0?s=96&d=mm&r=g","caption":"Patrik I."},"description":"Nachdem er an einer Vielzahl von internationalen Projekten mit Kunden wie Audi, The Ritz Carlton und Pfizer gearbeitet hat, \u00fcbernimmt Patrik die UI Konzeption und grafische Gestaltung von appointmed.","sameAs":["https:\/\/www.appointmed.com\/team"],"jobTitle":"CEO, Co-Founder","worksFor":"appointmed GmbH","url":"https:\/\/www.appointmed.com\/blog\/author\/patrik"}]}},"_links":{"self":[{"href":"https:\/\/www.appointmed.com\/blog\/wp-json\/wp\/v2\/posts\/3995","targetHints":{"allow":["GET"]}}],"collection":[{"href":"https:\/\/www.appointmed.com\/blog\/wp-json\/wp\/v2\/posts"}],"about":[{"href":"https:\/\/www.appointmed.com\/blog\/wp-json\/wp\/v2\/types\/post"}],"author":[{"embeddable":true,"href":"https:\/\/www.appointmed.com\/blog\/wp-json\/wp\/v2\/users\/3"}],"replies":[{"embeddable":true,"href":"https:\/\/www.appointmed.com\/blog\/wp-json\/wp\/v2\/comments?post=3995"}],"version-history":[{"count":0,"href":"https:\/\/www.appointmed.com\/blog\/wp-json\/wp\/v2\/posts\/3995\/revisions"}],"wp:featuredmedia":[{"embeddable":true,"href":"https:\/\/www.appointmed.com\/blog\/wp-json\/wp\/v2\/media\/3998"}],"wp:attachment":[{"href":"https:\/\/www.appointmed.com\/blog\/wp-json\/wp\/v2\/media?parent=3995"}],"wp:term":[{"taxonomy":"category","embeddable":true,"href":"https:\/\/www.appointmed.com\/blog\/wp-json\/wp\/v2\/categories?post=3995"},{"taxonomy":"post_tag","embeddable":true,"href":"https:\/\/www.appointmed.com\/blog\/wp-json\/wp\/v2\/tags?post=3995"}],"curies":[{"name":"wp","href":"https:\/\/api.w.org\/{rel}","templated":true}]}}