{"id":4280,"date":"2023-12-05T14:36:43","date_gmt":"2023-12-05T13:36:43","guid":{"rendered":"https:\/\/www.appointmed.com\/blog\/?p=4280"},"modified":"2023-12-05T14:36:43","modified_gmt":"2023-12-05T13:36:43","slug":"3-minuten-mit-valentin-frontend-developer-bei-appointmed","status":"publish","type":"post","link":"https:\/\/www.appointmed.com\/blog\/3-minuten-mit-valentin-frontend-developer-bei-appointmed","title":{"rendered":"3 Minuten mit Valentin \u2013 Frontend Developer bei appointmed"},"content":{"rendered":"<p>Mit voller Developer-Kraft sind wir in den Herbst gestartet, denn wir durften Valentin im Team begr\u00fc\u00dfen! Warum er eine perfekte Erg\u00e4nzung f\u00fcr unser appointmed Team ist, welche Erfahrungen er mitbringt und was ihn privat begeistert, hat er uns in diesem Interview erz\u00e4hlt.<\/p>\n<h2>Was ist Deine Rolle bei appointmed?<\/h2>\n<p><strong>Ich bin Frontend-Entwickler.<\/strong> Das hei\u00dft: Ich bin f\u00fcr alles verantwortlich, <strong>was der User letztendlich bei sich im Browser sieht<\/strong> und womit er interagiert. Falls also mal etwas falsch dargestellt wird oder bei einem Klick nichts passiert, ist das vermutlich ein Job f\u00fcr mich. :-)<\/p>\n<p>Aber nat\u00fcrlich k\u00fcmmere ich mich nicht nur um Bugs. Auch wenn es neue Funktionen gibt, die etwas \u201eSichtbares\u201c beinhalten, ist das mein Gebiet. Au\u00dferdem diskutiere ich <a href=\"https:\/\/www.appointmed.com\/team#das-appointmed-team-5\">mit den anderen Developern<\/a> neue Konzepte und bringe meine Erfahrung und Perspektive ein.<\/p>\n<h2>Was hast Du vor appointmed gemacht?<\/h2>\n<p>Ich war mein ganzes bisheriges Berufsleben im Frontend t\u00e4tig, die letzten Jahre <strong>haupts\u00e4chlich im Agenturgesch\u00e4ft<\/strong>. Hier habe ich viele Projekte f\u00fcr gro\u00dfe Kunden (zB Adidas und Hugo Boss) umgesetzt, mit einem Hauptaugenmerk auf sehr <strong>aufwendigen und stark interaktiven Designs<\/strong>.<\/p>\n<h2>Was hat Dein Interesse an appointmed geweckt? Warum hast Du Dich f\u00fcr uns entschieden?<\/h2>\n<p>Mich hat es gereizt, mal von der typischen Agenturarbeit wegzukommen, in der man ein Projekt nach dem anderen abarbeitet. <strong>Ich wollte mich mehr auf <em>ein<\/em> Produkt<\/strong> konzentrieren und dieses laufend verbessern. Au\u00dferdem finde ich es spannend, in einem kleinen Team zu arbeiten, in dem man sehr viel mitgestalten kann. Nachdem auch die Kennenlerngespr\u00e4che sehr sympathisch abgelaufen sind, hat dann alles f\u00fcr mich gepasst.<\/p>\n<h2><a href=\"https:\/\/www.appointmed.com\/blog\/wp-content\/uploads\/2023\/12\/valentin-beim-wandern.jpg\"><img loading=\"lazy\" decoding=\"async\" class=\"alignright size-medium wp-image-4286\" src=\"https:\/\/www.appointmed.com\/blog\/wp-content\/uploads\/2023\/12\/valentin-beim-wandern-300x400.jpg\" alt=\"Valentin beim Wandern\" width=\"300\" height=\"400\" srcset=\"https:\/\/www.appointmed.com\/blog\/wp-content\/uploads\/2023\/12\/valentin-beim-wandern-300x400.jpg 300w, https:\/\/www.appointmed.com\/blog\/wp-content\/uploads\/2023\/12\/valentin-beim-wandern-700x933.jpg 700w, https:\/\/www.appointmed.com\/blog\/wp-content\/uploads\/2023\/12\/valentin-beim-wandern-768x1024.jpg 768w, https:\/\/www.appointmed.com\/blog\/wp-content\/uploads\/2023\/12\/valentin-beim-wandern.jpg 960w\" sizes=\"auto, (max-width: 300px) 100vw, 300px\" \/><\/a>Abseits vom Bildschirm: Was machst Du in Deiner Freizeit?<\/h2>\n<p>Ich mag es, mir Kopfh\u00f6rer aufzusetzen, rauszugehen und einfach <strong>planlos durch die Gegend zu spazieren<\/strong>. Nicht ganz so planlos gehe ich auch gerne <strong>wandern<\/strong>. Eine gro\u00dfe Leidenschaft von mir sind auch <strong>Filme<\/strong> und alles, was dahintersteckt, vor allem im Horrorsegment.<\/p>\n<p>Ganz frisch habe ich begonnen <strong>Schlagzeug<\/strong> zu spielen, was mir sehr viel Spa\u00df macht und vielleicht ab und zu hilft, den Frust \u00fcber den ein oder anderen hartn\u00e4ckigen Bug herauslassen zu k\u00f6nnen.<\/p>\n<h2>Unsere Quick-Fire Fragen \u2013 antworte spontan:<\/h2>\n<ol>\n<li><strong>Sonnenaufgang oder Sonnenuntergang?<\/strong> Morgens bin ich froh \u00fcber die aufgehende Sonne, die mich aus dem Bett treibt. Abends will ich nicht, dass sie untergeht. Daf\u00fcr finde ich Sonnenunterg\u00e4nge um einiges sch\u00f6ner. Ich w\u00fcrde also sagen, unentschieden.<\/li>\n<li><strong>Welche Musik l\u00e4uft in Deiner Playlist gerade?<\/strong> Passend zur k\u00e4lteren und ruhigeren Jahreszeit l\u00e4uft bei mir gerade viel Trap, aber wie immer gespickt mit dem ein oder anderen Pop-Klassiker der fr\u00fchen 2000er und nat\u00fcrlich Eminem.<\/li>\n<li><strong>W\u00fcrdest Du einmal in ein anderes Land auswandern wollen? Wenn ja, wohin?<\/strong> Ich w\u00fcrde gerne mal 6\u201312 Monate in Japan leben. Das Land hat mich schon immer fasziniert und ich w\u00fcrde mir gerne die Zeit nehmen, richtig in die Kultur eintauchen zu k\u00f6nnen. Um dauerhaft auszuwandern habe ich noch kein passendes Land gefunden, und eigentlich f\u00fchle ich mich auch sehr wohl hier.<\/li>\n<li><strong>Wie und wo trinkst Du Deinen Kaffee?<\/strong> Am liebsten kurz und schwarz aus meinem Vollautomaten, den ich mir damals als Corona-Frustkauf zugelegt habe und mich damit selbst gezwungen habe, Kaffeetrinker zu werden.<\/li>\n<li><strong>Hund oder Katze?<\/strong> Das ist f\u00fcr mich grunds\u00e4tzlich keine Entweder-Oder-Frage, ich liebe beide. Als Haustier w\u00fcrden f\u00fcr mich allerdings nur Katzen in Frage kommen, weil ein Hund dann doch zu viel Verantwortung bedeuten w\u00fcrde. Daf\u00fcr f\u00fchle ich mich nicht bereit.<\/li>\n<\/ol>\n","protected":false},"excerpt":{"rendered":"<p>Seit Herbst 2023 verst\u00e4rkt Valentin das appointmed Development Team. Warum er eine perfekte Erg\u00e4nzung f\u00fcr uns ist, welche Erfahrungen er mitbringt und was ihn privat begeistert, hat er uns in diesem Interview erz\u00e4hlt.<\/p>\n","protected":false},"author":9,"featured_media":4285,"comment_status":"closed","ping_status":"closed","sticky":false,"template":"","format":"standard","meta":{"_acf_changed":false,"footnotes":""},"categories":[2,6],"tags":[],"class_list":["post-4280","post","type-post","status-publish","format-standard","has-post-thumbnail","hentry","category-blog","category-the-company"],"acf":[],"yoast_head":"<!-- This site is optimized with the Yoast SEO Premium plugin v27.5 (Yoast SEO v27.5) - https:\/\/yoast.com\/product\/yoast-seo-premium-wordpress\/ -->\n<title>Valentin Kuba, Frontend Developer bei appointmed<\/title>\n<meta name=\"description\" content=\"Seit 2023 verst\u00e4rkt Valentin das Development Team. Im Interview verr\u00e4t er, wieso er sich f\u00fcr appointmed als Arbeitgeber entschieden hat.\" \/>\n<meta name=\"robots\" content=\"index, follow, max-snippet:-1, max-image-preview:large, max-video-preview:-1\" \/>\n<link rel=\"canonical\" href=\"https:\/\/www.appointmed.com\/blog\/3-minuten-mit-valentin-frontend-developer-bei-appointmed\" \/>\n<meta property=\"og:locale\" content=\"de_DE\" \/>\n<meta property=\"og:type\" content=\"article\" \/>\n<meta property=\"og:title\" content=\"3 Minuten mit Valentin \u2013 Frontend Developer bei appointmed\" \/>\n<meta property=\"og:description\" content=\"Seit Herbst 2023 verst\u00e4rkt Valentin das appointmed Development Team. Warum er eine perfekte Erg\u00e4nzung f\u00fcr uns ist, welche Erfahrungen er mitbringt und was ihn privat begeistert, hat er uns in diesem Interview erz\u00e4hlt.\" \/>\n<meta property=\"og:url\" content=\"https:\/\/www.appointmed.com\/blog\/3-minuten-mit-valentin-frontend-developer-bei-appointmed\" \/>\n<meta property=\"og:site_name\" content=\"appointmed Blog\" \/>\n<meta property=\"article:publisher\" content=\"https:\/\/www.facebook.com\/appointmed\" \/>\n<meta property=\"article:published_time\" content=\"2023-12-05T13:36:43+00:00\" \/>\n<meta property=\"og:image\" content=\"https:\/\/www.appointmed.com\/blog\/wp-content\/uploads\/2023\/12\/valentin-kuba-frontend-developer-bei-appointmed.jpg\" \/>\n\t<meta property=\"og:image:width\" content=\"1540\" \/>\n\t<meta property=\"og:image:height\" content=\"570\" \/>\n\t<meta property=\"og:image:type\" content=\"image\/jpeg\" \/>\n<meta name=\"author\" content=\"Adela Lucaciu\" \/>\n<meta name=\"twitter:card\" content=\"summary_large_image\" \/>\n<meta name=\"twitter:creator\" content=\"@appointmed\" \/>\n<meta name=\"twitter:site\" content=\"@appointmed\" \/>\n<script type=\"application\/ld+json\" class=\"yoast-schema-graph\">{\"@context\":\"https:\\\/\\\/schema.org\",\"@graph\":[{\"@type\":\"Article\",\"@id\":\"https:\\\/\\\/www.appointmed.com\\\/blog\\\/3-minuten-mit-valentin-frontend-developer-bei-appointmed#article\",\"isPartOf\":{\"@id\":\"https:\\\/\\\/www.appointmed.com\\\/blog\\\/3-minuten-mit-valentin-frontend-developer-bei-appointmed\"},\"author\":{\"name\":\"Adela Lucaciu\",\"@id\":\"https:\\\/\\\/www.appointmed.com\\\/blog\\\/#\\\/schema\\\/person\\\/7c87914b902c7473ced100f9e68eaaa5\"},\"headline\":\"3 Minuten mit Valentin \u2013 Frontend Developer bei appointmed\",\"datePublished\":\"2023-12-05T13:36:43+00:00\",\"mainEntityOfPage\":{\"@id\":\"https:\\\/\\\/www.appointmed.com\\\/blog\\\/3-minuten-mit-valentin-frontend-developer-bei-appointmed\"},\"wordCount\":594,\"publisher\":{\"@id\":\"https:\\\/\\\/www.appointmed.com\\\/blog\\\/#organization\"},\"image\":{\"@id\":\"https:\\\/\\\/www.appointmed.com\\\/blog\\\/3-minuten-mit-valentin-frontend-developer-bei-appointmed#primaryimage\"},\"thumbnailUrl\":\"https:\\\/\\\/www.appointmed.com\\\/blog\\\/wp-content\\\/uploads\\\/2023\\\/12\\\/valentin-kuba-frontend-developer-bei-appointmed.jpg\",\"articleSection\":[\"Blog\",\"\u00dcber appointmed\"],\"inLanguage\":\"de\"},{\"@type\":\"WebPage\",\"@id\":\"https:\\\/\\\/www.appointmed.com\\\/blog\\\/3-minuten-mit-valentin-frontend-developer-bei-appointmed\",\"url\":\"https:\\\/\\\/www.appointmed.com\\\/blog\\\/3-minuten-mit-valentin-frontend-developer-bei-appointmed\",\"name\":\"Valentin Kuba, Frontend Developer bei appointmed\",\"isPartOf\":{\"@id\":\"https:\\\/\\\/www.appointmed.com\\\/blog\\\/#website\"},\"primaryImageOfPage\":{\"@id\":\"https:\\\/\\\/www.appointmed.com\\\/blog\\\/3-minuten-mit-valentin-frontend-developer-bei-appointmed#primaryimage\"},\"image\":{\"@id\":\"https:\\\/\\\/www.appointmed.com\\\/blog\\\/3-minuten-mit-valentin-frontend-developer-bei-appointmed#primaryimage\"},\"thumbnailUrl\":\"https:\\\/\\\/www.appointmed.com\\\/blog\\\/wp-content\\\/uploads\\\/2023\\\/12\\\/valentin-kuba-frontend-developer-bei-appointmed.jpg\",\"datePublished\":\"2023-12-05T13:36:43+00:00\",\"description\":\"Seit 2023 verst\u00e4rkt Valentin das Development Team. Im Interview verr\u00e4t er, wieso er sich f\u00fcr appointmed als Arbeitgeber entschieden hat.\",\"breadcrumb\":{\"@id\":\"https:\\\/\\\/www.appointmed.com\\\/blog\\\/3-minuten-mit-valentin-frontend-developer-bei-appointmed#breadcrumb\"},\"inLanguage\":\"de\",\"potentialAction\":[{\"@type\":\"ReadAction\",\"target\":[\"https:\\\/\\\/www.appointmed.com\\\/blog\\\/3-minuten-mit-valentin-frontend-developer-bei-appointmed\"]}]},{\"@type\":\"ImageObject\",\"inLanguage\":\"de\",\"@id\":\"https:\\\/\\\/www.appointmed.com\\\/blog\\\/3-minuten-mit-valentin-frontend-developer-bei-appointmed#primaryimage\",\"url\":\"https:\\\/\\\/www.appointmed.com\\\/blog\\\/wp-content\\\/uploads\\\/2023\\\/12\\\/valentin-kuba-frontend-developer-bei-appointmed.jpg\",\"contentUrl\":\"https:\\\/\\\/www.appointmed.com\\\/blog\\\/wp-content\\\/uploads\\\/2023\\\/12\\\/valentin-kuba-frontend-developer-bei-appointmed.jpg\",\"width\":1540,\"height\":570,\"caption\":\"Valentin Kuba, Frontend Developer bei appointmed\"},{\"@type\":\"BreadcrumbList\",\"@id\":\"https:\\\/\\\/www.appointmed.com\\\/blog\\\/3-minuten-mit-valentin-frontend-developer-bei-appointmed#breadcrumb\",\"itemListElement\":[{\"@type\":\"ListItem\",\"position\":1,\"name\":\"Startseite\",\"item\":\"https:\\\/\\\/www.appointmed.com\\\/blog\\\/\"},{\"@type\":\"ListItem\",\"position\":2,\"name\":\"3 Minuten mit Valentin \u2013 Frontend Developer bei appointmed\"}]},{\"@type\":\"WebSite\",\"@id\":\"https:\\\/\\\/www.appointmed.com\\\/blog\\\/#website\",\"url\":\"https:\\\/\\\/www.appointmed.com\\\/blog\\\/\",\"name\":\"appointmed Blog\",\"description\":\"Die unkomplizierte Praxissoftware\",\"publisher\":{\"@id\":\"https:\\\/\\\/www.appointmed.com\\\/blog\\\/#organization\"},\"potentialAction\":[{\"@type\":\"SearchAction\",\"target\":{\"@type\":\"EntryPoint\",\"urlTemplate\":\"https:\\\/\\\/www.appointmed.com\\\/blog\\\/?s={search_term_string}\"},\"query-input\":{\"@type\":\"PropertyValueSpecification\",\"valueRequired\":true,\"valueName\":\"search_term_string\"}}],\"inLanguage\":\"de\"},{\"@type\":\"Organization\",\"@id\":\"https:\\\/\\\/www.appointmed.com\\\/blog\\\/#organization\",\"name\":\"appointmed GmbH\",\"url\":\"https:\\\/\\\/www.appointmed.com\\\/blog\\\/\",\"logo\":{\"@type\":\"ImageObject\",\"inLanguage\":\"de\",\"@id\":\"https:\\\/\\\/www.appointmed.com\\\/blog\\\/#\\\/schema\\\/logo\\\/image\\\/\",\"url\":\"https:\\\/\\\/www.appointmed.com\\\/blog\\\/wp-content\\\/uploads\\\/2019\\\/08\\\/appointmed-Logo-V2-cropped-transparent.png\",\"contentUrl\":\"https:\\\/\\\/www.appointmed.com\\\/blog\\\/wp-content\\\/uploads\\\/2019\\\/08\\\/appointmed-Logo-V2-cropped-transparent.png\",\"width\":1200,\"height\":257,\"caption\":\"appointmed GmbH\"},\"image\":{\"@id\":\"https:\\\/\\\/www.appointmed.com\\\/blog\\\/#\\\/schema\\\/logo\\\/image\\\/\"},\"sameAs\":[\"https:\\\/\\\/www.facebook.com\\\/appointmed\",\"https:\\\/\\\/x.com\\\/appointmed\",\"https:\\\/\\\/www.instagram.com\\\/appointmed\",\"https:\\\/\\\/de.linkedin.com\\\/company\\\/appointmed\",\"https:\\\/\\\/www.youtube.com\\\/appointmed\"]},{\"@type\":\"Person\",\"@id\":\"https:\\\/\\\/www.appointmed.com\\\/blog\\\/#\\\/schema\\\/person\\\/7c87914b902c7473ced100f9e68eaaa5\",\"name\":\"Adela Lucaciu\",\"image\":{\"@type\":\"ImageObject\",\"inLanguage\":\"de\",\"@id\":\"https:\\\/\\\/secure.gravatar.com\\\/avatar\\\/c47a9fbea0013b30c400962d2b7dc8dbe3247d4b787296a5a813ac70bb61f120?s=96&d=mm&r=g\",\"url\":\"https:\\\/\\\/secure.gravatar.com\\\/avatar\\\/c47a9fbea0013b30c400962d2b7dc8dbe3247d4b787296a5a813ac70bb61f120?s=96&d=mm&r=g\",\"contentUrl\":\"https:\\\/\\\/secure.gravatar.com\\\/avatar\\\/c47a9fbea0013b30c400962d2b7dc8dbe3247d4b787296a5a813ac70bb61f120?s=96&d=mm&r=g\",\"caption\":\"Adela Lucaciu\"},\"description\":\"Urspr\u00fcnglich aus dem HR und Recruiting Bereich kommend, ist Adelas wahre St\u00e4rke die pers\u00f6nliche Kommunikation mit Menschen. Sie ist die erste Anlaufstelle f\u00fcr Fragen aller Art und sorgt bei unseren Kunden f\u00fcr einen reibungslosen Ablauf mit appointmed.\",\"sameAs\":[\"https:\\\/\\\/www.appointmed.com\\\/team\"],\"jobTitle\":\"Customer Success Specialist\",\"worksFor\":\"appointmed GmbH\",\"url\":\"https:\\\/\\\/www.appointmed.com\\\/blog\\\/author\\\/adela\"}]}<\/script>\n<!-- \/ Yoast SEO Premium plugin. -->","yoast_head_json":{"title":"Valentin Kuba, Frontend Developer bei appointmed","description":"Seit 2023 verst\u00e4rkt Valentin das Development Team. Im Interview verr\u00e4t er, wieso er sich f\u00fcr appointmed als Arbeitgeber entschieden hat.","robots":{"index":"index","follow":"follow","max-snippet":"max-snippet:-1","max-image-preview":"max-image-preview:large","max-video-preview":"max-video-preview:-1"},"canonical":"https:\/\/www.appointmed.com\/blog\/3-minuten-mit-valentin-frontend-developer-bei-appointmed","og_locale":"de_DE","og_type":"article","og_title":"3 Minuten mit Valentin \u2013 Frontend Developer bei appointmed","og_description":"Seit Herbst 2023 verst\u00e4rkt Valentin das appointmed Development Team. Warum er eine perfekte Erg\u00e4nzung f\u00fcr uns ist, welche Erfahrungen er mitbringt und was ihn privat begeistert, hat er uns in diesem Interview erz\u00e4hlt.","og_url":"https:\/\/www.appointmed.com\/blog\/3-minuten-mit-valentin-frontend-developer-bei-appointmed","og_site_name":"appointmed Blog","article_publisher":"https:\/\/www.facebook.com\/appointmed","article_published_time":"2023-12-05T13:36:43+00:00","og_image":[{"width":1540,"height":570,"url":"https:\/\/www.appointmed.com\/blog\/wp-content\/uploads\/2023\/12\/valentin-kuba-frontend-developer-bei-appointmed.jpg","type":"image\/jpeg"}],"author":"Adela Lucaciu","twitter_card":"summary_large_image","twitter_creator":"@appointmed","twitter_site":"@appointmed","schema":{"@context":"https:\/\/schema.org","@graph":[{"@type":"Article","@id":"https:\/\/www.appointmed.com\/blog\/3-minuten-mit-valentin-frontend-developer-bei-appointmed#article","isPartOf":{"@id":"https:\/\/www.appointmed.com\/blog\/3-minuten-mit-valentin-frontend-developer-bei-appointmed"},"author":{"name":"Adela Lucaciu","@id":"https:\/\/www.appointmed.com\/blog\/#\/schema\/person\/7c87914b902c7473ced100f9e68eaaa5"},"headline":"3 Minuten mit Valentin \u2013 Frontend Developer bei appointmed","datePublished":"2023-12-05T13:36:43+00:00","mainEntityOfPage":{"@id":"https:\/\/www.appointmed.com\/blog\/3-minuten-mit-valentin-frontend-developer-bei-appointmed"},"wordCount":594,"publisher":{"@id":"https:\/\/www.appointmed.com\/blog\/#organization"},"image":{"@id":"https:\/\/www.appointmed.com\/blog\/3-minuten-mit-valentin-frontend-developer-bei-appointmed#primaryimage"},"thumbnailUrl":"https:\/\/www.appointmed.com\/blog\/wp-content\/uploads\/2023\/12\/valentin-kuba-frontend-developer-bei-appointmed.jpg","articleSection":["Blog","\u00dcber appointmed"],"inLanguage":"de"},{"@type":"WebPage","@id":"https:\/\/www.appointmed.com\/blog\/3-minuten-mit-valentin-frontend-developer-bei-appointmed","url":"https:\/\/www.appointmed.com\/blog\/3-minuten-mit-valentin-frontend-developer-bei-appointmed","name":"Valentin Kuba, Frontend Developer bei appointmed","isPartOf":{"@id":"https:\/\/www.appointmed.com\/blog\/#website"},"primaryImageOfPage":{"@id":"https:\/\/www.appointmed.com\/blog\/3-minuten-mit-valentin-frontend-developer-bei-appointmed#primaryimage"},"image":{"@id":"https:\/\/www.appointmed.com\/blog\/3-minuten-mit-valentin-frontend-developer-bei-appointmed#primaryimage"},"thumbnailUrl":"https:\/\/www.appointmed.com\/blog\/wp-content\/uploads\/2023\/12\/valentin-kuba-frontend-developer-bei-appointmed.jpg","datePublished":"2023-12-05T13:36:43+00:00","description":"Seit 2023 verst\u00e4rkt Valentin das Development Team. Im Interview verr\u00e4t er, wieso er sich f\u00fcr appointmed als Arbeitgeber entschieden hat.","breadcrumb":{"@id":"https:\/\/www.appointmed.com\/blog\/3-minuten-mit-valentin-frontend-developer-bei-appointmed#breadcrumb"},"inLanguage":"de","potentialAction":[{"@type":"ReadAction","target":["https:\/\/www.appointmed.com\/blog\/3-minuten-mit-valentin-frontend-developer-bei-appointmed"]}]},{"@type":"ImageObject","inLanguage":"de","@id":"https:\/\/www.appointmed.com\/blog\/3-minuten-mit-valentin-frontend-developer-bei-appointmed#primaryimage","url":"https:\/\/www.appointmed.com\/blog\/wp-content\/uploads\/2023\/12\/valentin-kuba-frontend-developer-bei-appointmed.jpg","contentUrl":"https:\/\/www.appointmed.com\/blog\/wp-content\/uploads\/2023\/12\/valentin-kuba-frontend-developer-bei-appointmed.jpg","width":1540,"height":570,"caption":"Valentin Kuba, Frontend Developer bei appointmed"},{"@type":"BreadcrumbList","@id":"https:\/\/www.appointmed.com\/blog\/3-minuten-mit-valentin-frontend-developer-bei-appointmed#breadcrumb","itemListElement":[{"@type":"ListItem","position":1,"name":"Startseite","item":"https:\/\/www.appointmed.com\/blog\/"},{"@type":"ListItem","position":2,"name":"3 Minuten mit Valentin \u2013 Frontend Developer bei appointmed"}]},{"@type":"WebSite","@id":"https:\/\/www.appointmed.com\/blog\/#website","url":"https:\/\/www.appointmed.com\/blog\/","name":"appointmed Blog","description":"Die unkomplizierte Praxissoftware","publisher":{"@id":"https:\/\/www.appointmed.com\/blog\/#organization"},"potentialAction":[{"@type":"SearchAction","target":{"@type":"EntryPoint","urlTemplate":"https:\/\/www.appointmed.com\/blog\/?s={search_term_string}"},"query-input":{"@type":"PropertyValueSpecification","valueRequired":true,"valueName":"search_term_string"}}],"inLanguage":"de"},{"@type":"Organization","@id":"https:\/\/www.appointmed.com\/blog\/#organization","name":"appointmed GmbH","url":"https:\/\/www.appointmed.com\/blog\/","logo":{"@type":"ImageObject","inLanguage":"de","@id":"https:\/\/www.appointmed.com\/blog\/#\/schema\/logo\/image\/","url":"https:\/\/www.appointmed.com\/blog\/wp-content\/uploads\/2019\/08\/appointmed-Logo-V2-cropped-transparent.png","contentUrl":"https:\/\/www.appointmed.com\/blog\/wp-content\/uploads\/2019\/08\/appointmed-Logo-V2-cropped-transparent.png","width":1200,"height":257,"caption":"appointmed GmbH"},"image":{"@id":"https:\/\/www.appointmed.com\/blog\/#\/schema\/logo\/image\/"},"sameAs":["https:\/\/www.facebook.com\/appointmed","https:\/\/x.com\/appointmed","https:\/\/www.instagram.com\/appointmed","https:\/\/de.linkedin.com\/company\/appointmed","https:\/\/www.youtube.com\/appointmed"]},{"@type":"Person","@id":"https:\/\/www.appointmed.com\/blog\/#\/schema\/person\/7c87914b902c7473ced100f9e68eaaa5","name":"Adela Lucaciu","image":{"@type":"ImageObject","inLanguage":"de","@id":"https:\/\/secure.gravatar.com\/avatar\/c47a9fbea0013b30c400962d2b7dc8dbe3247d4b787296a5a813ac70bb61f120?s=96&d=mm&r=g","url":"https:\/\/secure.gravatar.com\/avatar\/c47a9fbea0013b30c400962d2b7dc8dbe3247d4b787296a5a813ac70bb61f120?s=96&d=mm&r=g","contentUrl":"https:\/\/secure.gravatar.com\/avatar\/c47a9fbea0013b30c400962d2b7dc8dbe3247d4b787296a5a813ac70bb61f120?s=96&d=mm&r=g","caption":"Adela Lucaciu"},"description":"Urspr\u00fcnglich aus dem HR und Recruiting Bereich kommend, ist Adelas wahre St\u00e4rke die pers\u00f6nliche Kommunikation mit Menschen. Sie ist die erste Anlaufstelle f\u00fcr Fragen aller Art und sorgt bei unseren Kunden f\u00fcr einen reibungslosen Ablauf mit appointmed.","sameAs":["https:\/\/www.appointmed.com\/team"],"jobTitle":"Customer Success Specialist","worksFor":"appointmed GmbH","url":"https:\/\/www.appointmed.com\/blog\/author\/adela"}]}},"_links":{"self":[{"href":"https:\/\/www.appointmed.com\/blog\/wp-json\/wp\/v2\/posts\/4280","targetHints":{"allow":["GET"]}}],"collection":[{"href":"https:\/\/www.appointmed.com\/blog\/wp-json\/wp\/v2\/posts"}],"about":[{"href":"https:\/\/www.appointmed.com\/blog\/wp-json\/wp\/v2\/types\/post"}],"author":[{"embeddable":true,"href":"https:\/\/www.appointmed.com\/blog\/wp-json\/wp\/v2\/users\/9"}],"replies":[{"embeddable":true,"href":"https:\/\/www.appointmed.com\/blog\/wp-json\/wp\/v2\/comments?post=4280"}],"version-history":[{"count":0,"href":"https:\/\/www.appointmed.com\/blog\/wp-json\/wp\/v2\/posts\/4280\/revisions"}],"wp:featuredmedia":[{"embeddable":true,"href":"https:\/\/www.appointmed.com\/blog\/wp-json\/wp\/v2\/media\/4285"}],"wp:attachment":[{"href":"https:\/\/www.appointmed.com\/blog\/wp-json\/wp\/v2\/media?parent=4280"}],"wp:term":[{"taxonomy":"category","embeddable":true,"href":"https:\/\/www.appointmed.com\/blog\/wp-json\/wp\/v2\/categories?post=4280"},{"taxonomy":"post_tag","embeddable":true,"href":"https:\/\/www.appointmed.com\/blog\/wp-json\/wp\/v2\/tags?post=4280"}],"curies":[{"name":"wp","href":"https:\/\/api.w.org\/{rel}","templated":true}]}}