{"id":4874,"date":"2024-06-07T15:06:06","date_gmt":"2024-06-07T13:06:06","guid":{"rendered":"https:\/\/www.appointmed.com\/blog\/?p=4874"},"modified":"2025-06-16T17:59:42","modified_gmt":"2025-06-16T15:59:42","slug":"appointmeet-warum-die-heilpraktikerin-fuer-psychotherapie-sandra-cordes-zu-appointmed-wechselte","status":"publish","type":"post","link":"https:\/\/www.appointmed.com\/blog\/appointmeet-warum-die-heilpraktikerin-fuer-psychotherapie-sandra-cordes-zu-appointmed-wechselte","title":{"rendered":"appointMeet: Warum die Heilpraktikerin f\u00fcr Psychotherapie Sandra Cordes zu appointmed wechselte"},"content":{"rendered":"<p><strong>Sandra Cordes<\/strong> ist <strong>Heilpraktikerin f\u00fcr Psychotherapie und Systemische Therapeutin<\/strong>. Sie nutzt appointmed seit 3 Jahren [Anm.: Seit 2021], da ihre damalige Praxissoftware ihren Bed\u00fcrfnissen nicht mehr gerecht wurde. Heute nutzt sie appointmed vor allem f\u00fcr die <strong>Terminplanung und die Abrechnung<\/strong>. Am meisten sch\u00e4tzt Sandra den <strong>schnellen und hilfreichen Support<\/strong> und dass sie den Kalender auch mobil nutzen kann.<\/p>\n<h2>Hallo Sandra, bitte stell Dich kurz vor!<\/h2>\n<p>Ich bin Heilpraktikerin f\u00fcr Psychotherapie und Systemische Therapeutin, was bedeutet, dass ich <strong>Psychotherapie nach dem Heilpraktikergesetz<\/strong> in Deutschland anbiete. <strong>Dabei lege ich gro\u00dfen Wert auf Professionalit\u00e4t<\/strong> und hatte eine ausgezeichnete Ausbilderin, auf die das ebenfalls zutrifft. Da unser Beruf oft skeptisch betrachtet wird, ist dieser Aspekt besonders wichtig.<\/p>\n<p>Urspr\u00fcnglich habe ich meine berufliche Laufbahn als kaufm\u00e4nnische Angestellte begonnen, habe aber Ende 20\/Anfang 30 bemerkt, dass mich dieser Weg \u00fcberhaupt nicht erf\u00fcllt. Ich wollte beruflich etwas ver\u00e4ndern und dachte zun\u00e4chst daran, <strong>Psychologie zu studieren<\/strong>.<\/p>\n<blockquote><p>Als Kind wollte ich immer Gedanken lesen k\u00f6nnen, weil mich fasziniert hat, wie andere Menschen ticken.<\/p><\/blockquote>\n<p>Dieses Interesse hat mich immer schon begleitet. Aber in dem Alter hat man oft Verpflichtungen, wie eine eigene Wohnung und ein Auto, und man meint, nicht mehr auf ein regelm\u00e4\u00dfiges Einkommen verzichten zu k\u00f6nnen. Damals waren die Studieng\u00e4nge noch auf \u201eDiplom\u201c ausgelegt und <strong>nebenberufliche Studienm\u00f6glichkeiten gab es nicht<\/strong>. Mit 35 Jahren begann ich die <strong>Ausbildung zur Heilpraktikerin f\u00fcr Psychotherapie<\/strong> und Systemischen Therapeutin, die ich mit 40 abschloss.<\/p>\n<blockquote><p>Ich wollte mich erstmal nebenberuflich selbstst\u00e4ndig machen, aber als mein Betrieb insolvent ging, musste ich ins kalte Wasser springen und meine eigene Praxis starten.<\/p><\/blockquote>\n<p><strong>Die Anfangszeit war m\u00fchsam<\/strong> und es dauerte vier Jahre, bis ich wirklich Fu\u00df fassen konnte. Heute l\u00e4uft es aber gut und ich bin <strong>zufrieden mit meiner Entscheidung<\/strong>.<\/p>\n<h2>Was ist Dein beruflicher Schwerpunkt?<\/h2>\n<p>Gestartet habe ich mit der <strong>Behandlung typischer St\u00f6rungsbilder wie Depression und Angstst\u00f6rungen<\/strong>. Daraus habe ich mich in Richtung Paartherapie, Familientherapie und Beziehungsthemen spezialisiert. Mich zeichnet aus, dass ich sehr direkt bin und auch Dinge aufzeige, die weh tun. Das ist effizient und in meinen Sitzungen passiert dadurch sehr viel.<\/p>\n<h2>Wie hat sich die Art Deiner Praxisverwaltung entwickelt?<\/h2>\n<p>Anfangs hatte ich kein Interesse daran, mehr in ein digitales System zu investieren, aber das hat sich ver\u00e4ndert. Trotz der anf\u00e4nglichen Nutzung eines Praxisprogramms habe ich festgestellt, dass dieses <strong>meinen Bed\u00fcrfnissen nicht mehr gerecht wurde<\/strong>.<\/p>\n<p>Der entscheidende <strong>Grund f\u00fcr den Wechsel zu appointmed<\/strong> war die Notwendigkeit, mehrere Standorte verwalten zu k\u00f6nnen, was das alte Programm nicht erm\u00f6glichte. Auch die <a href=\"https:\/\/www.appointmed.com\/software-fuer-die-gemeinschaftspraxis\">Mitarbeiterverwaltung<\/a> war ein wichtiger Faktor. Au\u00dferdem konnte ich <a href=\"https:\/\/www.appointmed.com\/verrechnung-und-registrierkasse\">Rechnungen<\/a> nicht direkt aus dem alten Programm verschicken, was umst\u00e4ndlich war. <strong>Mit appointmed geht das heute problemlos.<\/strong><\/p>\n<p><img loading=\"lazy\" decoding=\"async\" class=\"alignnone size-large wp-image-4865\" src=\"https:\/\/www.appointmed.com\/blog\/wp-content\/uploads\/2024\/06\/heilpraktikerin-sandra-cordes-700x230.jpg\" alt=\"Heilpraktikerin Sandra Cordes\" width=\"700\" height=\"230\" srcset=\"https:\/\/www.appointmed.com\/blog\/wp-content\/uploads\/2024\/06\/heilpraktikerin-sandra-cordes-700x230.jpg 700w, https:\/\/www.appointmed.com\/blog\/wp-content\/uploads\/2024\/06\/heilpraktikerin-sandra-cordes-300x99.jpg 300w, https:\/\/www.appointmed.com\/blog\/wp-content\/uploads\/2024\/06\/heilpraktikerin-sandra-cordes-768x253.jpg 768w, https:\/\/www.appointmed.com\/blog\/wp-content\/uploads\/2024\/06\/heilpraktikerin-sandra-cordes-1536x506.jpg 1536w, https:\/\/www.appointmed.com\/blog\/wp-content\/uploads\/2024\/06\/heilpraktikerin-sandra-cordes.jpg 1540w\" sizes=\"auto, (max-width: 700px) 100vw, 700px\" \/><\/p>\n<h2>Woher kennst Du appointmed?<\/h2>\n<p>Ich habe gegoogelt und ein paar Anbieter getestet. Ich kann mich nicht mehr ganz genau erinnern, aber ich glaube, ich habe damals den gesamten Rahmen eurer <a style=\"cursor: pointer;\" data-micromodal-trigger=\"global-signup\">zweiw\u00f6chigen Testphase<\/a> genutzt.<\/p>\n<h2>Welche Funktionen von appointmed nutzt Du am meisten?<\/h2>\n<p>Ich benutze haupts\u00e4chlich den <a href=\"https:\/\/www.appointmed.com\/kalender-und-ressourcen\">Terminkalender<\/a>, und die <a href=\"https:\/\/www.appointmed.com\/verrechnung-und-registrierkasse\">Verrechnung<\/a> um Honorarnoten per E-Mail versenden zu k\u00f6nnen. Die Funktion der Zahlungserinnerungen nutze ich manchmal, aber tats\u00e4chlich bezahlen die meisten Klientinnen sofort. In puncto Dokumentation organisiere ich mich etwas speziell und lege daher nicht immer alles in der Patientenakte von appointmed ab.<\/p>\n<p><strong>Adela: <\/strong>Nutzt Du die Online-Terminbuchung?<\/p>\n<p>Nein, ich m\u00f6chte nicht, dass jemand eigenm\u00e4chtig bei mir Termine einbucht, und m\u00f6chte das f\u00fcr mich so flexibel wie m\u00f6glich halten.<\/p>\n<p>Was f\u00fcr mich inzwischen allerdings unverzichtbar geworden ist, sind die <a href=\"https:\/\/www.appointmed.com\/terminerinnerungen-fuer-patienten\">automatischen Terminerinnerungen<\/a> f\u00fcr PatientInnen. Seit ich diese einsetze <strong>kommt es kaum noch zu Terminausf\u00e4llen<\/strong> oder kurzfristigen Terminabsagen.<\/p>\n<h2>Solltest Du appointmed einmal nicht mehr verwenden, was w\u00fcrde Dir am meisten fehlen?<\/h2>\n<blockquote><p>Euer Support, der ist super! Wenn ich eine Frage habe, dann antwortet der Support wirklich schnell. Schnell und auch hilfreich.<\/p><\/blockquote>\n<p>Aber grunds\u00e4tzlich w\u00fcrde ich sagen: Die Kalenderfunktion. \u00dcber die App kann ich \u00fcberall darauf zugreifen. F\u00fcr mich ist wichtig, dass es nicht standortgebunden ist.<\/p>\n<h2>Was k\u00f6nnten wir aus Deiner Sicht noch verbessern?<\/h2>\n<p>Ideal w\u00e4re, wenn ich direkt in appointmed mit dem Stift handschriftlich dokumentieren k\u00f6nnte.<\/p>\n<p><strong>Adela: <\/strong>Ist notiert, danke.<\/p>\n<p>Ich biete Paartherapien an, kann aber nur eine Einzelperson anlegen und Rechnungen an diese versenden. Da w\u00fcrde ich gerne einfach nur noch einen weiteren Namen dazu schreiben k\u00f6nnen.<\/p>\n<p><strong>Adela:<\/strong> Grunds\u00e4tzlich ist appointmed f\u00fcr Einzelsitzungen konzipiert. Aber als Tipp k\u00f6nntest Du einstweilen die Namen des Paares jeweils in das Vorname- und das Nachnamefeld eingeben. Auf der Rechnung erscheinen dadurch die Namen beider Personen.<\/p>\n<p>Auf die Idee bin ich noch nicht gekommen, aber das werde ich mal versuchen.<\/p>\n<p>Ich hatte fr\u00fcher eine Mitarbeiterin, die brauchte auch <strong>Zugriff auf den Patientenstamm und den Kalender<\/strong>. Allerdings wollte ich den <strong>Zugriff auf die Rechnungen einschr\u00e4nken<\/strong>. Das ging mit eurer Unterst\u00fctzung auch sofort. <strong>Wie gesagt, euer Support ist super.<\/strong> Mich hat nur erstaunt, dass appointmed mit einem zus\u00e4tzlichen Mitarbeiter doppelt so viel kostet.<\/p>\n<p><strong>Adela<\/strong>: Ja, das war beim alten Pricing der Fall. Wir haben hier aber inzwischen nachgebessert und bieten Angestellte und administrative MitarbeiterInnen zu einem verg\u00fcnstigten Preis an. Zus\u00e4tzlich gibt es ab 2 NutzerInnen auch Mengenrabatte von bis zu 25 %.<\/p>\n<h2>Zum Abschluss noch eine kreative Frage: Wenn appointmed ein Tier w\u00e4re, welches w\u00e4re es?<\/h2>\n<p>Etwas Emsiges, vielleicht eine Biene. Ich finde, appointmed ist eher wie ein Steuerberater: <strong>Strukturiert, gem\u00e4chlich, organisiert<\/strong>.<\/p>\n<hr \/>\n<h2>Steckbrief<\/h2>\n<table>\n<tbody>\n<tr>\n<td>Name:<\/td>\n<td>Sandra Cordes<\/td>\n<\/tr>\n<tr>\n<td>Beruf:<\/td>\n<td>Heilpraktikerin f\u00fcr Psychotherapie und Systemische Therapeutin<\/td>\n<\/tr>\n<tr>\n<td>Praxis:<\/td>\n<td>Hofstra\u00dfe 71<br \/>\n48712 Gescher<\/td>\n<\/tr>\n<tr>\n<td>Website:<\/td>\n<td><a href=\"https:\/\/www.cordes-sandra.de\" target=\"_blank\" rel=\"noopener\">cordes-sandra.de<\/a><\/td>\n<\/tr>\n<tr>\n<td>Bei uns seit:<\/td>\n<td>Februar 2021<\/td>\n<\/tr>\n<\/tbody>\n<\/table>\n","protected":false},"excerpt":{"rendered":"<p>Sandra Cordes ist Heilpraktikerin f\u00fcr Psychotherapie und Systemische Therapeutin. Sie nutzt appointmed seit 3 Jahren, da ihre damalige Praxissoftware ihren Bed\u00fcrfnissen nicht mehr gerecht wurde. Heute nutzt sie appointmed vor allem f\u00fcr die Terminplanung und die Abrechnung. Am meisten sch\u00e4tzt Sandra den schnellen und hilfreichen Support und dass sie den Kalender auch mobil nutzen kann.<\/p>\n","protected":false},"author":9,"featured_media":4864,"comment_status":"closed","ping_status":"closed","sticky":false,"template":"","format":"standard","meta":{"_acf_changed":false,"footnotes":""},"categories":[5,2],"tags":[3185,3183],"class_list":["post-4874","post","type-post","status-publish","format-standard","has-post-thumbnail","hentry","category-appointmeet","category-blog","tag-heilpraktikerin","tag-psychotherapeutin"],"acf":[],"yoast_head":"<!-- This site is optimized with the Yoast SEO Premium plugin v27.5 (Yoast SEO v27.5) - https:\/\/yoast.com\/product\/yoast-seo-premium-wordpress\/ -->\n<title>Heilpraktikerin Sandra Cordes setzt auf appointmed<\/title>\n<meta name=\"description\" content=\"Die Heilpraktikerin f\u00fcr Psychotherapie wechselte zu appointmed, nachdem ihre alte Software ihren Anspr\u00fcchen nicht mehr gerecht wurde.\" \/>\n<meta name=\"robots\" content=\"index, follow, max-snippet:-1, max-image-preview:large, max-video-preview:-1\" \/>\n<link rel=\"canonical\" href=\"https:\/\/www.appointmed.com\/blog\/appointmeet-warum-die-heilpraktikerin-fuer-psychotherapie-sandra-cordes-zu-appointmed-wechselte\" \/>\n<meta property=\"og:locale\" content=\"de_DE\" \/>\n<meta property=\"og:type\" content=\"article\" \/>\n<meta property=\"og:title\" content=\"appointMeet: Warum die Heilpraktikerin f\u00fcr Psychotherapie Sandra Cordes zu appointmed wechselte\" \/>\n<meta property=\"og:description\" content=\"Sandra Cordes ist Heilpraktikerin f\u00fcr Psychotherapie und Systemische Therapeutin. Sie nutzt appointmed seit 3 Jahren, da ihre damalige Praxissoftware ihren Bed\u00fcrfnissen nicht mehr gerecht wurde. Heute nutzt sie appointmed vor allem f\u00fcr die Terminplanung und die Abrechnung. Am meisten sch\u00e4tzt Sandra den schnellen und hilfreichen Support und dass sie den Kalender auch mobil nutzen kann.\" \/>\n<meta property=\"og:url\" content=\"https:\/\/www.appointmed.com\/blog\/appointmeet-warum-die-heilpraktikerin-fuer-psychotherapie-sandra-cordes-zu-appointmed-wechselte\" \/>\n<meta property=\"og:site_name\" content=\"appointmed Blog\" \/>\n<meta property=\"article:publisher\" content=\"https:\/\/www.facebook.com\/appointmed\" \/>\n<meta property=\"article:published_time\" content=\"2024-06-07T13:06:06+00:00\" \/>\n<meta property=\"article:modified_time\" content=\"2025-06-16T15:59:42+00:00\" \/>\n<meta property=\"og:image\" content=\"https:\/\/www.appointmed.com\/blog\/wp-content\/uploads\/2024\/06\/heilpraktikerin-sandra-cordes-vertraut-auf-appointmed.jpg\" \/>\n\t<meta property=\"og:image:width\" content=\"1540\" \/>\n\t<meta property=\"og:image:height\" content=\"570\" \/>\n\t<meta property=\"og:image:type\" content=\"image\/jpeg\" \/>\n<meta name=\"author\" content=\"Adela Lucaciu\" \/>\n<meta name=\"twitter:card\" content=\"summary_large_image\" \/>\n<meta name=\"twitter:creator\" content=\"@appointmed\" \/>\n<meta name=\"twitter:site\" content=\"@appointmed\" \/>\n<script type=\"application\/ld+json\" class=\"yoast-schema-graph\">{\"@context\":\"https:\\\/\\\/schema.org\",\"@graph\":[{\"@type\":\"Article\",\"@id\":\"https:\\\/\\\/www.appointmed.com\\\/blog\\\/appointmeet-warum-die-heilpraktikerin-fuer-psychotherapie-sandra-cordes-zu-appointmed-wechselte#article\",\"isPartOf\":{\"@id\":\"https:\\\/\\\/www.appointmed.com\\\/blog\\\/appointmeet-warum-die-heilpraktikerin-fuer-psychotherapie-sandra-cordes-zu-appointmed-wechselte\"},\"author\":{\"name\":\"Adela Lucaciu\",\"@id\":\"https:\\\/\\\/www.appointmed.com\\\/blog\\\/#\\\/schema\\\/person\\\/7c87914b902c7473ced100f9e68eaaa5\"},\"headline\":\"appointMeet: Warum die Heilpraktikerin f\u00fcr Psychotherapie Sandra Cordes zu appointmed wechselte\",\"datePublished\":\"2024-06-07T13:06:06+00:00\",\"dateModified\":\"2025-06-16T15:59:42+00:00\",\"mainEntityOfPage\":{\"@id\":\"https:\\\/\\\/www.appointmed.com\\\/blog\\\/appointmeet-warum-die-heilpraktikerin-fuer-psychotherapie-sandra-cordes-zu-appointmed-wechselte\"},\"wordCount\":940,\"publisher\":{\"@id\":\"https:\\\/\\\/www.appointmed.com\\\/blog\\\/#organization\"},\"image\":{\"@id\":\"https:\\\/\\\/www.appointmed.com\\\/blog\\\/appointmeet-warum-die-heilpraktikerin-fuer-psychotherapie-sandra-cordes-zu-appointmed-wechselte#primaryimage\"},\"thumbnailUrl\":\"https:\\\/\\\/www.appointmed.com\\\/blog\\\/wp-content\\\/uploads\\\/2024\\\/06\\\/heilpraktikerin-sandra-cordes-vertraut-auf-appointmed.jpg\",\"keywords\":[\"HeilpraktikerIn\",\"PsychotherapeutIn\"],\"articleSection\":[\"appointMeet\",\"Blog\"],\"inLanguage\":\"de\"},{\"@type\":\"WebPage\",\"@id\":\"https:\\\/\\\/www.appointmed.com\\\/blog\\\/appointmeet-warum-die-heilpraktikerin-fuer-psychotherapie-sandra-cordes-zu-appointmed-wechselte\",\"url\":\"https:\\\/\\\/www.appointmed.com\\\/blog\\\/appointmeet-warum-die-heilpraktikerin-fuer-psychotherapie-sandra-cordes-zu-appointmed-wechselte\",\"name\":\"Heilpraktikerin Sandra Cordes setzt auf appointmed\",\"isPartOf\":{\"@id\":\"https:\\\/\\\/www.appointmed.com\\\/blog\\\/#website\"},\"primaryImageOfPage\":{\"@id\":\"https:\\\/\\\/www.appointmed.com\\\/blog\\\/appointmeet-warum-die-heilpraktikerin-fuer-psychotherapie-sandra-cordes-zu-appointmed-wechselte#primaryimage\"},\"image\":{\"@id\":\"https:\\\/\\\/www.appointmed.com\\\/blog\\\/appointmeet-warum-die-heilpraktikerin-fuer-psychotherapie-sandra-cordes-zu-appointmed-wechselte#primaryimage\"},\"thumbnailUrl\":\"https:\\\/\\\/www.appointmed.com\\\/blog\\\/wp-content\\\/uploads\\\/2024\\\/06\\\/heilpraktikerin-sandra-cordes-vertraut-auf-appointmed.jpg\",\"datePublished\":\"2024-06-07T13:06:06+00:00\",\"dateModified\":\"2025-06-16T15:59:42+00:00\",\"description\":\"Die Heilpraktikerin f\u00fcr Psychotherapie wechselte zu appointmed, nachdem ihre alte Software ihren Anspr\u00fcchen nicht mehr gerecht wurde.\",\"breadcrumb\":{\"@id\":\"https:\\\/\\\/www.appointmed.com\\\/blog\\\/appointmeet-warum-die-heilpraktikerin-fuer-psychotherapie-sandra-cordes-zu-appointmed-wechselte#breadcrumb\"},\"inLanguage\":\"de\",\"potentialAction\":[{\"@type\":\"ReadAction\",\"target\":[\"https:\\\/\\\/www.appointmed.com\\\/blog\\\/appointmeet-warum-die-heilpraktikerin-fuer-psychotherapie-sandra-cordes-zu-appointmed-wechselte\"]}]},{\"@type\":\"ImageObject\",\"inLanguage\":\"de\",\"@id\":\"https:\\\/\\\/www.appointmed.com\\\/blog\\\/appointmeet-warum-die-heilpraktikerin-fuer-psychotherapie-sandra-cordes-zu-appointmed-wechselte#primaryimage\",\"url\":\"https:\\\/\\\/www.appointmed.com\\\/blog\\\/wp-content\\\/uploads\\\/2024\\\/06\\\/heilpraktikerin-sandra-cordes-vertraut-auf-appointmed.jpg\",\"contentUrl\":\"https:\\\/\\\/www.appointmed.com\\\/blog\\\/wp-content\\\/uploads\\\/2024\\\/06\\\/heilpraktikerin-sandra-cordes-vertraut-auf-appointmed.jpg\",\"width\":1540,\"height\":570,\"caption\":\"Heilpraktikerin Sandra Cordes vertraut auf appointmed\"},{\"@type\":\"BreadcrumbList\",\"@id\":\"https:\\\/\\\/www.appointmed.com\\\/blog\\\/appointmeet-warum-die-heilpraktikerin-fuer-psychotherapie-sandra-cordes-zu-appointmed-wechselte#breadcrumb\",\"itemListElement\":[{\"@type\":\"ListItem\",\"position\":1,\"name\":\"Startseite\",\"item\":\"https:\\\/\\\/www.appointmed.com\\\/blog\\\/\"},{\"@type\":\"ListItem\",\"position\":2,\"name\":\"appointMeet: Warum die Heilpraktikerin f\u00fcr Psychotherapie Sandra Cordes zu appointmed wechselte\"}]},{\"@type\":\"WebSite\",\"@id\":\"https:\\\/\\\/www.appointmed.com\\\/blog\\\/#website\",\"url\":\"https:\\\/\\\/www.appointmed.com\\\/blog\\\/\",\"name\":\"appointmed Blog\",\"description\":\"Die unkomplizierte Praxissoftware\",\"publisher\":{\"@id\":\"https:\\\/\\\/www.appointmed.com\\\/blog\\\/#organization\"},\"potentialAction\":[{\"@type\":\"SearchAction\",\"target\":{\"@type\":\"EntryPoint\",\"urlTemplate\":\"https:\\\/\\\/www.appointmed.com\\\/blog\\\/?s={search_term_string}\"},\"query-input\":{\"@type\":\"PropertyValueSpecification\",\"valueRequired\":true,\"valueName\":\"search_term_string\"}}],\"inLanguage\":\"de\"},{\"@type\":\"Organization\",\"@id\":\"https:\\\/\\\/www.appointmed.com\\\/blog\\\/#organization\",\"name\":\"appointmed GmbH\",\"url\":\"https:\\\/\\\/www.appointmed.com\\\/blog\\\/\",\"logo\":{\"@type\":\"ImageObject\",\"inLanguage\":\"de\",\"@id\":\"https:\\\/\\\/www.appointmed.com\\\/blog\\\/#\\\/schema\\\/logo\\\/image\\\/\",\"url\":\"https:\\\/\\\/www.appointmed.com\\\/blog\\\/wp-content\\\/uploads\\\/2019\\\/08\\\/appointmed-Logo-V2-cropped-transparent.png\",\"contentUrl\":\"https:\\\/\\\/www.appointmed.com\\\/blog\\\/wp-content\\\/uploads\\\/2019\\\/08\\\/appointmed-Logo-V2-cropped-transparent.png\",\"width\":1200,\"height\":257,\"caption\":\"appointmed GmbH\"},\"image\":{\"@id\":\"https:\\\/\\\/www.appointmed.com\\\/blog\\\/#\\\/schema\\\/logo\\\/image\\\/\"},\"sameAs\":[\"https:\\\/\\\/www.facebook.com\\\/appointmed\",\"https:\\\/\\\/x.com\\\/appointmed\",\"https:\\\/\\\/www.instagram.com\\\/appointmed\",\"https:\\\/\\\/de.linkedin.com\\\/company\\\/appointmed\",\"https:\\\/\\\/www.youtube.com\\\/appointmed\"]},{\"@type\":\"Person\",\"@id\":\"https:\\\/\\\/www.appointmed.com\\\/blog\\\/#\\\/schema\\\/person\\\/7c87914b902c7473ced100f9e68eaaa5\",\"name\":\"Adela Lucaciu\",\"image\":{\"@type\":\"ImageObject\",\"inLanguage\":\"de\",\"@id\":\"https:\\\/\\\/secure.gravatar.com\\\/avatar\\\/c47a9fbea0013b30c400962d2b7dc8dbe3247d4b787296a5a813ac70bb61f120?s=96&d=mm&r=g\",\"url\":\"https:\\\/\\\/secure.gravatar.com\\\/avatar\\\/c47a9fbea0013b30c400962d2b7dc8dbe3247d4b787296a5a813ac70bb61f120?s=96&d=mm&r=g\",\"contentUrl\":\"https:\\\/\\\/secure.gravatar.com\\\/avatar\\\/c47a9fbea0013b30c400962d2b7dc8dbe3247d4b787296a5a813ac70bb61f120?s=96&d=mm&r=g\",\"caption\":\"Adela Lucaciu\"},\"description\":\"Urspr\u00fcnglich aus dem HR und Recruiting Bereich kommend, ist Adelas wahre St\u00e4rke die pers\u00f6nliche Kommunikation mit Menschen. Sie ist die erste Anlaufstelle f\u00fcr Fragen aller Art und sorgt bei unseren Kunden f\u00fcr einen reibungslosen Ablauf mit appointmed.\",\"sameAs\":[\"https:\\\/\\\/www.appointmed.com\\\/team\"],\"jobTitle\":\"Customer Success Specialist\",\"worksFor\":\"appointmed GmbH\",\"url\":\"https:\\\/\\\/www.appointmed.com\\\/blog\\\/author\\\/adela\"}]}<\/script>\n<!-- \/ Yoast SEO Premium plugin. -->","yoast_head_json":{"title":"Heilpraktikerin Sandra Cordes setzt auf appointmed","description":"Die Heilpraktikerin f\u00fcr Psychotherapie wechselte zu appointmed, nachdem ihre alte Software ihren Anspr\u00fcchen nicht mehr gerecht wurde.","robots":{"index":"index","follow":"follow","max-snippet":"max-snippet:-1","max-image-preview":"max-image-preview:large","max-video-preview":"max-video-preview:-1"},"canonical":"https:\/\/www.appointmed.com\/blog\/appointmeet-warum-die-heilpraktikerin-fuer-psychotherapie-sandra-cordes-zu-appointmed-wechselte","og_locale":"de_DE","og_type":"article","og_title":"appointMeet: Warum die Heilpraktikerin f\u00fcr Psychotherapie Sandra Cordes zu appointmed wechselte","og_description":"Sandra Cordes ist Heilpraktikerin f\u00fcr Psychotherapie und Systemische Therapeutin. Sie nutzt appointmed seit 3 Jahren, da ihre damalige Praxissoftware ihren Bed\u00fcrfnissen nicht mehr gerecht wurde. Heute nutzt sie appointmed vor allem f\u00fcr die Terminplanung und die Abrechnung. Am meisten sch\u00e4tzt Sandra den schnellen und hilfreichen Support und dass sie den Kalender auch mobil nutzen kann.","og_url":"https:\/\/www.appointmed.com\/blog\/appointmeet-warum-die-heilpraktikerin-fuer-psychotherapie-sandra-cordes-zu-appointmed-wechselte","og_site_name":"appointmed Blog","article_publisher":"https:\/\/www.facebook.com\/appointmed","article_published_time":"2024-06-07T13:06:06+00:00","article_modified_time":"2025-06-16T15:59:42+00:00","og_image":[{"width":1540,"height":570,"url":"https:\/\/www.appointmed.com\/blog\/wp-content\/uploads\/2024\/06\/heilpraktikerin-sandra-cordes-vertraut-auf-appointmed.jpg","type":"image\/jpeg"}],"author":"Adela Lucaciu","twitter_card":"summary_large_image","twitter_creator":"@appointmed","twitter_site":"@appointmed","schema":{"@context":"https:\/\/schema.org","@graph":[{"@type":"Article","@id":"https:\/\/www.appointmed.com\/blog\/appointmeet-warum-die-heilpraktikerin-fuer-psychotherapie-sandra-cordes-zu-appointmed-wechselte#article","isPartOf":{"@id":"https:\/\/www.appointmed.com\/blog\/appointmeet-warum-die-heilpraktikerin-fuer-psychotherapie-sandra-cordes-zu-appointmed-wechselte"},"author":{"name":"Adela Lucaciu","@id":"https:\/\/www.appointmed.com\/blog\/#\/schema\/person\/7c87914b902c7473ced100f9e68eaaa5"},"headline":"appointMeet: Warum die Heilpraktikerin f\u00fcr Psychotherapie Sandra Cordes zu appointmed wechselte","datePublished":"2024-06-07T13:06:06+00:00","dateModified":"2025-06-16T15:59:42+00:00","mainEntityOfPage":{"@id":"https:\/\/www.appointmed.com\/blog\/appointmeet-warum-die-heilpraktikerin-fuer-psychotherapie-sandra-cordes-zu-appointmed-wechselte"},"wordCount":940,"publisher":{"@id":"https:\/\/www.appointmed.com\/blog\/#organization"},"image":{"@id":"https:\/\/www.appointmed.com\/blog\/appointmeet-warum-die-heilpraktikerin-fuer-psychotherapie-sandra-cordes-zu-appointmed-wechselte#primaryimage"},"thumbnailUrl":"https:\/\/www.appointmed.com\/blog\/wp-content\/uploads\/2024\/06\/heilpraktikerin-sandra-cordes-vertraut-auf-appointmed.jpg","keywords":["HeilpraktikerIn","PsychotherapeutIn"],"articleSection":["appointMeet","Blog"],"inLanguage":"de"},{"@type":"WebPage","@id":"https:\/\/www.appointmed.com\/blog\/appointmeet-warum-die-heilpraktikerin-fuer-psychotherapie-sandra-cordes-zu-appointmed-wechselte","url":"https:\/\/www.appointmed.com\/blog\/appointmeet-warum-die-heilpraktikerin-fuer-psychotherapie-sandra-cordes-zu-appointmed-wechselte","name":"Heilpraktikerin Sandra Cordes setzt auf appointmed","isPartOf":{"@id":"https:\/\/www.appointmed.com\/blog\/#website"},"primaryImageOfPage":{"@id":"https:\/\/www.appointmed.com\/blog\/appointmeet-warum-die-heilpraktikerin-fuer-psychotherapie-sandra-cordes-zu-appointmed-wechselte#primaryimage"},"image":{"@id":"https:\/\/www.appointmed.com\/blog\/appointmeet-warum-die-heilpraktikerin-fuer-psychotherapie-sandra-cordes-zu-appointmed-wechselte#primaryimage"},"thumbnailUrl":"https:\/\/www.appointmed.com\/blog\/wp-content\/uploads\/2024\/06\/heilpraktikerin-sandra-cordes-vertraut-auf-appointmed.jpg","datePublished":"2024-06-07T13:06:06+00:00","dateModified":"2025-06-16T15:59:42+00:00","description":"Die Heilpraktikerin f\u00fcr Psychotherapie wechselte zu appointmed, nachdem ihre alte Software ihren Anspr\u00fcchen nicht mehr gerecht wurde.","breadcrumb":{"@id":"https:\/\/www.appointmed.com\/blog\/appointmeet-warum-die-heilpraktikerin-fuer-psychotherapie-sandra-cordes-zu-appointmed-wechselte#breadcrumb"},"inLanguage":"de","potentialAction":[{"@type":"ReadAction","target":["https:\/\/www.appointmed.com\/blog\/appointmeet-warum-die-heilpraktikerin-fuer-psychotherapie-sandra-cordes-zu-appointmed-wechselte"]}]},{"@type":"ImageObject","inLanguage":"de","@id":"https:\/\/www.appointmed.com\/blog\/appointmeet-warum-die-heilpraktikerin-fuer-psychotherapie-sandra-cordes-zu-appointmed-wechselte#primaryimage","url":"https:\/\/www.appointmed.com\/blog\/wp-content\/uploads\/2024\/06\/heilpraktikerin-sandra-cordes-vertraut-auf-appointmed.jpg","contentUrl":"https:\/\/www.appointmed.com\/blog\/wp-content\/uploads\/2024\/06\/heilpraktikerin-sandra-cordes-vertraut-auf-appointmed.jpg","width":1540,"height":570,"caption":"Heilpraktikerin Sandra Cordes vertraut auf appointmed"},{"@type":"BreadcrumbList","@id":"https:\/\/www.appointmed.com\/blog\/appointmeet-warum-die-heilpraktikerin-fuer-psychotherapie-sandra-cordes-zu-appointmed-wechselte#breadcrumb","itemListElement":[{"@type":"ListItem","position":1,"name":"Startseite","item":"https:\/\/www.appointmed.com\/blog\/"},{"@type":"ListItem","position":2,"name":"appointMeet: Warum die Heilpraktikerin f\u00fcr Psychotherapie Sandra Cordes zu appointmed wechselte"}]},{"@type":"WebSite","@id":"https:\/\/www.appointmed.com\/blog\/#website","url":"https:\/\/www.appointmed.com\/blog\/","name":"appointmed Blog","description":"Die unkomplizierte Praxissoftware","publisher":{"@id":"https:\/\/www.appointmed.com\/blog\/#organization"},"potentialAction":[{"@type":"SearchAction","target":{"@type":"EntryPoint","urlTemplate":"https:\/\/www.appointmed.com\/blog\/?s={search_term_string}"},"query-input":{"@type":"PropertyValueSpecification","valueRequired":true,"valueName":"search_term_string"}}],"inLanguage":"de"},{"@type":"Organization","@id":"https:\/\/www.appointmed.com\/blog\/#organization","name":"appointmed GmbH","url":"https:\/\/www.appointmed.com\/blog\/","logo":{"@type":"ImageObject","inLanguage":"de","@id":"https:\/\/www.appointmed.com\/blog\/#\/schema\/logo\/image\/","url":"https:\/\/www.appointmed.com\/blog\/wp-content\/uploads\/2019\/08\/appointmed-Logo-V2-cropped-transparent.png","contentUrl":"https:\/\/www.appointmed.com\/blog\/wp-content\/uploads\/2019\/08\/appointmed-Logo-V2-cropped-transparent.png","width":1200,"height":257,"caption":"appointmed GmbH"},"image":{"@id":"https:\/\/www.appointmed.com\/blog\/#\/schema\/logo\/image\/"},"sameAs":["https:\/\/www.facebook.com\/appointmed","https:\/\/x.com\/appointmed","https:\/\/www.instagram.com\/appointmed","https:\/\/de.linkedin.com\/company\/appointmed","https:\/\/www.youtube.com\/appointmed"]},{"@type":"Person","@id":"https:\/\/www.appointmed.com\/blog\/#\/schema\/person\/7c87914b902c7473ced100f9e68eaaa5","name":"Adela Lucaciu","image":{"@type":"ImageObject","inLanguage":"de","@id":"https:\/\/secure.gravatar.com\/avatar\/c47a9fbea0013b30c400962d2b7dc8dbe3247d4b787296a5a813ac70bb61f120?s=96&d=mm&r=g","url":"https:\/\/secure.gravatar.com\/avatar\/c47a9fbea0013b30c400962d2b7dc8dbe3247d4b787296a5a813ac70bb61f120?s=96&d=mm&r=g","contentUrl":"https:\/\/secure.gravatar.com\/avatar\/c47a9fbea0013b30c400962d2b7dc8dbe3247d4b787296a5a813ac70bb61f120?s=96&d=mm&r=g","caption":"Adela Lucaciu"},"description":"Urspr\u00fcnglich aus dem HR und Recruiting Bereich kommend, ist Adelas wahre St\u00e4rke die pers\u00f6nliche Kommunikation mit Menschen. Sie ist die erste Anlaufstelle f\u00fcr Fragen aller Art und sorgt bei unseren Kunden f\u00fcr einen reibungslosen Ablauf mit appointmed.","sameAs":["https:\/\/www.appointmed.com\/team"],"jobTitle":"Customer Success Specialist","worksFor":"appointmed GmbH","url":"https:\/\/www.appointmed.com\/blog\/author\/adela"}]}},"_links":{"self":[{"href":"https:\/\/www.appointmed.com\/blog\/wp-json\/wp\/v2\/posts\/4874","targetHints":{"allow":["GET"]}}],"collection":[{"href":"https:\/\/www.appointmed.com\/blog\/wp-json\/wp\/v2\/posts"}],"about":[{"href":"https:\/\/www.appointmed.com\/blog\/wp-json\/wp\/v2\/types\/post"}],"author":[{"embeddable":true,"href":"https:\/\/www.appointmed.com\/blog\/wp-json\/wp\/v2\/users\/9"}],"replies":[{"embeddable":true,"href":"https:\/\/www.appointmed.com\/blog\/wp-json\/wp\/v2\/comments?post=4874"}],"version-history":[{"count":0,"href":"https:\/\/www.appointmed.com\/blog\/wp-json\/wp\/v2\/posts\/4874\/revisions"}],"wp:featuredmedia":[{"embeddable":true,"href":"https:\/\/www.appointmed.com\/blog\/wp-json\/wp\/v2\/media\/4864"}],"wp:attachment":[{"href":"https:\/\/www.appointmed.com\/blog\/wp-json\/wp\/v2\/media?parent=4874"}],"wp:term":[{"taxonomy":"category","embeddable":true,"href":"https:\/\/www.appointmed.com\/blog\/wp-json\/wp\/v2\/categories?post=4874"},{"taxonomy":"post_tag","embeddable":true,"href":"https:\/\/www.appointmed.com\/blog\/wp-json\/wp\/v2\/tags?post=4874"}],"curies":[{"name":"wp","href":"https:\/\/api.w.org\/{rel}","templated":true}]}}