{"id":5172,"date":"2024-09-19T13:24:23","date_gmt":"2024-09-19T11:24:23","guid":{"rendered":"https:\/\/www.appointmed.com\/blog\/?p=5172"},"modified":"2024-09-19T13:31:59","modified_gmt":"2024-09-19T11:31:59","slug":"ein-neues-logo-fuer-eine-neue-phase","status":"publish","type":"post","link":"https:\/\/www.appointmed.com\/blog\/ein-neues-logo-fuer-eine-neue-phase","title":{"rendered":"Ein neues Logo f\u00fcr eine neue Phase"},"content":{"rendered":"<p>Vor mehr als zehn Jahren haben Bernhard und ich die ersten Ideen zu dem entwickelt, was heute als <strong>die Praxissoftware appointmed<\/strong> bekannt ist. Neben dem eigentlichen Produkt ist appointmed aber auch <strong>zu einer Marke geworden,<\/strong> auf deren Entwicklung wir in diesem Artikel gemeinsam zur\u00fcckblicken wollen.<\/p>\n<h2>2013-2018: Der Anfang<\/h2>\n<p>Bereits 2013 haben Mario und ich an den ersten Entw\u00fcrfen der Marke gearbeitet, nachdem klar war, wie das Produkt schlie\u00dflich hei\u00dfen soll. Diese fr\u00fchen Versionen waren \u2013 wie es oft bei jungen Unternehmen ist \u2013 noch <strong>ein wenig unausgereift<\/strong> (?) und nur wenige TestkundInnen haben <strong>diese ersten Gehversuche<\/strong> \u00fcberhaupt zu Gesicht bekommen.<\/p>\n<p><a href=\"https:\/\/www.appointmed.com\/blog\/wp-content\/uploads\/2024\/09\/appointmed-legady-logos.png\"><img loading=\"lazy\" decoding=\"async\" class=\"alignnone size-large wp-image-5175\" src=\"https:\/\/www.appointmed.com\/blog\/wp-content\/uploads\/2024\/09\/appointmed-legady-logos-700x259.png\" alt=\"appointmed Legady Logos\" width=\"700\" height=\"259\" srcset=\"https:\/\/www.appointmed.com\/blog\/wp-content\/uploads\/2024\/09\/appointmed-legady-logos-700x259.png 700w, https:\/\/www.appointmed.com\/blog\/wp-content\/uploads\/2024\/09\/appointmed-legady-logos-300x111.png 300w, https:\/\/www.appointmed.com\/blog\/wp-content\/uploads\/2024\/09\/appointmed-legady-logos-768x284.png 768w, https:\/\/www.appointmed.com\/blog\/wp-content\/uploads\/2024\/09\/appointmed-legady-logos-1536x569.png 1536w, https:\/\/www.appointmed.com\/blog\/wp-content\/uploads\/2024\/09\/appointmed-legady-logos.png 1540w\" sizes=\"auto, (max-width: 700px) 100vw, 700px\" \/><\/a><\/p>\n<p>Als es dann 2016 zur offiziellen Unternehmensgr\u00fcndung kam, war es an der Zeit, sich noch einmal intensiv mit dem Thema auseinanderzusetzen. Nach mehreren Iterationen entstand schlie\u00dflich schlussendlich <strong>das Logo, das uns in den ersten Jahren begleiten sollte<\/strong>.<\/p>\n<p><a href=\"https:\/\/www.appointmed.com\/blog\/wp-content\/uploads\/2024\/09\/appointmed-logo-v1.png\"><img loading=\"lazy\" decoding=\"async\" class=\"alignnone size-large wp-image-5176\" src=\"https:\/\/www.appointmed.com\/blog\/wp-content\/uploads\/2024\/09\/appointmed-logo-v1-700x259.png\" alt=\"appointmed Logo V1\" width=\"700\" height=\"259\" srcset=\"https:\/\/www.appointmed.com\/blog\/wp-content\/uploads\/2024\/09\/appointmed-logo-v1-700x259.png 700w, https:\/\/www.appointmed.com\/blog\/wp-content\/uploads\/2024\/09\/appointmed-logo-v1-300x111.png 300w, https:\/\/www.appointmed.com\/blog\/wp-content\/uploads\/2024\/09\/appointmed-logo-v1-768x284.png 768w, https:\/\/www.appointmed.com\/blog\/wp-content\/uploads\/2024\/09\/appointmed-logo-v1-1536x569.png 1536w, https:\/\/www.appointmed.com\/blog\/wp-content\/uploads\/2024\/09\/appointmed-logo-v1.png 1540w\" sizes=\"auto, (max-width: 700px) 100vw, 700px\" \/><\/a><\/p>\n<h2>2018\u20132024: Das erste gro\u00dfe Redesign<\/h2>\n<p>KundInnen der ersten Stunde erinnern sich bestimmt noch an das gro\u00dfe <strong>Redesign im Jahr 2018<\/strong>. Im Rahmen dieses Projekts haben wir die Patientenakte und den <a href=\"https:\/\/www.appointmed.com\/blog\/die-evolution-des-appointmed-kalenders-3-grosse-versionen-in-7-jahren\">Kalender umfassend \u00fcberarbeitet<\/a>. Auch die Rechnungslegung wurde zu diesem Zeitpunkt als eine der heutigen Hauptfunktionen eingef\u00fchrt.<\/p>\n<p>Parallel zur Funktionalit\u00e4t wurde auch das <strong>Farbschema der App angepasst<\/strong> und das Logo weiter verfeinert. Die gr\u00f6\u00dften \u00c4nderungen waren dabei das <strong>Hinzuf\u00fcgen des markanten Unterstrichs<\/strong> und die <strong>modernere Schriftart<\/strong> des vorderen Teils des Logos.<\/p>\n<blockquote><p>Diese Version hat die erste Wachstumsphase des Unternehmens gepr\u00e4gt und das Produkt im gesamten deutschsprachigen Raum bekannt gemacht und etabliert.<\/p><\/blockquote>\n<p><a href=\"https:\/\/www.appointmed.com\/blog\/wp-content\/uploads\/2024\/09\/appointmed-logo-v2.png\"><img loading=\"lazy\" decoding=\"async\" class=\"alignnone size-large wp-image-5177\" src=\"https:\/\/www.appointmed.com\/blog\/wp-content\/uploads\/2024\/09\/appointmed-logo-v2-700x259.png\" alt=\"appointmed Logo V2\" width=\"700\" height=\"259\" srcset=\"https:\/\/www.appointmed.com\/blog\/wp-content\/uploads\/2024\/09\/appointmed-logo-v2-700x259.png 700w, https:\/\/www.appointmed.com\/blog\/wp-content\/uploads\/2024\/09\/appointmed-logo-v2-300x111.png 300w, https:\/\/www.appointmed.com\/blog\/wp-content\/uploads\/2024\/09\/appointmed-logo-v2-768x284.png 768w, https:\/\/www.appointmed.com\/blog\/wp-content\/uploads\/2024\/09\/appointmed-logo-v2-1536x569.png 1536w, https:\/\/www.appointmed.com\/blog\/wp-content\/uploads\/2024\/09\/appointmed-logo-v2.png 1540w\" sizes=\"auto, (max-width: 700px) 100vw, 700px\" \/><\/a><\/p>\n<h2>2024: appointmed wird erwachsen<\/h2>\n<p>Obwohl wir mit dem bisherigen Logo sehr zufrieden waren und es sich am Markt gut etablierte, hatte ich das Gef\u00fchl, dass noch Potenzial vorhanden war, unser Wachstum und die <strong>st\u00e4ndige Weiterentwicklung seit 2016<\/strong> noch besser widerzuspiegeln.<\/p>\n<p>Um einen zus\u00e4tzlichen, unvoreingenommenen Blick von au\u00dfen zu erhalten, war es an der Zeit, einen Profi ins Boot zu holen. Gemeinsam mit <strong>Brand-Designer <\/strong><a href=\"https:\/\/www.chrismimler.com\/\" target=\"_blank\" rel=\"noopener\">Chris Mimler<\/a> machten wir den <strong>n\u00e4chsten Schritt in der Markenentwicklung<\/strong>. Das neue Logo sollte harmonischer wirken, gleichzeitig moderner erscheinen und dennoch den urspr\u00fcnglichen Charakter von appointmed bewahren. Eine durchaus schwierige Balance bzw. Aufgabe.<\/p>\n<p>Nach einigen Wochen intensiver Zusammenarbeit und vielen kleinen Iterationen sind wir nun stolz, Dir unser neues Logo zu pr\u00e4sentieren!<\/p>\n<p><a href=\"https:\/\/www.appointmed.com\/blog\/wp-content\/uploads\/2024\/09\/appointmed-logo-v3.png\"><img loading=\"lazy\" decoding=\"async\" class=\"alignnone size-large wp-image-5178\" src=\"https:\/\/www.appointmed.com\/blog\/wp-content\/uploads\/2024\/09\/appointmed-logo-v3-700x259.png\" alt=\"appointmed Logo V3\" width=\"700\" height=\"259\" srcset=\"https:\/\/www.appointmed.com\/blog\/wp-content\/uploads\/2024\/09\/appointmed-logo-v3-700x259.png 700w, https:\/\/www.appointmed.com\/blog\/wp-content\/uploads\/2024\/09\/appointmed-logo-v3-300x111.png 300w, https:\/\/www.appointmed.com\/blog\/wp-content\/uploads\/2024\/09\/appointmed-logo-v3-768x284.png 768w, https:\/\/www.appointmed.com\/blog\/wp-content\/uploads\/2024\/09\/appointmed-logo-v3-1536x569.png 1536w, https:\/\/www.appointmed.com\/blog\/wp-content\/uploads\/2024\/09\/appointmed-logo-v3.png 1540w\" sizes=\"auto, (max-width: 700px) 100vw, 700px\" \/><\/a><\/p>\n<blockquote><p>Das neue Logo ist eine dynamischere und professionellere Version unserer Marke und bleibt gleichzeitig dem Geist des Originals von 2016 treu.<\/p><\/blockquote>\n<hr \/>\n<p>Abschlie\u00dfend m\u00f6chten wir Dir noch zeigen, <strong>welche Auswirkungen viele kleine \u00c4nderungen in \u00fcber zehn Jahren schlussendlich hatten.<\/strong> Wir hoffen, Du bist vom Ergebnis ebenso \u00fcberzeugt wie wir.<\/p>\n<p><a href=\"https:\/\/www.appointmed.com\/blog\/wp-content\/uploads\/2024\/09\/appointmed-logos-animation.gif\"><img loading=\"lazy\" decoding=\"async\" class=\"alignnone size-large wp-image-5179\" src=\"https:\/\/www.appointmed.com\/blog\/wp-content\/uploads\/2024\/09\/appointmed-logos-animation.gif\" alt=\"appointmed Logos Animation\" width=\"700\" height=\"259\" \/><\/a><\/p>\n","protected":false},"excerpt":{"rendered":"<p>Vor mehr als zehn Jahren haben Bernhard und ich die ersten Ideen zu dem entwickelt, was heute als die Praxissoftware appointmed bekannt ist. Neben dem eigentlichen Produkt ist appointmed aber auch zu einer Marke geworden, auf deren Entwicklung wir in diesem Artikel gemeinsam zur\u00fcckblicken wollen.<\/p>\n","protected":false},"author":3,"featured_media":5180,"comment_status":"closed","ping_status":"closed","sticky":false,"template":"","format":"standard","meta":{"_acf_changed":false,"footnotes":""},"categories":[2,6],"tags":[],"class_list":["post-5172","post","type-post","status-publish","format-standard","has-post-thumbnail","hentry","category-blog","category-the-company"],"acf":[],"yoast_head":"<!-- This site is optimized with the Yoast SEO Premium plugin v27.5 (Yoast SEO v27.5) - https:\/\/yoast.com\/product\/yoast-seo-premium-wordpress\/ -->\n<title>Markenentwicklung: Ein neues Logo f\u00fcr eine neue Phase<\/title>\n<meta name=\"description\" content=\"Neben dem eigentlichen Produkt ist appointmed auch zu einer Marke geworden, die sich im Lauf der Jahre ebenfalls entwickelt hat.\" \/>\n<meta name=\"robots\" content=\"index, follow, max-snippet:-1, max-image-preview:large, max-video-preview:-1\" \/>\n<link rel=\"canonical\" href=\"https:\/\/www.appointmed.com\/blog\/ein-neues-logo-fuer-eine-neue-phase\" \/>\n<meta property=\"og:locale\" content=\"de_DE\" \/>\n<meta property=\"og:type\" content=\"article\" \/>\n<meta property=\"og:title\" content=\"Ein neues Logo f\u00fcr eine neue Phase\" \/>\n<meta property=\"og:description\" content=\"Vor mehr als zehn Jahren haben Bernhard und ich die ersten Ideen zu dem entwickelt, was heute als die Praxissoftware appointmed bekannt ist. Neben dem eigentlichen Produkt ist appointmed aber auch zu einer Marke geworden, auf deren Entwicklung wir in diesem Artikel gemeinsam zur\u00fcckblicken wollen.\" \/>\n<meta property=\"og:url\" content=\"https:\/\/www.appointmed.com\/blog\/ein-neues-logo-fuer-eine-neue-phase\" \/>\n<meta property=\"og:site_name\" content=\"appointmed Blog\" \/>\n<meta property=\"article:publisher\" content=\"https:\/\/www.facebook.com\/appointmed\" \/>\n<meta property=\"article:published_time\" content=\"2024-09-19T11:24:23+00:00\" \/>\n<meta property=\"article:modified_time\" content=\"2024-09-19T11:31:59+00:00\" \/>\n<meta property=\"og:image\" content=\"https:\/\/www.appointmed.com\/blog\/wp-content\/uploads\/2024\/09\/appointmed-logo-2024.png\" \/>\n\t<meta property=\"og:image:width\" content=\"1540\" \/>\n\t<meta property=\"og:image:height\" content=\"570\" \/>\n\t<meta property=\"og:image:type\" content=\"image\/png\" \/>\n<meta name=\"author\" content=\"Patrik I.\" \/>\n<meta name=\"twitter:card\" content=\"summary_large_image\" \/>\n<meta name=\"twitter:creator\" content=\"@appointmed\" \/>\n<meta name=\"twitter:site\" content=\"@appointmed\" \/>\n<script type=\"application\/ld+json\" class=\"yoast-schema-graph\">{\"@context\":\"https:\\\/\\\/schema.org\",\"@graph\":[{\"@type\":\"Article\",\"@id\":\"https:\\\/\\\/www.appointmed.com\\\/blog\\\/ein-neues-logo-fuer-eine-neue-phase#article\",\"isPartOf\":{\"@id\":\"https:\\\/\\\/www.appointmed.com\\\/blog\\\/ein-neues-logo-fuer-eine-neue-phase\"},\"author\":{\"name\":\"Patrik I.\",\"@id\":\"https:\\\/\\\/www.appointmed.com\\\/blog\\\/#\\\/schema\\\/person\\\/0358b1506a63696a3b01b9007944f951\"},\"headline\":\"Ein neues Logo f\u00fcr eine neue Phase\",\"datePublished\":\"2024-09-19T11:24:23+00:00\",\"dateModified\":\"2024-09-19T11:31:59+00:00\",\"mainEntityOfPage\":{\"@id\":\"https:\\\/\\\/www.appointmed.com\\\/blog\\\/ein-neues-logo-fuer-eine-neue-phase\"},\"wordCount\":421,\"publisher\":{\"@id\":\"https:\\\/\\\/www.appointmed.com\\\/blog\\\/#organization\"},\"image\":{\"@id\":\"https:\\\/\\\/www.appointmed.com\\\/blog\\\/ein-neues-logo-fuer-eine-neue-phase#primaryimage\"},\"thumbnailUrl\":\"https:\\\/\\\/www.appointmed.com\\\/blog\\\/wp-content\\\/uploads\\\/2024\\\/09\\\/appointmed-logo-2024.png\",\"articleSection\":[\"Blog\",\"\u00dcber appointmed\"],\"inLanguage\":\"de\"},{\"@type\":\"WebPage\",\"@id\":\"https:\\\/\\\/www.appointmed.com\\\/blog\\\/ein-neues-logo-fuer-eine-neue-phase\",\"url\":\"https:\\\/\\\/www.appointmed.com\\\/blog\\\/ein-neues-logo-fuer-eine-neue-phase\",\"name\":\"Markenentwicklung: Ein neues Logo f\u00fcr eine neue Phase\",\"isPartOf\":{\"@id\":\"https:\\\/\\\/www.appointmed.com\\\/blog\\\/#website\"},\"primaryImageOfPage\":{\"@id\":\"https:\\\/\\\/www.appointmed.com\\\/blog\\\/ein-neues-logo-fuer-eine-neue-phase#primaryimage\"},\"image\":{\"@id\":\"https:\\\/\\\/www.appointmed.com\\\/blog\\\/ein-neues-logo-fuer-eine-neue-phase#primaryimage\"},\"thumbnailUrl\":\"https:\\\/\\\/www.appointmed.com\\\/blog\\\/wp-content\\\/uploads\\\/2024\\\/09\\\/appointmed-logo-2024.png\",\"datePublished\":\"2024-09-19T11:24:23+00:00\",\"dateModified\":\"2024-09-19T11:31:59+00:00\",\"description\":\"Neben dem eigentlichen Produkt ist appointmed auch zu einer Marke geworden, die sich im Lauf der Jahre ebenfalls entwickelt hat.\",\"breadcrumb\":{\"@id\":\"https:\\\/\\\/www.appointmed.com\\\/blog\\\/ein-neues-logo-fuer-eine-neue-phase#breadcrumb\"},\"inLanguage\":\"de\",\"potentialAction\":[{\"@type\":\"ReadAction\",\"target\":[\"https:\\\/\\\/www.appointmed.com\\\/blog\\\/ein-neues-logo-fuer-eine-neue-phase\"]}]},{\"@type\":\"ImageObject\",\"inLanguage\":\"de\",\"@id\":\"https:\\\/\\\/www.appointmed.com\\\/blog\\\/ein-neues-logo-fuer-eine-neue-phase#primaryimage\",\"url\":\"https:\\\/\\\/www.appointmed.com\\\/blog\\\/wp-content\\\/uploads\\\/2024\\\/09\\\/appointmed-logo-2024.png\",\"contentUrl\":\"https:\\\/\\\/www.appointmed.com\\\/blog\\\/wp-content\\\/uploads\\\/2024\\\/09\\\/appointmed-logo-2024.png\",\"width\":1540,\"height\":570,\"caption\":\"Das neue appointmed Logo\"},{\"@type\":\"BreadcrumbList\",\"@id\":\"https:\\\/\\\/www.appointmed.com\\\/blog\\\/ein-neues-logo-fuer-eine-neue-phase#breadcrumb\",\"itemListElement\":[{\"@type\":\"ListItem\",\"position\":1,\"name\":\"Startseite\",\"item\":\"https:\\\/\\\/www.appointmed.com\\\/blog\\\/\"},{\"@type\":\"ListItem\",\"position\":2,\"name\":\"Ein neues Logo f\u00fcr eine neue Phase\"}]},{\"@type\":\"WebSite\",\"@id\":\"https:\\\/\\\/www.appointmed.com\\\/blog\\\/#website\",\"url\":\"https:\\\/\\\/www.appointmed.com\\\/blog\\\/\",\"name\":\"appointmed Blog\",\"description\":\"Die unkomplizierte Praxissoftware\",\"publisher\":{\"@id\":\"https:\\\/\\\/www.appointmed.com\\\/blog\\\/#organization\"},\"potentialAction\":[{\"@type\":\"SearchAction\",\"target\":{\"@type\":\"EntryPoint\",\"urlTemplate\":\"https:\\\/\\\/www.appointmed.com\\\/blog\\\/?s={search_term_string}\"},\"query-input\":{\"@type\":\"PropertyValueSpecification\",\"valueRequired\":true,\"valueName\":\"search_term_string\"}}],\"inLanguage\":\"de\"},{\"@type\":\"Organization\",\"@id\":\"https:\\\/\\\/www.appointmed.com\\\/blog\\\/#organization\",\"name\":\"appointmed GmbH\",\"url\":\"https:\\\/\\\/www.appointmed.com\\\/blog\\\/\",\"logo\":{\"@type\":\"ImageObject\",\"inLanguage\":\"de\",\"@id\":\"https:\\\/\\\/www.appointmed.com\\\/blog\\\/#\\\/schema\\\/logo\\\/image\\\/\",\"url\":\"https:\\\/\\\/www.appointmed.com\\\/blog\\\/wp-content\\\/uploads\\\/2019\\\/08\\\/appointmed-Logo-V2-cropped-transparent.png\",\"contentUrl\":\"https:\\\/\\\/www.appointmed.com\\\/blog\\\/wp-content\\\/uploads\\\/2019\\\/08\\\/appointmed-Logo-V2-cropped-transparent.png\",\"width\":1200,\"height\":257,\"caption\":\"appointmed GmbH\"},\"image\":{\"@id\":\"https:\\\/\\\/www.appointmed.com\\\/blog\\\/#\\\/schema\\\/logo\\\/image\\\/\"},\"sameAs\":[\"https:\\\/\\\/www.facebook.com\\\/appointmed\",\"https:\\\/\\\/x.com\\\/appointmed\",\"https:\\\/\\\/www.instagram.com\\\/appointmed\",\"https:\\\/\\\/de.linkedin.com\\\/company\\\/appointmed\",\"https:\\\/\\\/www.youtube.com\\\/appointmed\"]},{\"@type\":\"Person\",\"@id\":\"https:\\\/\\\/www.appointmed.com\\\/blog\\\/#\\\/schema\\\/person\\\/0358b1506a63696a3b01b9007944f951\",\"name\":\"Patrik I.\",\"image\":{\"@type\":\"ImageObject\",\"inLanguage\":\"de\",\"@id\":\"https:\\\/\\\/secure.gravatar.com\\\/avatar\\\/817489834becb8bc2a113317c2bd5f0a1200bfbbf48231fdfa50dafa4e82fbe0?s=96&d=mm&r=g\",\"url\":\"https:\\\/\\\/secure.gravatar.com\\\/avatar\\\/817489834becb8bc2a113317c2bd5f0a1200bfbbf48231fdfa50dafa4e82fbe0?s=96&d=mm&r=g\",\"contentUrl\":\"https:\\\/\\\/secure.gravatar.com\\\/avatar\\\/817489834becb8bc2a113317c2bd5f0a1200bfbbf48231fdfa50dafa4e82fbe0?s=96&d=mm&r=g\",\"caption\":\"Patrik I.\"},\"description\":\"Nachdem er an einer Vielzahl von internationalen Projekten mit Kunden wie Audi, The Ritz Carlton und Pfizer gearbeitet hat, \u00fcbernimmt Patrik die UI Konzeption und grafische Gestaltung von appointmed.\",\"sameAs\":[\"https:\\\/\\\/www.appointmed.com\\\/team\"],\"jobTitle\":\"CEO, Co-Founder\",\"worksFor\":\"appointmed GmbH\",\"url\":\"https:\\\/\\\/www.appointmed.com\\\/blog\\\/author\\\/patrik\"}]}<\/script>\n<!-- \/ Yoast SEO Premium plugin. -->","yoast_head_json":{"title":"Markenentwicklung: Ein neues Logo f\u00fcr eine neue Phase","description":"Neben dem eigentlichen Produkt ist appointmed auch zu einer Marke geworden, die sich im Lauf der Jahre ebenfalls entwickelt hat.","robots":{"index":"index","follow":"follow","max-snippet":"max-snippet:-1","max-image-preview":"max-image-preview:large","max-video-preview":"max-video-preview:-1"},"canonical":"https:\/\/www.appointmed.com\/blog\/ein-neues-logo-fuer-eine-neue-phase","og_locale":"de_DE","og_type":"article","og_title":"Ein neues Logo f\u00fcr eine neue Phase","og_description":"Vor mehr als zehn Jahren haben Bernhard und ich die ersten Ideen zu dem entwickelt, was heute als die Praxissoftware appointmed bekannt ist. Neben dem eigentlichen Produkt ist appointmed aber auch zu einer Marke geworden, auf deren Entwicklung wir in diesem Artikel gemeinsam zur\u00fcckblicken wollen.","og_url":"https:\/\/www.appointmed.com\/blog\/ein-neues-logo-fuer-eine-neue-phase","og_site_name":"appointmed Blog","article_publisher":"https:\/\/www.facebook.com\/appointmed","article_published_time":"2024-09-19T11:24:23+00:00","article_modified_time":"2024-09-19T11:31:59+00:00","og_image":[{"width":1540,"height":570,"url":"https:\/\/www.appointmed.com\/blog\/wp-content\/uploads\/2024\/09\/appointmed-logo-2024.png","type":"image\/png"}],"author":"Patrik I.","twitter_card":"summary_large_image","twitter_creator":"@appointmed","twitter_site":"@appointmed","schema":{"@context":"https:\/\/schema.org","@graph":[{"@type":"Article","@id":"https:\/\/www.appointmed.com\/blog\/ein-neues-logo-fuer-eine-neue-phase#article","isPartOf":{"@id":"https:\/\/www.appointmed.com\/blog\/ein-neues-logo-fuer-eine-neue-phase"},"author":{"name":"Patrik I.","@id":"https:\/\/www.appointmed.com\/blog\/#\/schema\/person\/0358b1506a63696a3b01b9007944f951"},"headline":"Ein neues Logo f\u00fcr eine neue Phase","datePublished":"2024-09-19T11:24:23+00:00","dateModified":"2024-09-19T11:31:59+00:00","mainEntityOfPage":{"@id":"https:\/\/www.appointmed.com\/blog\/ein-neues-logo-fuer-eine-neue-phase"},"wordCount":421,"publisher":{"@id":"https:\/\/www.appointmed.com\/blog\/#organization"},"image":{"@id":"https:\/\/www.appointmed.com\/blog\/ein-neues-logo-fuer-eine-neue-phase#primaryimage"},"thumbnailUrl":"https:\/\/www.appointmed.com\/blog\/wp-content\/uploads\/2024\/09\/appointmed-logo-2024.png","articleSection":["Blog","\u00dcber appointmed"],"inLanguage":"de"},{"@type":"WebPage","@id":"https:\/\/www.appointmed.com\/blog\/ein-neues-logo-fuer-eine-neue-phase","url":"https:\/\/www.appointmed.com\/blog\/ein-neues-logo-fuer-eine-neue-phase","name":"Markenentwicklung: Ein neues Logo f\u00fcr eine neue Phase","isPartOf":{"@id":"https:\/\/www.appointmed.com\/blog\/#website"},"primaryImageOfPage":{"@id":"https:\/\/www.appointmed.com\/blog\/ein-neues-logo-fuer-eine-neue-phase#primaryimage"},"image":{"@id":"https:\/\/www.appointmed.com\/blog\/ein-neues-logo-fuer-eine-neue-phase#primaryimage"},"thumbnailUrl":"https:\/\/www.appointmed.com\/blog\/wp-content\/uploads\/2024\/09\/appointmed-logo-2024.png","datePublished":"2024-09-19T11:24:23+00:00","dateModified":"2024-09-19T11:31:59+00:00","description":"Neben dem eigentlichen Produkt ist appointmed auch zu einer Marke geworden, die sich im Lauf der Jahre ebenfalls entwickelt hat.","breadcrumb":{"@id":"https:\/\/www.appointmed.com\/blog\/ein-neues-logo-fuer-eine-neue-phase#breadcrumb"},"inLanguage":"de","potentialAction":[{"@type":"ReadAction","target":["https:\/\/www.appointmed.com\/blog\/ein-neues-logo-fuer-eine-neue-phase"]}]},{"@type":"ImageObject","inLanguage":"de","@id":"https:\/\/www.appointmed.com\/blog\/ein-neues-logo-fuer-eine-neue-phase#primaryimage","url":"https:\/\/www.appointmed.com\/blog\/wp-content\/uploads\/2024\/09\/appointmed-logo-2024.png","contentUrl":"https:\/\/www.appointmed.com\/blog\/wp-content\/uploads\/2024\/09\/appointmed-logo-2024.png","width":1540,"height":570,"caption":"Das neue appointmed Logo"},{"@type":"BreadcrumbList","@id":"https:\/\/www.appointmed.com\/blog\/ein-neues-logo-fuer-eine-neue-phase#breadcrumb","itemListElement":[{"@type":"ListItem","position":1,"name":"Startseite","item":"https:\/\/www.appointmed.com\/blog\/"},{"@type":"ListItem","position":2,"name":"Ein neues Logo f\u00fcr eine neue Phase"}]},{"@type":"WebSite","@id":"https:\/\/www.appointmed.com\/blog\/#website","url":"https:\/\/www.appointmed.com\/blog\/","name":"appointmed Blog","description":"Die unkomplizierte Praxissoftware","publisher":{"@id":"https:\/\/www.appointmed.com\/blog\/#organization"},"potentialAction":[{"@type":"SearchAction","target":{"@type":"EntryPoint","urlTemplate":"https:\/\/www.appointmed.com\/blog\/?s={search_term_string}"},"query-input":{"@type":"PropertyValueSpecification","valueRequired":true,"valueName":"search_term_string"}}],"inLanguage":"de"},{"@type":"Organization","@id":"https:\/\/www.appointmed.com\/blog\/#organization","name":"appointmed GmbH","url":"https:\/\/www.appointmed.com\/blog\/","logo":{"@type":"ImageObject","inLanguage":"de","@id":"https:\/\/www.appointmed.com\/blog\/#\/schema\/logo\/image\/","url":"https:\/\/www.appointmed.com\/blog\/wp-content\/uploads\/2019\/08\/appointmed-Logo-V2-cropped-transparent.png","contentUrl":"https:\/\/www.appointmed.com\/blog\/wp-content\/uploads\/2019\/08\/appointmed-Logo-V2-cropped-transparent.png","width":1200,"height":257,"caption":"appointmed GmbH"},"image":{"@id":"https:\/\/www.appointmed.com\/blog\/#\/schema\/logo\/image\/"},"sameAs":["https:\/\/www.facebook.com\/appointmed","https:\/\/x.com\/appointmed","https:\/\/www.instagram.com\/appointmed","https:\/\/de.linkedin.com\/company\/appointmed","https:\/\/www.youtube.com\/appointmed"]},{"@type":"Person","@id":"https:\/\/www.appointmed.com\/blog\/#\/schema\/person\/0358b1506a63696a3b01b9007944f951","name":"Patrik I.","image":{"@type":"ImageObject","inLanguage":"de","@id":"https:\/\/secure.gravatar.com\/avatar\/817489834becb8bc2a113317c2bd5f0a1200bfbbf48231fdfa50dafa4e82fbe0?s=96&d=mm&r=g","url":"https:\/\/secure.gravatar.com\/avatar\/817489834becb8bc2a113317c2bd5f0a1200bfbbf48231fdfa50dafa4e82fbe0?s=96&d=mm&r=g","contentUrl":"https:\/\/secure.gravatar.com\/avatar\/817489834becb8bc2a113317c2bd5f0a1200bfbbf48231fdfa50dafa4e82fbe0?s=96&d=mm&r=g","caption":"Patrik I."},"description":"Nachdem er an einer Vielzahl von internationalen Projekten mit Kunden wie Audi, The Ritz Carlton und Pfizer gearbeitet hat, \u00fcbernimmt Patrik die UI Konzeption und grafische Gestaltung von appointmed.","sameAs":["https:\/\/www.appointmed.com\/team"],"jobTitle":"CEO, Co-Founder","worksFor":"appointmed GmbH","url":"https:\/\/www.appointmed.com\/blog\/author\/patrik"}]}},"_links":{"self":[{"href":"https:\/\/www.appointmed.com\/blog\/wp-json\/wp\/v2\/posts\/5172","targetHints":{"allow":["GET"]}}],"collection":[{"href":"https:\/\/www.appointmed.com\/blog\/wp-json\/wp\/v2\/posts"}],"about":[{"href":"https:\/\/www.appointmed.com\/blog\/wp-json\/wp\/v2\/types\/post"}],"author":[{"embeddable":true,"href":"https:\/\/www.appointmed.com\/blog\/wp-json\/wp\/v2\/users\/3"}],"replies":[{"embeddable":true,"href":"https:\/\/www.appointmed.com\/blog\/wp-json\/wp\/v2\/comments?post=5172"}],"version-history":[{"count":0,"href":"https:\/\/www.appointmed.com\/blog\/wp-json\/wp\/v2\/posts\/5172\/revisions"}],"wp:featuredmedia":[{"embeddable":true,"href":"https:\/\/www.appointmed.com\/blog\/wp-json\/wp\/v2\/media\/5180"}],"wp:attachment":[{"href":"https:\/\/www.appointmed.com\/blog\/wp-json\/wp\/v2\/media?parent=5172"}],"wp:term":[{"taxonomy":"category","embeddable":true,"href":"https:\/\/www.appointmed.com\/blog\/wp-json\/wp\/v2\/categories?post=5172"},{"taxonomy":"post_tag","embeddable":true,"href":"https:\/\/www.appointmed.com\/blog\/wp-json\/wp\/v2\/tags?post=5172"}],"curies":[{"name":"wp","href":"https:\/\/api.w.org\/{rel}","templated":true}]}}