{"id":5184,"date":"2024-09-25T16:41:15","date_gmt":"2024-09-25T14:41:15","guid":{"rendered":"https:\/\/www.appointmed.com\/blog\/?p=5184"},"modified":"2025-06-16T17:57:09","modified_gmt":"2025-06-16T15:57:09","slug":"das-appointmed-team-wieder-auf-workation-die-kroatien-24-edition","status":"publish","type":"post","link":"https:\/\/www.appointmed.com\/blog\/das-appointmed-team-wieder-auf-workation-die-kroatien-24-edition","title":{"rendered":"Das appointmed Team wieder auf Workation: Die Kroatien &#8217;24 Edition"},"content":{"rendered":"<p>Nachdem uns unsere bisherigen Workations ans Meer, an den See und in die Berge f\u00fchrten, haben wir uns diesmal f\u00fcr eine <strong>abgelegene Villa in Kroatien<\/strong> entschieden. Worauf wir uns in dieser gemeinsamen Woche besonders fokussiert haben und wo die Herausforderungen lagen, sehen wir uns in diesem R\u00fcckblick an.<\/p>\n<h2>Die Herausforderung: Die richtige Unterkunft finden<\/h2>\n<blockquote><p>Eine der gr\u00f6\u00dften Herausforderungen war in diesem Jahr die Suche nach der passenden Unterkunft.<\/p><\/blockquote>\n<p>Bei einer Workation verbringen wir <strong>als Team viel gemeinsame Zeit<\/strong>, jedoch ist es auch wichtig, dass jede\/r <strong>einen geeigneten R\u00fcckzugsort<\/strong> hat. Da unser Team inzwischen auf acht Personen angewachsen ist, war es gar nicht so einfach, ein Ferienhaus mit der entsprechenden <strong>Anzahl an Schlaf- und Badezimmern<\/strong> zu finden. Ein weiteres Must-Have war ein <strong>gro\u00dfer Arbeitstisch f\u00fcr gemeinsames Arbeiten,<\/strong> und auch budget\u00e4r sollte alles nat\u00fcrlich in einem gewissen Rahmen bleiben. Ab dieser Gr\u00f6\u00dfe steigen die Preise f\u00fcr Ferienh\u00e4user n\u00e4mlich <em>deutlich<\/em> an.<\/p>\n<p><a href=\"https:\/\/www.appointmed.com\/blog\/wp-content\/uploads\/2024\/09\/workation-location-2024.jpg\"><img loading=\"lazy\" decoding=\"async\" class=\"alignnone size-large wp-image-5191\" src=\"https:\/\/www.appointmed.com\/blog\/wp-content\/uploads\/2024\/09\/workation-location-2024-700x504.jpg\" alt=\"Workation Location 2024\" width=\"700\" height=\"504\" srcset=\"https:\/\/www.appointmed.com\/blog\/wp-content\/uploads\/2024\/09\/workation-location-2024-700x504.jpg 700w, https:\/\/www.appointmed.com\/blog\/wp-content\/uploads\/2024\/09\/workation-location-2024-300x216.jpg 300w, https:\/\/www.appointmed.com\/blog\/wp-content\/uploads\/2024\/09\/workation-location-2024-768x553.jpg 768w, https:\/\/www.appointmed.com\/blog\/wp-content\/uploads\/2024\/09\/workation-location-2024-1536x1107.jpg 1536w, https:\/\/www.appointmed.com\/blog\/wp-content\/uploads\/2024\/09\/workation-location-2024.jpg 2000w\" sizes=\"auto, (max-width: 700px) 100vw, 700px\" \/><\/a><\/p>\n<p>Schlie\u00dflich wurden wir in <strong>Svetvin\u010denat<\/strong> f\u00fcndig \u2013 30 Minuten vom Meer entfernt, zwischen den charmanten St\u00e4dten Pula und Rovinj. Die Villa bot einen Pool, einen gro\u00dfen Garten, gen\u00fcgend Schlafzimmer und ausreichend gro\u00dfe Tische zum Arbeiten \u2013 <strong>perfekt f\u00fcr unsere Bed\u00fcrfnisse<\/strong>.<\/p>\n<p>Dank der <a href=\"https:\/\/www.appointmed.com\/blog\/corporate-social-responsibility-wie-nachhaltig-ist-appointmed\">Anreise mit dem Elektroauto<\/a> konnten auch zwei unserer Fellnasen \u2013 Kobe und Dorian \u2013 wieder mit dabei sein. Die beiden haben immer wieder f\u00fcr (zu) viel Action gesorgt.<\/p>\n<h2>Das Wetter: Eine kleine Entt\u00e4uschung<\/h2>\n<p>Weniger freundlich gesonnen war uns leider der Wettergott. Obwohl wir dem Starkregen und den \u00dcberschwemmungen in \u00d6sterreich entkommen konnten, <strong>f\u00fchlte es sich eher nach Sp\u00e4therbst als Sp\u00e4tsommer an<\/strong>. Mit konstanten Temperaturen unter 20\u00b0C und dem ein oder anderen Regenschauer konnten nur die Hartgesottenen im Team den Pool \u201egenie\u00dfen\u201c.<\/p>\n<p><a href=\"https:\/\/www.appointmed.com\/blog\/wp-content\/uploads\/2024\/09\/arbeiten-am-pool.jpg\"><img loading=\"lazy\" decoding=\"async\" class=\"alignnone size-large wp-image-5192\" src=\"https:\/\/www.appointmed.com\/blog\/wp-content\/uploads\/2024\/09\/arbeiten-am-pool-700x377.jpg\" alt=\"Arbeiten am Pool\" width=\"700\" height=\"377\" srcset=\"https:\/\/www.appointmed.com\/blog\/wp-content\/uploads\/2024\/09\/arbeiten-am-pool-700x377.jpg 700w, https:\/\/www.appointmed.com\/blog\/wp-content\/uploads\/2024\/09\/arbeiten-am-pool-300x162.jpg 300w, https:\/\/www.appointmed.com\/blog\/wp-content\/uploads\/2024\/09\/arbeiten-am-pool-768x414.jpg 768w, https:\/\/www.appointmed.com\/blog\/wp-content\/uploads\/2024\/09\/arbeiten-am-pool-1536x827.jpg 1536w, https:\/\/www.appointmed.com\/blog\/wp-content\/uploads\/2024\/09\/arbeiten-am-pool.jpg 2000w\" sizes=\"auto, (max-width: 700px) 100vw, 700px\" \/><\/a><\/p>\n<p>Daf\u00fcr gab es diesmal <strong>mehr gemeinsame Ausfl\u00fcge<\/strong>, wie zB nach Rovinj und Pula f\u00fcr eine Oliven\u00f6lverkostung, eine Tour durch die historische Arena und diverse Restaurantbesuche.<\/p>\n\n\t\t<style type=\"text\/css\">\n\t\t\t#gallery-1 {\n\t\t\t\tmargin: auto;\n\t\t\t}\n\t\t\t#gallery-1 .gallery-item {\n\t\t\t\tfloat: left;\n\t\t\t\tmargin-top: 10px;\n\t\t\t\ttext-align: center;\n\t\t\t\twidth: 25%;\n\t\t\t}\n\t\t\t#gallery-1 img {\n\t\t\t\tborder: 2px solid #cfcfcf;\n\t\t\t}\n\t\t\t#gallery-1 .gallery-caption {\n\t\t\t\tmargin-left: 0;\n\t\t\t}\n\t\t\t\/* see gallery_shortcode() in wp-includes\/media.php *\/\n\t\t<\/style>\n\t\t<div id='gallery-1' class='gallery galleryid-5184 gallery-columns-4 gallery-size-thumbnail'><dl class='gallery-item'>\n\t\t\t<dt class='gallery-icon landscape'>\n\t\t\t\t<a href='https:\/\/www.appointmed.com\/blog\/wp-content\/uploads\/2024\/09\/team-dinner-in-rovinj.jpg'><img loading=\"lazy\" decoding=\"async\" width=\"150\" height=\"150\" src=\"https:\/\/www.appointmed.com\/blog\/wp-content\/uploads\/2024\/09\/team-dinner-in-rovinj-150x150.jpg\" class=\"attachment-thumbnail size-thumbnail\" alt=\"appointmed Team Dinner in Rovinj\" \/><\/a>\n\t\t\t<\/dt><\/dl><dl class='gallery-item'>\n\t\t\t<dt class='gallery-icon landscape'>\n\t\t\t\t<a href='https:\/\/www.appointmed.com\/blog\/wp-content\/uploads\/2024\/09\/besuch-in-rovinj.jpg'><img loading=\"lazy\" decoding=\"async\" width=\"150\" height=\"150\" src=\"https:\/\/www.appointmed.com\/blog\/wp-content\/uploads\/2024\/09\/besuch-in-rovinj-150x150.jpg\" class=\"attachment-thumbnail size-thumbnail\" alt=\"Besuch in Rovinj\" \/><\/a>\n\t\t\t<\/dt><\/dl><dl class='gallery-item'>\n\t\t\t<dt class='gallery-icon landscape'>\n\t\t\t\t<a href='https:\/\/www.appointmed.com\/blog\/wp-content\/uploads\/2024\/09\/team-besucht-arena-in-pula.jpg'><img loading=\"lazy\" decoding=\"async\" width=\"150\" height=\"150\" src=\"https:\/\/www.appointmed.com\/blog\/wp-content\/uploads\/2024\/09\/team-besucht-arena-in-pula-150x150.jpg\" class=\"attachment-thumbnail size-thumbnail\" alt=\"appointmed Team besucht die Arena in Pula\" \/><\/a>\n\t\t\t<\/dt><\/dl><dl class='gallery-item'>\n\t\t\t<dt class='gallery-icon portrait'>\n\t\t\t\t<a href='https:\/\/www.appointmed.com\/blog\/wp-content\/uploads\/2024\/09\/team-essen.jpg'><img loading=\"lazy\" decoding=\"async\" width=\"150\" height=\"150\" src=\"https:\/\/www.appointmed.com\/blog\/wp-content\/uploads\/2024\/09\/team-essen-150x150.jpg\" class=\"attachment-thumbnail size-thumbnail\" alt=\"appointmed Team Dinner\" \/><\/a>\n\t\t\t<\/dt><\/dl><br style=\"clear: both\" \/>\n\t\t<\/div>\n\n<h2>Neues Logo und \u201eProjekt X\u201c<\/h2>\n<p>Nachdem <a href=\"https:\/\/www.appointmed.com\/blog\/ein-neues-logo-fuer-eine-neue-phase\">unser neues Logo<\/a> rechtzeitig fertig wurde, nutzten Mario, Bernhard und ich die Zeit in Kroatien, um es an allen verwendeten Stellen zu aktualisieren: Die Marketing-Webseite, s\u00e4mtliche Social-Media-Kan\u00e4le, die App selbst, diverse Drucksorten und vieles mehr mussten manuell angepasst werden. Zudem mussten zahlreiche Kooperationspartner angeschrieben werden, damit das Logo auch auf deren Seiten in neuem Glanz erstrahlt.<\/p>\n<p><a href=\"https:\/\/www.appointmed.com\/blog\/wp-content\/uploads\/2024\/09\/gemeinsames-arbeiten-1.jpg\"><img loading=\"lazy\" decoding=\"async\" class=\"alignnone size-large wp-image-5194\" src=\"https:\/\/www.appointmed.com\/blog\/wp-content\/uploads\/2024\/09\/gemeinsames-arbeiten-1-700x432.jpg\" alt=\"Gemeinsames Arbeiten\" width=\"700\" height=\"432\" srcset=\"https:\/\/www.appointmed.com\/blog\/wp-content\/uploads\/2024\/09\/gemeinsames-arbeiten-1-700x432.jpg 700w, https:\/\/www.appointmed.com\/blog\/wp-content\/uploads\/2024\/09\/gemeinsames-arbeiten-1-300x185.jpg 300w, https:\/\/www.appointmed.com\/blog\/wp-content\/uploads\/2024\/09\/gemeinsames-arbeiten-1-768x474.jpg 768w, https:\/\/www.appointmed.com\/blog\/wp-content\/uploads\/2024\/09\/gemeinsames-arbeiten-1-1536x948.jpg 1536w, https:\/\/www.appointmed.com\/blog\/wp-content\/uploads\/2024\/09\/gemeinsames-arbeiten-1.jpg 2000w\" sizes=\"auto, (max-width: 700px) 100vw, 700px\" \/><\/a><\/p>\n<p>Das restliche Team arbeitete w\u00e4hrenddessen <strong>an zwei Projekten<\/strong>, \u00fcber die ich an dieser Stelle noch nicht zu viel verraten m\u00f6chte. Aufmerksame LeserInnen unseres <a href=\"https:\/\/www.appointmed.com\/newsletter\">Newsletters<\/a> und AbonnentInnen unserer Social-Media-Kan\u00e4le haben vielleicht schon Hinweise auf eines der Projekte entdeckt.<\/p>\n<h2>Fazit: Wieder ein voller Erfolg<\/h2>\n<p>Zusammenfassend betrachtet war die diesj\u00e4hrige Workation \u2013 trotz des durchwachsenen Wetters \u2013 wieder ein voller Erfolg, und die ersten <strong>\u00dcberlegungen f\u00fcr 2025<\/strong> laufen bereits. Wenn Du <strong>Tipps zu m\u00f6glichen Destinationen<\/strong> oder <strong>Fragen zur Organisation einer Workation<\/strong> hast, schick mir gerne eine kurze E-Mail an <a href=\"mailto:patrik@appointmed.com\">patrik@appointmed.com<\/a>!<\/p>\n","protected":false},"excerpt":{"rendered":"<p>Nachdem uns unsere bisherigen Workations ans Meer, an den See und in die Berge f\u00fchrten, haben wir uns diesmal f\u00fcr eine abgelegene Villa in Kroatien entschieden. Worauf wir uns in dieser gemeinsamen Woche besonders fokussiert haben und wo die Herausforderungen lagen, sehen wir uns in diesem R\u00fcckblick an.<\/p>\n","protected":false},"author":3,"featured_media":5190,"comment_status":"closed","ping_status":"closed","sticky":false,"template":"","format":"standard","meta":{"_acf_changed":false,"footnotes":""},"categories":[2,6],"tags":[],"class_list":["post-5184","post","type-post","status-publish","format-standard","has-post-thumbnail","hentry","category-blog","category-the-company"],"acf":[],"yoast_head":"<!-- This site is optimized with the Yoast SEO Premium plugin v27.5 (Yoast SEO v27.5) - https:\/\/yoast.com\/product\/yoast-seo-premium-wordpress\/ -->\n<title>Workation in Kroatien: Teamwork, Projekte &amp; spannende Ausfl\u00fcge<\/title>\n<meta name=\"description\" content=\"appointmed Workation in Kroatien: Teamarbeit, neue Projekte und spannende Ausfl\u00fcge trotz durchwachsenem Wetter. Ein R\u00fcckblick auf eine erfolgreiche Woche!\" \/>\n<meta name=\"robots\" content=\"index, follow, max-snippet:-1, max-image-preview:large, max-video-preview:-1\" \/>\n<link rel=\"canonical\" href=\"https:\/\/www.appointmed.com\/blog\/das-appointmed-team-wieder-auf-workation-die-kroatien-24-edition\" \/>\n<meta property=\"og:locale\" content=\"de_DE\" \/>\n<meta property=\"og:type\" content=\"article\" \/>\n<meta property=\"og:title\" content=\"Das appointmed Team wieder auf Workation: Die Kroatien &#039;24 Edition\" \/>\n<meta property=\"og:description\" content=\"Nachdem uns unsere bisherigen Workations ans Meer, an den See und in die Berge f\u00fchrten, haben wir uns diesmal f\u00fcr eine abgelegene Villa in Kroatien entschieden. Worauf wir uns in dieser gemeinsamen Woche besonders fokussiert haben und wo die Herausforderungen lagen, sehen wir uns in diesem R\u00fcckblick an.\" \/>\n<meta property=\"og:url\" content=\"https:\/\/www.appointmed.com\/blog\/das-appointmed-team-wieder-auf-workation-die-kroatien-24-edition\" \/>\n<meta property=\"og:site_name\" content=\"appointmed Blog\" \/>\n<meta property=\"article:publisher\" content=\"https:\/\/www.facebook.com\/appointmed\" \/>\n<meta property=\"article:published_time\" content=\"2024-09-25T14:41:15+00:00\" \/>\n<meta property=\"article:modified_time\" content=\"2025-06-16T15:57:09+00:00\" \/>\n<meta property=\"og:image\" content=\"https:\/\/www.appointmed.com\/blog\/wp-content\/uploads\/2024\/09\/appointmed-team-auf-workation-in-kroatien.jpg\" \/>\n\t<meta property=\"og:image:width\" content=\"1540\" \/>\n\t<meta property=\"og:image:height\" content=\"570\" \/>\n\t<meta property=\"og:image:type\" content=\"image\/jpeg\" \/>\n<meta name=\"author\" content=\"Patrik I.\" \/>\n<meta name=\"twitter:card\" content=\"summary_large_image\" \/>\n<meta name=\"twitter:creator\" content=\"@appointmed\" \/>\n<meta name=\"twitter:site\" content=\"@appointmed\" \/>\n<script type=\"application\/ld+json\" class=\"yoast-schema-graph\">{\"@context\":\"https:\\\/\\\/schema.org\",\"@graph\":[{\"@type\":\"Article\",\"@id\":\"https:\\\/\\\/www.appointmed.com\\\/blog\\\/das-appointmed-team-wieder-auf-workation-die-kroatien-24-edition#article\",\"isPartOf\":{\"@id\":\"https:\\\/\\\/www.appointmed.com\\\/blog\\\/das-appointmed-team-wieder-auf-workation-die-kroatien-24-edition\"},\"author\":{\"name\":\"Patrik I.\",\"@id\":\"https:\\\/\\\/www.appointmed.com\\\/blog\\\/#\\\/schema\\\/person\\\/0358b1506a63696a3b01b9007944f951\"},\"headline\":\"Das appointmed Team wieder auf Workation: Die Kroatien &#8217;24 Edition\",\"datePublished\":\"2024-09-25T14:41:15+00:00\",\"dateModified\":\"2025-06-16T15:57:09+00:00\",\"mainEntityOfPage\":{\"@id\":\"https:\\\/\\\/www.appointmed.com\\\/blog\\\/das-appointmed-team-wieder-auf-workation-die-kroatien-24-edition\"},\"wordCount\":495,\"publisher\":{\"@id\":\"https:\\\/\\\/www.appointmed.com\\\/blog\\\/#organization\"},\"image\":{\"@id\":\"https:\\\/\\\/www.appointmed.com\\\/blog\\\/das-appointmed-team-wieder-auf-workation-die-kroatien-24-edition#primaryimage\"},\"thumbnailUrl\":\"https:\\\/\\\/www.appointmed.com\\\/blog\\\/wp-content\\\/uploads\\\/2024\\\/09\\\/appointmed-team-auf-workation-in-kroatien.jpg\",\"articleSection\":[\"Blog\",\"\u00dcber appointmed\"],\"inLanguage\":\"de\"},{\"@type\":\"WebPage\",\"@id\":\"https:\\\/\\\/www.appointmed.com\\\/blog\\\/das-appointmed-team-wieder-auf-workation-die-kroatien-24-edition\",\"url\":\"https:\\\/\\\/www.appointmed.com\\\/blog\\\/das-appointmed-team-wieder-auf-workation-die-kroatien-24-edition\",\"name\":\"Workation in Kroatien: Teamwork, Projekte & spannende Ausfl\u00fcge\",\"isPartOf\":{\"@id\":\"https:\\\/\\\/www.appointmed.com\\\/blog\\\/#website\"},\"primaryImageOfPage\":{\"@id\":\"https:\\\/\\\/www.appointmed.com\\\/blog\\\/das-appointmed-team-wieder-auf-workation-die-kroatien-24-edition#primaryimage\"},\"image\":{\"@id\":\"https:\\\/\\\/www.appointmed.com\\\/blog\\\/das-appointmed-team-wieder-auf-workation-die-kroatien-24-edition#primaryimage\"},\"thumbnailUrl\":\"https:\\\/\\\/www.appointmed.com\\\/blog\\\/wp-content\\\/uploads\\\/2024\\\/09\\\/appointmed-team-auf-workation-in-kroatien.jpg\",\"datePublished\":\"2024-09-25T14:41:15+00:00\",\"dateModified\":\"2025-06-16T15:57:09+00:00\",\"description\":\"appointmed Workation in Kroatien: Teamarbeit, neue Projekte und spannende Ausfl\u00fcge trotz durchwachsenem Wetter. Ein R\u00fcckblick auf eine erfolgreiche Woche!\",\"breadcrumb\":{\"@id\":\"https:\\\/\\\/www.appointmed.com\\\/blog\\\/das-appointmed-team-wieder-auf-workation-die-kroatien-24-edition#breadcrumb\"},\"inLanguage\":\"de\",\"potentialAction\":[{\"@type\":\"ReadAction\",\"target\":[\"https:\\\/\\\/www.appointmed.com\\\/blog\\\/das-appointmed-team-wieder-auf-workation-die-kroatien-24-edition\"]}]},{\"@type\":\"ImageObject\",\"inLanguage\":\"de\",\"@id\":\"https:\\\/\\\/www.appointmed.com\\\/blog\\\/das-appointmed-team-wieder-auf-workation-die-kroatien-24-edition#primaryimage\",\"url\":\"https:\\\/\\\/www.appointmed.com\\\/blog\\\/wp-content\\\/uploads\\\/2024\\\/09\\\/appointmed-team-auf-workation-in-kroatien.jpg\",\"contentUrl\":\"https:\\\/\\\/www.appointmed.com\\\/blog\\\/wp-content\\\/uploads\\\/2024\\\/09\\\/appointmed-team-auf-workation-in-kroatien.jpg\",\"width\":1540,\"height\":570,\"caption\":\"Das appointmed Team auf Workation in Kroatien\"},{\"@type\":\"BreadcrumbList\",\"@id\":\"https:\\\/\\\/www.appointmed.com\\\/blog\\\/das-appointmed-team-wieder-auf-workation-die-kroatien-24-edition#breadcrumb\",\"itemListElement\":[{\"@type\":\"ListItem\",\"position\":1,\"name\":\"Startseite\",\"item\":\"https:\\\/\\\/www.appointmed.com\\\/blog\\\/\"},{\"@type\":\"ListItem\",\"position\":2,\"name\":\"Das appointmed Team wieder auf Workation: Die Kroatien &#8217;24 Edition\"}]},{\"@type\":\"WebSite\",\"@id\":\"https:\\\/\\\/www.appointmed.com\\\/blog\\\/#website\",\"url\":\"https:\\\/\\\/www.appointmed.com\\\/blog\\\/\",\"name\":\"appointmed Blog\",\"description\":\"Die unkomplizierte Praxissoftware\",\"publisher\":{\"@id\":\"https:\\\/\\\/www.appointmed.com\\\/blog\\\/#organization\"},\"potentialAction\":[{\"@type\":\"SearchAction\",\"target\":{\"@type\":\"EntryPoint\",\"urlTemplate\":\"https:\\\/\\\/www.appointmed.com\\\/blog\\\/?s={search_term_string}\"},\"query-input\":{\"@type\":\"PropertyValueSpecification\",\"valueRequired\":true,\"valueName\":\"search_term_string\"}}],\"inLanguage\":\"de\"},{\"@type\":\"Organization\",\"@id\":\"https:\\\/\\\/www.appointmed.com\\\/blog\\\/#organization\",\"name\":\"appointmed GmbH\",\"url\":\"https:\\\/\\\/www.appointmed.com\\\/blog\\\/\",\"logo\":{\"@type\":\"ImageObject\",\"inLanguage\":\"de\",\"@id\":\"https:\\\/\\\/www.appointmed.com\\\/blog\\\/#\\\/schema\\\/logo\\\/image\\\/\",\"url\":\"https:\\\/\\\/www.appointmed.com\\\/blog\\\/wp-content\\\/uploads\\\/2019\\\/08\\\/appointmed-Logo-V2-cropped-transparent.png\",\"contentUrl\":\"https:\\\/\\\/www.appointmed.com\\\/blog\\\/wp-content\\\/uploads\\\/2019\\\/08\\\/appointmed-Logo-V2-cropped-transparent.png\",\"width\":1200,\"height\":257,\"caption\":\"appointmed GmbH\"},\"image\":{\"@id\":\"https:\\\/\\\/www.appointmed.com\\\/blog\\\/#\\\/schema\\\/logo\\\/image\\\/\"},\"sameAs\":[\"https:\\\/\\\/www.facebook.com\\\/appointmed\",\"https:\\\/\\\/x.com\\\/appointmed\",\"https:\\\/\\\/www.instagram.com\\\/appointmed\",\"https:\\\/\\\/de.linkedin.com\\\/company\\\/appointmed\",\"https:\\\/\\\/www.youtube.com\\\/appointmed\"]},{\"@type\":\"Person\",\"@id\":\"https:\\\/\\\/www.appointmed.com\\\/blog\\\/#\\\/schema\\\/person\\\/0358b1506a63696a3b01b9007944f951\",\"name\":\"Patrik I.\",\"image\":{\"@type\":\"ImageObject\",\"inLanguage\":\"de\",\"@id\":\"https:\\\/\\\/secure.gravatar.com\\\/avatar\\\/817489834becb8bc2a113317c2bd5f0a1200bfbbf48231fdfa50dafa4e82fbe0?s=96&d=mm&r=g\",\"url\":\"https:\\\/\\\/secure.gravatar.com\\\/avatar\\\/817489834becb8bc2a113317c2bd5f0a1200bfbbf48231fdfa50dafa4e82fbe0?s=96&d=mm&r=g\",\"contentUrl\":\"https:\\\/\\\/secure.gravatar.com\\\/avatar\\\/817489834becb8bc2a113317c2bd5f0a1200bfbbf48231fdfa50dafa4e82fbe0?s=96&d=mm&r=g\",\"caption\":\"Patrik I.\"},\"description\":\"Nachdem er an einer Vielzahl von internationalen Projekten mit Kunden wie Audi, The Ritz Carlton und Pfizer gearbeitet hat, \u00fcbernimmt Patrik die UI Konzeption und grafische Gestaltung von appointmed.\",\"sameAs\":[\"https:\\\/\\\/www.appointmed.com\\\/team\"],\"jobTitle\":\"CEO, Co-Founder\",\"worksFor\":\"appointmed GmbH\",\"url\":\"https:\\\/\\\/www.appointmed.com\\\/blog\\\/author\\\/patrik\"}]}<\/script>\n<!-- \/ Yoast SEO Premium plugin. -->","yoast_head_json":{"title":"Workation in Kroatien: Teamwork, Projekte & spannende Ausfl\u00fcge","description":"appointmed Workation in Kroatien: Teamarbeit, neue Projekte und spannende Ausfl\u00fcge trotz durchwachsenem Wetter. Ein R\u00fcckblick auf eine erfolgreiche Woche!","robots":{"index":"index","follow":"follow","max-snippet":"max-snippet:-1","max-image-preview":"max-image-preview:large","max-video-preview":"max-video-preview:-1"},"canonical":"https:\/\/www.appointmed.com\/blog\/das-appointmed-team-wieder-auf-workation-die-kroatien-24-edition","og_locale":"de_DE","og_type":"article","og_title":"Das appointmed Team wieder auf Workation: Die Kroatien '24 Edition","og_description":"Nachdem uns unsere bisherigen Workations ans Meer, an den See und in die Berge f\u00fchrten, haben wir uns diesmal f\u00fcr eine abgelegene Villa in Kroatien entschieden. Worauf wir uns in dieser gemeinsamen Woche besonders fokussiert haben und wo die Herausforderungen lagen, sehen wir uns in diesem R\u00fcckblick an.","og_url":"https:\/\/www.appointmed.com\/blog\/das-appointmed-team-wieder-auf-workation-die-kroatien-24-edition","og_site_name":"appointmed Blog","article_publisher":"https:\/\/www.facebook.com\/appointmed","article_published_time":"2024-09-25T14:41:15+00:00","article_modified_time":"2025-06-16T15:57:09+00:00","og_image":[{"width":1540,"height":570,"url":"https:\/\/www.appointmed.com\/blog\/wp-content\/uploads\/2024\/09\/appointmed-team-auf-workation-in-kroatien.jpg","type":"image\/jpeg"}],"author":"Patrik I.","twitter_card":"summary_large_image","twitter_creator":"@appointmed","twitter_site":"@appointmed","schema":{"@context":"https:\/\/schema.org","@graph":[{"@type":"Article","@id":"https:\/\/www.appointmed.com\/blog\/das-appointmed-team-wieder-auf-workation-die-kroatien-24-edition#article","isPartOf":{"@id":"https:\/\/www.appointmed.com\/blog\/das-appointmed-team-wieder-auf-workation-die-kroatien-24-edition"},"author":{"name":"Patrik I.","@id":"https:\/\/www.appointmed.com\/blog\/#\/schema\/person\/0358b1506a63696a3b01b9007944f951"},"headline":"Das appointmed Team wieder auf Workation: Die Kroatien &#8217;24 Edition","datePublished":"2024-09-25T14:41:15+00:00","dateModified":"2025-06-16T15:57:09+00:00","mainEntityOfPage":{"@id":"https:\/\/www.appointmed.com\/blog\/das-appointmed-team-wieder-auf-workation-die-kroatien-24-edition"},"wordCount":495,"publisher":{"@id":"https:\/\/www.appointmed.com\/blog\/#organization"},"image":{"@id":"https:\/\/www.appointmed.com\/blog\/das-appointmed-team-wieder-auf-workation-die-kroatien-24-edition#primaryimage"},"thumbnailUrl":"https:\/\/www.appointmed.com\/blog\/wp-content\/uploads\/2024\/09\/appointmed-team-auf-workation-in-kroatien.jpg","articleSection":["Blog","\u00dcber appointmed"],"inLanguage":"de"},{"@type":"WebPage","@id":"https:\/\/www.appointmed.com\/blog\/das-appointmed-team-wieder-auf-workation-die-kroatien-24-edition","url":"https:\/\/www.appointmed.com\/blog\/das-appointmed-team-wieder-auf-workation-die-kroatien-24-edition","name":"Workation in Kroatien: Teamwork, Projekte & spannende Ausfl\u00fcge","isPartOf":{"@id":"https:\/\/www.appointmed.com\/blog\/#website"},"primaryImageOfPage":{"@id":"https:\/\/www.appointmed.com\/blog\/das-appointmed-team-wieder-auf-workation-die-kroatien-24-edition#primaryimage"},"image":{"@id":"https:\/\/www.appointmed.com\/blog\/das-appointmed-team-wieder-auf-workation-die-kroatien-24-edition#primaryimage"},"thumbnailUrl":"https:\/\/www.appointmed.com\/blog\/wp-content\/uploads\/2024\/09\/appointmed-team-auf-workation-in-kroatien.jpg","datePublished":"2024-09-25T14:41:15+00:00","dateModified":"2025-06-16T15:57:09+00:00","description":"appointmed Workation in Kroatien: Teamarbeit, neue Projekte und spannende Ausfl\u00fcge trotz durchwachsenem Wetter. Ein R\u00fcckblick auf eine erfolgreiche Woche!","breadcrumb":{"@id":"https:\/\/www.appointmed.com\/blog\/das-appointmed-team-wieder-auf-workation-die-kroatien-24-edition#breadcrumb"},"inLanguage":"de","potentialAction":[{"@type":"ReadAction","target":["https:\/\/www.appointmed.com\/blog\/das-appointmed-team-wieder-auf-workation-die-kroatien-24-edition"]}]},{"@type":"ImageObject","inLanguage":"de","@id":"https:\/\/www.appointmed.com\/blog\/das-appointmed-team-wieder-auf-workation-die-kroatien-24-edition#primaryimage","url":"https:\/\/www.appointmed.com\/blog\/wp-content\/uploads\/2024\/09\/appointmed-team-auf-workation-in-kroatien.jpg","contentUrl":"https:\/\/www.appointmed.com\/blog\/wp-content\/uploads\/2024\/09\/appointmed-team-auf-workation-in-kroatien.jpg","width":1540,"height":570,"caption":"Das appointmed Team auf Workation in Kroatien"},{"@type":"BreadcrumbList","@id":"https:\/\/www.appointmed.com\/blog\/das-appointmed-team-wieder-auf-workation-die-kroatien-24-edition#breadcrumb","itemListElement":[{"@type":"ListItem","position":1,"name":"Startseite","item":"https:\/\/www.appointmed.com\/blog\/"},{"@type":"ListItem","position":2,"name":"Das appointmed Team wieder auf Workation: Die Kroatien &#8217;24 Edition"}]},{"@type":"WebSite","@id":"https:\/\/www.appointmed.com\/blog\/#website","url":"https:\/\/www.appointmed.com\/blog\/","name":"appointmed Blog","description":"Die unkomplizierte Praxissoftware","publisher":{"@id":"https:\/\/www.appointmed.com\/blog\/#organization"},"potentialAction":[{"@type":"SearchAction","target":{"@type":"EntryPoint","urlTemplate":"https:\/\/www.appointmed.com\/blog\/?s={search_term_string}"},"query-input":{"@type":"PropertyValueSpecification","valueRequired":true,"valueName":"search_term_string"}}],"inLanguage":"de"},{"@type":"Organization","@id":"https:\/\/www.appointmed.com\/blog\/#organization","name":"appointmed GmbH","url":"https:\/\/www.appointmed.com\/blog\/","logo":{"@type":"ImageObject","inLanguage":"de","@id":"https:\/\/www.appointmed.com\/blog\/#\/schema\/logo\/image\/","url":"https:\/\/www.appointmed.com\/blog\/wp-content\/uploads\/2019\/08\/appointmed-Logo-V2-cropped-transparent.png","contentUrl":"https:\/\/www.appointmed.com\/blog\/wp-content\/uploads\/2019\/08\/appointmed-Logo-V2-cropped-transparent.png","width":1200,"height":257,"caption":"appointmed GmbH"},"image":{"@id":"https:\/\/www.appointmed.com\/blog\/#\/schema\/logo\/image\/"},"sameAs":["https:\/\/www.facebook.com\/appointmed","https:\/\/x.com\/appointmed","https:\/\/www.instagram.com\/appointmed","https:\/\/de.linkedin.com\/company\/appointmed","https:\/\/www.youtube.com\/appointmed"]},{"@type":"Person","@id":"https:\/\/www.appointmed.com\/blog\/#\/schema\/person\/0358b1506a63696a3b01b9007944f951","name":"Patrik I.","image":{"@type":"ImageObject","inLanguage":"de","@id":"https:\/\/secure.gravatar.com\/avatar\/817489834becb8bc2a113317c2bd5f0a1200bfbbf48231fdfa50dafa4e82fbe0?s=96&d=mm&r=g","url":"https:\/\/secure.gravatar.com\/avatar\/817489834becb8bc2a113317c2bd5f0a1200bfbbf48231fdfa50dafa4e82fbe0?s=96&d=mm&r=g","contentUrl":"https:\/\/secure.gravatar.com\/avatar\/817489834becb8bc2a113317c2bd5f0a1200bfbbf48231fdfa50dafa4e82fbe0?s=96&d=mm&r=g","caption":"Patrik I."},"description":"Nachdem er an einer Vielzahl von internationalen Projekten mit Kunden wie Audi, The Ritz Carlton und Pfizer gearbeitet hat, \u00fcbernimmt Patrik die UI Konzeption und grafische Gestaltung von appointmed.","sameAs":["https:\/\/www.appointmed.com\/team"],"jobTitle":"CEO, Co-Founder","worksFor":"appointmed GmbH","url":"https:\/\/www.appointmed.com\/blog\/author\/patrik"}]}},"_links":{"self":[{"href":"https:\/\/www.appointmed.com\/blog\/wp-json\/wp\/v2\/posts\/5184","targetHints":{"allow":["GET"]}}],"collection":[{"href":"https:\/\/www.appointmed.com\/blog\/wp-json\/wp\/v2\/posts"}],"about":[{"href":"https:\/\/www.appointmed.com\/blog\/wp-json\/wp\/v2\/types\/post"}],"author":[{"embeddable":true,"href":"https:\/\/www.appointmed.com\/blog\/wp-json\/wp\/v2\/users\/3"}],"replies":[{"embeddable":true,"href":"https:\/\/www.appointmed.com\/blog\/wp-json\/wp\/v2\/comments?post=5184"}],"version-history":[{"count":0,"href":"https:\/\/www.appointmed.com\/blog\/wp-json\/wp\/v2\/posts\/5184\/revisions"}],"wp:featuredmedia":[{"embeddable":true,"href":"https:\/\/www.appointmed.com\/blog\/wp-json\/wp\/v2\/media\/5190"}],"wp:attachment":[{"href":"https:\/\/www.appointmed.com\/blog\/wp-json\/wp\/v2\/media?parent=5184"}],"wp:term":[{"taxonomy":"category","embeddable":true,"href":"https:\/\/www.appointmed.com\/blog\/wp-json\/wp\/v2\/categories?post=5184"},{"taxonomy":"post_tag","embeddable":true,"href":"https:\/\/www.appointmed.com\/blog\/wp-json\/wp\/v2\/tags?post=5184"}],"curies":[{"name":"wp","href":"https:\/\/api.w.org\/{rel}","templated":true}]}}