{"id":617,"date":"2016-09-21T09:51:20","date_gmt":"2016-09-21T08:51:20","guid":{"rendered":"http:\/\/www.appointmed.com\/blog\/?p=617"},"modified":"2025-09-30T14:10:56","modified_gmt":"2025-09-30T12:10:56","slug":"paul-packt-aus-wie-ist-ein-praktikum-bei-appointmed","status":"publish","type":"post","link":"https:\/\/www.appointmed.com\/blog\/paul-packt-aus-wie-ist-ein-praktikum-bei-appointmed","title":{"rendered":"Paul packt aus \u2013 wie ist ein Praktikum bei appointmed?"},"content":{"rendered":"\n<p><em>Diese Woche \u00fcbernimmt Paul zum letzten Mal unseren Blog als Praktikant.<\/em><\/p>\n\n\n\n<p><em>Ganz ohne Feedback des Teams, redaktioneller Kontrolle oder Zensur vom Chef, berichtet er \u00fcber sein 3-monatiges&nbsp;Praktikum bei appointmed. Wir sind bereits gespannt wie das Urteil ausf\u00e4llt! :)<\/em><\/p>\n\n\n\n<p><em>\u2013 Viel Spa\u00df beim Lesen! Patrik.<\/em><\/p>\n\n\n\n<hr class=\"wp-block-separator has-alpha-channel-opacity\"\/>\n\n\n\n<h2 class=\"wp-block-heading\" id=\"h-pauls-resumee-uber-seine-zeit-bei-appointmed\">Pauls Res\u00fcmee \u00fcber seine Zeit bei appointmed<\/h2>\n\n\n\n<p>Das Ende ist nah, die ersten Monate sind wie im Flug vergangen. Apropos Flug, diesen Eintrag schreibe ich gerade im Flugzeug, 10.000 Meter hoch in der Luft. Ja was sich der Paul immer leistet \u2013 w\u00e4hrend des Praktikums unter der Woche einfach \u2018mal das Land verlassen und die Sonne auf den kanarischen Inseln genie\u00dfen. Klingt doch schon fast zu sch\u00f6n, oder? Auf dem R\u00fcckflug kam ich rein zuf\u00e4llig mit Betty, einer Eventplannerin aus Frankreich ins Gespr\u00e4ch. Sie scherzte, dass sie vielleicht auch ein Praktikum im Marketing machen sollte. Sp\u00e4testens als ich erw\u00e4hnte, dass der Aufenthalt in Teneriffa kein reiner Urlaub sei, sondern eine &#8222;Workation&#8220;, konnte ich ein wenig Neid in ihrer Reaktion erkennen ;-) .<\/p>\n\n\n\n<figure class=\"wp-block-image alignnone wp-caption-text\"><a href=\"https:\/\/www.appointmed.com\/blog\/wp-content\/uploads\/2016\/09\/appointmed-workation-in-teneriffa.jpg\"><img loading=\"lazy\" decoding=\"async\" width=\"650\" height=\"433\" src=\"https:\/\/www.appointmed.com\/blog\/wp-content\/uploads\/2016\/09\/appointmed-workation-in-teneriffa-650x433.jpg\" alt=\"Pauls &quot;B\u00fcro&quot; in Teneriffa.\" class=\"wp-image-621\" srcset=\"https:\/\/www.appointmed.com\/blog\/wp-content\/uploads\/2016\/09\/appointmed-workation-in-teneriffa-650x433.jpg 650w, https:\/\/www.appointmed.com\/blog\/wp-content\/uploads\/2016\/09\/appointmed-workation-in-teneriffa-300x200.jpg 300w, https:\/\/www.appointmed.com\/blog\/wp-content\/uploads\/2016\/09\/appointmed-workation-in-teneriffa.jpg 1200w\" sizes=\"auto, (max-width: 650px) 100vw, 650px\" \/><\/a><figcaption class=\"wp-element-caption\">Pauls &#8222;B\u00fcro&#8220; in Teneriffa.<\/figcaption><\/figure>\n\n\n\n<p>Seien wir ehrlich, wie besonders kann das Praktikum bei appointmed denn wirklich sein? Warum sollte sich jemand \u00fcberhaupt die Zeit nehmen meinen Bericht zu lesen? So anders kann es hier doch gar nicht sein?! Die Antwort: appointmed k\u00f6nnte genau das sein, was du suchst.<\/p>\n\n\n\n<p>Mein Bericht dient nicht nur zur Beschreibung meiner pers\u00f6nlichen Erlebnisse. Ich m\u00f6chte dir einen m\u00f6glichst genauen Einblick \u00fcber meine T\u00e4tigkeit liefern. Mein Ziel ist es, dir dabei zu helfen herauszufinden, ob appointmed auch etwas f\u00fcr dich ist. Ich m\u00f6chte dich \u00fcber m\u00f6gliche Herausforderungen aufkl\u00e4ren, mit denen ich konfrontiert war.<\/p>\n\n\n\n<blockquote class=\"wp-block-quote is-layout-flow wp-block-quote-is-layout-flow\">\n<p>Kurz gesagt: Ich m\u00f6chte dir die Gelegenheit bieten, f\u00fcr dich alleine zu entscheiden, ob ein Job bei uns \u00fcberhaupt in Frage kommt oder nicht.<\/p>\n<\/blockquote>\n\n\n<div class=\"wp-block-image\">\n<figure class=\"alignright\"><a href=\"https:\/\/www.appointmed.com\/blog\/wp-content\/uploads\/2016\/09\/paul-denkt-nach.jpg\"><img loading=\"lazy\" decoding=\"async\" width=\"300\" height=\"450\" src=\"https:\/\/www.appointmed.com\/blog\/wp-content\/uploads\/2016\/09\/paul-denkt-nach-300x450.jpg\" alt=\"\" class=\"wp-image-622\" srcset=\"https:\/\/www.appointmed.com\/blog\/wp-content\/uploads\/2016\/09\/paul-denkt-nach-300x450.jpg 300w, https:\/\/www.appointmed.com\/blog\/wp-content\/uploads\/2016\/09\/paul-denkt-nach-650x975.jpg 650w, https:\/\/www.appointmed.com\/blog\/wp-content\/uploads\/2016\/09\/paul-denkt-nach.jpg 800w\" sizes=\"auto, (max-width: 300px) 100vw, 300px\" \/><\/a><\/figure><\/div>\n\n\n<p>Drei Dinge habe ich mir durch den Kopf gehen lassen, bevor ich das erste Gespr\u00e4ch mit <a href=\"https:\/\/www.appointmed.com\/blog\/2015\/07\/2-minuten-mit-patrik-mitgruender-und-ui-designer-bei-appointmed\/\">Patrik<\/a> \u00fcber Skype gef\u00fchrt habe.<\/p>\n\n\n\n<ol class=\"wp-block-list\">\n<li>Wie wird mein Arbeitsalltag ausschauen?<\/li>\n\n\n\n<li>Mit welchen Leuten werde ich zusammenarbeiten?<\/li>\n\n\n\n<li>Und nat\u00fcrlich wie die Entlohnung aussieht?<\/li>\n<\/ol>\n\n\n\n<p>Genau diese Punkte m\u00f6chte ich in diesem Blog-Beitrag n\u00e4her darstellen und dir meinen Arbeitsablauf, das Arbeitsklima und die interne Kommunikation n\u00e4her bringen.<\/p>\n\n\n\n<p><a href=\"https:\/\/www.appointmed.com\/blog\/2016\/07\/3-minuten-mit-paul-marketing-praktikant-bei-appointmed\/\">In meinem Interview<\/a> kannst du nachlesen, was ich mir ganz am Anfang vorgenommen habe. Der Grundgedanke ist bis zum Schluss gleich geblieben: Unterst\u00fctzung im Marketing. Ich kl\u00e4re dich jetzt nicht \u00fcber meine Projekte im Detail auf auf, sondern vielmehr wie Entscheidungen getroffen werden und wie du zu deinen Aufgaben kommst.<\/p>\n\n\n\n<p>Du musst dir im Klaren sein, dass dir nicht immer alles in die Wiege gelegt wird. Der dahinterliegende Gedanke ist, dass dir die M\u00f6glichkeit gegeben wird, einen eigenen Weg f\u00fcr das definierte Ziel zu finden. Die Gesch\u00e4ftsf\u00fchrung dient dir als Guide und Leader. Mein pers\u00f6nlicher Guide war <a href=\"https:\/\/www.appointmed.com\/blog\/2016\/07\/3-minuten-mit-mario-mitgruender-und-sprachrohr-der-kunden\/\">CMO Mario<\/a>.<\/p>\n\n\n\n<p>Jede Woche besprechen wir gemeinsam unsere Priorit\u00e4ten und deren konkrete Umsetzung. Es ist wichtig zu erw\u00e4hnen, dass diese Besprechungen tats\u00e4chlich ein Austausch von Ideen zwischen zwei Leuten sind und keine &#8222;one-way-communication&#8220;, die von Mario ausgeht. Ich habe genug M\u00f6glichkeiten meine Ansichten einzuwerfen oder sogar zu widersprechen und meine Vorschl\u00e4ge mit logischen Argumenten zu untermauern.<\/p>\n\n\n\n<p>Wenn du nun denkst, dass f\u00fcr ein Praktikum zu wenig Anweisung da ist, kann ich das verstehen. Dann ist appointmed m\u00f6glicherweise nichts f\u00fcr dich.<\/p>\n\n\n\n<blockquote class=\"wp-block-quote is-layout-flow wp-block-quote-is-layout-flow\">\n<p>Bei appointmed gilt die Devise &#8222;die besten Mitarbeiter sind jene, die ein gewisses unternehmerisches Mindset besitzen&#8220;.<\/p>\n<\/blockquote>\n\n\n\n<p>Eigenst\u00e4ndiges Arbeiten und Ehrgeiz, neue Projekte ohne st\u00e4ndige Bevormundung zu entwickeln, sind Eigenschaften die du auf jeden Fall mitbringen solltest.<\/p>\n\n\n\n<p>Denk daran, dass dir alles was du brauchst um die n\u00f6tigen Entscheidungen zu treffen zur Verf\u00fcgung gestellt wird \u2013 ohne wenn und aber. Ich kann mich ganz genau an meine erste Besprechung mit Patrik erinnern: &#8222;Paul, wenn du irgendwas brauchst, sag Bescheid! Zur Not gehe uns ein wenig auf die Nerven\u2026&#8220; Das war keine leere Aussage.<\/p>\n\n\n\n<p>In k\u00fcrzester Zeit bekam ich alle notwendigen Informationen und Instrumente um meine Aufgaben zu erledigen. Sei es Hardware, Software oder n\u00f6tiges Vorwissen. Ich hatte immer den Zugriff auf alle Datenbanken und Tools. Langweilig wurde mir nie.<\/p>\n\n\n\n<p>Meine Arbeiten haben immer Sinn gemacht. Ich war mir immer bewusst, warum ich eine bestimmte T\u00e4tigkeit gemacht habe und was f\u00fcr eine Auswirkung diese hatte.<\/p>\n\n\n\n<p>Es gibt auch unz\u00e4hlige Situationen, wo du dich immer mehr mit dem Unternehmen identifizieren kannst. Du wirst sehen, dass hier ein kollektives Wir-Denken herrscht. Jeder wei\u00df genau was wer macht und gemacht hat und an wen man sich wenden kann wenn Hilfe gebraucht wird.<\/p>\n\n\n\n<blockquote class=\"wp-block-quote is-layout-flow wp-block-quote-is-layout-flow\">\n<p>Es ist egal wer du bist, sei es CEO oder Praktikant. Solange die Meinung einen konstruktiven Mehrwert bringt, ist es gleichg\u00fcltig wessen Kopf diese entspringt.<\/p>\n<\/blockquote>\n\n\n\n<p>Diese klare Linie an Kooperation und Kommunikation auf Augenh\u00f6he erstreckt sich durch die ganze Unternehmenskultur, was mir bereits bei meinem ersten pers\u00f6nlichen Treffen offenbart wurde. Sowas wie ein &#8222;Sie&#8220; ist f\u00fcr uns als junges, innovatives Unternehmen einfach unpassend. Nicht nur intern verk\u00f6rpern wir diese Einstellung, sondern auch extern gegen\u00fcber unseren Kunden. Ein &#8222;Du&#8220; ist einfach pers\u00f6nlicher, w\u00e4rmer als das distanzierte &#8222;Sie&#8220;.<\/p>\n\n\n<div class=\"wp-block-image\">\n<figure class=\"alignright\"><a href=\"https:\/\/www.appointmed.com\/blog\/wp-content\/uploads\/2016\/09\/skeptischer-paul.jpg\"><img loading=\"lazy\" decoding=\"async\" width=\"300\" height=\"450\" src=\"https:\/\/www.appointmed.com\/blog\/wp-content\/uploads\/2016\/09\/skeptischer-paul-300x450.jpg\" alt=\"\" class=\"wp-image-623\" srcset=\"https:\/\/www.appointmed.com\/blog\/wp-content\/uploads\/2016\/09\/skeptischer-paul-300x450.jpg 300w, https:\/\/www.appointmed.com\/blog\/wp-content\/uploads\/2016\/09\/skeptischer-paul-650x975.jpg 650w, https:\/\/www.appointmed.com\/blog\/wp-content\/uploads\/2016\/09\/skeptischer-paul.jpg 800w\" sizes=\"auto, (max-width: 300px) 100vw, 300px\" \/><\/a><\/figure><\/div>\n\n\n<p>Wesentliche Voraussetzungen sind Humor w\u00e4hrend der Arbeit, Offenheit f\u00fcr neue Ideen und der Wille an Projekten beteiligt zu sein, die sich nicht direkt mit deinem Arbeitsfeld \u00fcberschneiden. In anderen Worten, es ist notwendig, sich mit Themen gr\u00fcndlich auseinander zu setzen, in welchen du absolut kein Experte bist \u2013 abgesehen davon, wer ist schon Experte als Praktikant? Au\u00dfer vielleicht richtig Kaffee kochen :P.<\/p>\n\n\n\n<h2 class=\"wp-block-heading\" id=\"h-bezahltes-praktikum\">Bezahltes Praktikum<\/h2>\n\n\n\n<p>Spa\u00df beiseite. Es ist an der Zeit \u00fcber die Bezahlung zu reden. Denn: Nur Bares ist Wahres?!<\/p>\n\n\n\n<p>Gute Nachricht zuerst, die Praktikumsstelle wird bezahlt. Die Schlechte? Naja, sagen wir es so, es ist noch immer ein Praktikum ;). Aber seien wir uns &#8218;mal ehrlich, wenn jemand ein Praktikum nur in Betracht zieht, um das gro\u00dfe Geld zu machen, ist m\u00f6glicherweise ein wenig desillusioniert.<\/p>\n\n\n\n<p>Jeder sollte an dieser Stelle ein Bild im Kopf haben, was auf einen &#8222;Praktikanten&#8220; bei uns zukommt. Trotzdem m\u00f6chte ich noch kurz meine pers\u00f6nlichen Highlights los werden. Warum es mir bei appointmed so gef\u00e4llt:<\/p>\n\n\n\n<ul class=\"wp-block-list\">\n<li>Die Freiheit eigene Entscheidungen zu treffen<\/li>\n\n\n\n<li>Die M\u00f6glichkeit seine eigenen Ideen ohne Weiteres durchzubringen<\/li>\n\n\n\n<li>Die freie Wahl an Arbeitszeiteinteilung und Arbeitsort<\/li>\n\n\n\n<li>Die Option zu haben, an allen wichtigen Gesch\u00e4ftsentscheidungen mitzuwirken<\/li>\n\n\n\n<li>Die Teilnahme an allen Teamevents<\/li>\n\n\n\n<li>Die glasklare Transparenz im Unternehmen<\/li>\n\n\n\n<li>Die ungemeine Menge an Erfahrung<\/li>\n\n\n\n<li>Und nat\u00fcrlich nicht zu vergessen: Das Team<\/li>\n<\/ul>\n\n\n\n<figure class=\"wp-block-image alignnone wp-caption-text\"><a href=\"https:\/\/www.appointmed.com\/blog\/wp-content\/uploads\/2016\/09\/appointmed-rafting-team-event.jpg\"><img loading=\"lazy\" decoding=\"async\" width=\"650\" height=\"488\" src=\"https:\/\/www.appointmed.com\/blog\/wp-content\/uploads\/2016\/09\/appointmed-rafting-team-event-650x488.jpg\" alt=\"Zwei Tage Rafting in Wildalpen \u2013 ein appointmed Team Event.\" class=\"wp-image-624\" srcset=\"https:\/\/www.appointmed.com\/blog\/wp-content\/uploads\/2016\/09\/appointmed-rafting-team-event-650x488.jpg 650w, https:\/\/www.appointmed.com\/blog\/wp-content\/uploads\/2016\/09\/appointmed-rafting-team-event-300x225.jpg 300w, https:\/\/www.appointmed.com\/blog\/wp-content\/uploads\/2016\/09\/appointmed-rafting-team-event.jpg 1200w\" sizes=\"auto, (max-width: 650px) 100vw, 650px\" \/><\/a><figcaption class=\"wp-element-caption\">Zwei Tage Rafting in Wildalpen \u2013 ein appointmed Team Event.<\/figcaption><\/figure>\n\n\n\n<p>Was gibt es noch gro\u00dfartig zu sagen? Hmm,&#8230; Ich bleibe appointmed treu und setze gleichzeitig mein Vollzeitstudium fort. Also Tsch\u00fcss zur Freizeit und wie Patrik letztens so sch\u00f6n gesagt hat: &#8222;Wochenende? Was ist ein Wochenende? Samstag und Sonntag ist wie jeder normale Tag in der Woche\u2026&#8220;.<\/p>\n\n\n\n<p>Ich bin gespannt auf deine Erfahrungen in vergangenen Praktika. Schick mir dazu einfach eine Mail an <a href=\"mailto:paul@appointmed.com\">paul@appointmed.com<\/a>.<\/p>\n\n\n\n<p>Liebe Gr\u00fc\u00dfe,<br>Paul<\/p>\n","protected":false},"excerpt":{"rendered":"<p>Diese Woche \u00fcbernimmt Paul zum letzten Mal unseren Blog als Praktikant. Ganz ohne Feedback des Teams, redaktioneller Kontrolle oder Zensur vom Chef, berichtet er \u00fcber sein 3-monatiges Praktikum bei appointmed. Wir sind bereits gespannt wie das Urteil ausf\u00e4llt!<\/p>\n","protected":false},"author":4,"featured_media":620,"comment_status":"open","ping_status":"open","sticky":false,"template":"","format":"standard","meta":{"_acf_changed":false,"footnotes":""},"categories":[2,6],"tags":[],"class_list":["post-617","post","type-post","status-publish","format-standard","has-post-thumbnail","hentry","category-blog","category-the-company"],"acf":[],"yoast_head":"<!-- This site is optimized with the Yoast SEO Premium plugin v27.4 (Yoast SEO v27.4) - https:\/\/yoast.com\/product\/yoast-seo-premium-wordpress\/ -->\n<title>Wie ist ein Praktikum bei appointmed? Paul packt aus...<\/title>\n<meta name=\"description\" content=\"Garantiert unzensiert: Paul berichtet \u00fcber sein 3-monatiges Praktikum bei appointmed. Wie sieht sein Alltag aus und warum ist appointmed &quot;anders&quot;?\" \/>\n<meta name=\"robots\" content=\"index, follow, max-snippet:-1, max-image-preview:large, max-video-preview:-1\" \/>\n<link rel=\"canonical\" href=\"https:\/\/www.appointmed.com\/blog\/paul-packt-aus-wie-ist-ein-praktikum-bei-appointmed\" \/>\n<meta property=\"og:locale\" content=\"de_DE\" \/>\n<meta property=\"og:type\" content=\"article\" \/>\n<meta property=\"og:title\" content=\"Paul packt aus \u2013 wie ist ein Praktikum bei appointmed?\" \/>\n<meta property=\"og:description\" content=\"Diese Woche \u00fcbernimmt Paul zum letzten Mal unseren Blog als Praktikant. Ganz ohne Feedback des Teams, redaktioneller Kontrolle oder Zensur vom Chef, berichtet er \u00fcber sein 3-monatiges Praktikum bei appointmed. Wir sind bereits gespannt wie das Urteil ausf\u00e4llt!\" \/>\n<meta property=\"og:url\" content=\"https:\/\/www.appointmed.com\/blog\/paul-packt-aus-wie-ist-ein-praktikum-bei-appointmed\" \/>\n<meta property=\"og:site_name\" content=\"appointmed Blog\" \/>\n<meta property=\"article:publisher\" content=\"https:\/\/www.facebook.com\/appointmed\" \/>\n<meta property=\"article:published_time\" content=\"2016-09-21T08:51:20+00:00\" \/>\n<meta property=\"article:modified_time\" content=\"2025-09-30T12:10:56+00:00\" \/>\n<meta property=\"og:image\" content=\"https:\/\/www.appointmed.com\/blog\/wp-content\/uploads\/2016\/09\/paul-ueber-sein-praktikum-bei-appointmed.jpg\" \/>\n\t<meta property=\"og:image:width\" content=\"1300\" \/>\n\t<meta property=\"og:image:height\" content=\"480\" \/>\n\t<meta property=\"og:image:type\" content=\"image\/jpeg\" \/>\n<meta name=\"author\" content=\"Paul Trung\" \/>\n<meta name=\"twitter:card\" content=\"summary_large_image\" \/>\n<meta name=\"twitter:creator\" content=\"@appointmed\" \/>\n<meta name=\"twitter:site\" content=\"@appointmed\" \/>\n<script type=\"application\/ld+json\" class=\"yoast-schema-graph\">{\"@context\":\"https:\\\/\\\/schema.org\",\"@graph\":[{\"@type\":\"Article\",\"@id\":\"https:\\\/\\\/www.appointmed.com\\\/blog\\\/paul-packt-aus-wie-ist-ein-praktikum-bei-appointmed#article\",\"isPartOf\":{\"@id\":\"https:\\\/\\\/www.appointmed.com\\\/blog\\\/paul-packt-aus-wie-ist-ein-praktikum-bei-appointmed\"},\"author\":{\"name\":\"Paul Trung\",\"@id\":\"https:\\\/\\\/www.appointmed.com\\\/blog\\\/#\\\/schema\\\/person\\\/9c8135fbf40ce1e588b4d17c78ec03cd\"},\"headline\":\"Paul packt aus \u2013 wie ist ein Praktikum bei appointmed?\",\"datePublished\":\"2016-09-21T08:51:20+00:00\",\"dateModified\":\"2025-09-30T12:10:56+00:00\",\"mainEntityOfPage\":{\"@id\":\"https:\\\/\\\/www.appointmed.com\\\/blog\\\/paul-packt-aus-wie-ist-ein-praktikum-bei-appointmed\"},\"wordCount\":1176,\"commentCount\":0,\"publisher\":{\"@id\":\"https:\\\/\\\/www.appointmed.com\\\/blog\\\/#organization\"},\"image\":{\"@id\":\"https:\\\/\\\/www.appointmed.com\\\/blog\\\/paul-packt-aus-wie-ist-ein-praktikum-bei-appointmed#primaryimage\"},\"thumbnailUrl\":\"https:\\\/\\\/www.appointmed.com\\\/blog\\\/wp-content\\\/uploads\\\/2016\\\/09\\\/paul-ueber-sein-praktikum-bei-appointmed.jpg\",\"articleSection\":[\"Blog\",\"\u00dcber appointmed\"],\"inLanguage\":\"de\",\"potentialAction\":[{\"@type\":\"CommentAction\",\"name\":\"Comment\",\"target\":[\"https:\\\/\\\/www.appointmed.com\\\/blog\\\/paul-packt-aus-wie-ist-ein-praktikum-bei-appointmed#respond\"]}]},{\"@type\":\"WebPage\",\"@id\":\"https:\\\/\\\/www.appointmed.com\\\/blog\\\/paul-packt-aus-wie-ist-ein-praktikum-bei-appointmed\",\"url\":\"https:\\\/\\\/www.appointmed.com\\\/blog\\\/paul-packt-aus-wie-ist-ein-praktikum-bei-appointmed\",\"name\":\"Wie ist ein Praktikum bei appointmed? Paul packt aus...\",\"isPartOf\":{\"@id\":\"https:\\\/\\\/www.appointmed.com\\\/blog\\\/#website\"},\"primaryImageOfPage\":{\"@id\":\"https:\\\/\\\/www.appointmed.com\\\/blog\\\/paul-packt-aus-wie-ist-ein-praktikum-bei-appointmed#primaryimage\"},\"image\":{\"@id\":\"https:\\\/\\\/www.appointmed.com\\\/blog\\\/paul-packt-aus-wie-ist-ein-praktikum-bei-appointmed#primaryimage\"},\"thumbnailUrl\":\"https:\\\/\\\/www.appointmed.com\\\/blog\\\/wp-content\\\/uploads\\\/2016\\\/09\\\/paul-ueber-sein-praktikum-bei-appointmed.jpg\",\"datePublished\":\"2016-09-21T08:51:20+00:00\",\"dateModified\":\"2025-09-30T12:10:56+00:00\",\"description\":\"Garantiert unzensiert: Paul berichtet \u00fcber sein 3-monatiges Praktikum bei appointmed. Wie sieht sein Alltag aus und warum ist appointmed \\\"anders\\\"?\",\"breadcrumb\":{\"@id\":\"https:\\\/\\\/www.appointmed.com\\\/blog\\\/paul-packt-aus-wie-ist-ein-praktikum-bei-appointmed#breadcrumb\"},\"inLanguage\":\"de\",\"potentialAction\":[{\"@type\":\"ReadAction\",\"target\":[\"https:\\\/\\\/www.appointmed.com\\\/blog\\\/paul-packt-aus-wie-ist-ein-praktikum-bei-appointmed\"]}]},{\"@type\":\"ImageObject\",\"inLanguage\":\"de\",\"@id\":\"https:\\\/\\\/www.appointmed.com\\\/blog\\\/paul-packt-aus-wie-ist-ein-praktikum-bei-appointmed#primaryimage\",\"url\":\"https:\\\/\\\/www.appointmed.com\\\/blog\\\/wp-content\\\/uploads\\\/2016\\\/09\\\/paul-ueber-sein-praktikum-bei-appointmed.jpg\",\"contentUrl\":\"https:\\\/\\\/www.appointmed.com\\\/blog\\\/wp-content\\\/uploads\\\/2016\\\/09\\\/paul-ueber-sein-praktikum-bei-appointmed.jpg\",\"width\":1300,\"height\":480,\"caption\":\"Ein Praktikum in der Sonne? Wie das geht verr\u00e4t Paul in seinem Praktikumsbericht.\"},{\"@type\":\"BreadcrumbList\",\"@id\":\"https:\\\/\\\/www.appointmed.com\\\/blog\\\/paul-packt-aus-wie-ist-ein-praktikum-bei-appointmed#breadcrumb\",\"itemListElement\":[{\"@type\":\"ListItem\",\"position\":1,\"name\":\"Startseite\",\"item\":\"https:\\\/\\\/www.appointmed.com\\\/blog\\\/\"},{\"@type\":\"ListItem\",\"position\":2,\"name\":\"Paul packt aus \u2013 wie ist ein Praktikum bei appointmed?\"}]},{\"@type\":\"WebSite\",\"@id\":\"https:\\\/\\\/www.appointmed.com\\\/blog\\\/#website\",\"url\":\"https:\\\/\\\/www.appointmed.com\\\/blog\\\/\",\"name\":\"appointmed Blog\",\"description\":\"Die unkomplizierte Praxissoftware\",\"publisher\":{\"@id\":\"https:\\\/\\\/www.appointmed.com\\\/blog\\\/#organization\"},\"potentialAction\":[{\"@type\":\"SearchAction\",\"target\":{\"@type\":\"EntryPoint\",\"urlTemplate\":\"https:\\\/\\\/www.appointmed.com\\\/blog\\\/?s={search_term_string}\"},\"query-input\":{\"@type\":\"PropertyValueSpecification\",\"valueRequired\":true,\"valueName\":\"search_term_string\"}}],\"inLanguage\":\"de\"},{\"@type\":\"Organization\",\"@id\":\"https:\\\/\\\/www.appointmed.com\\\/blog\\\/#organization\",\"name\":\"appointmed GmbH\",\"url\":\"https:\\\/\\\/www.appointmed.com\\\/blog\\\/\",\"logo\":{\"@type\":\"ImageObject\",\"inLanguage\":\"de\",\"@id\":\"https:\\\/\\\/www.appointmed.com\\\/blog\\\/#\\\/schema\\\/logo\\\/image\\\/\",\"url\":\"https:\\\/\\\/www.appointmed.com\\\/blog\\\/wp-content\\\/uploads\\\/2019\\\/08\\\/appointmed-Logo-V2-cropped-transparent.png\",\"contentUrl\":\"https:\\\/\\\/www.appointmed.com\\\/blog\\\/wp-content\\\/uploads\\\/2019\\\/08\\\/appointmed-Logo-V2-cropped-transparent.png\",\"width\":1200,\"height\":257,\"caption\":\"appointmed GmbH\"},\"image\":{\"@id\":\"https:\\\/\\\/www.appointmed.com\\\/blog\\\/#\\\/schema\\\/logo\\\/image\\\/\"},\"sameAs\":[\"https:\\\/\\\/www.facebook.com\\\/appointmed\",\"https:\\\/\\\/x.com\\\/appointmed\",\"https:\\\/\\\/www.instagram.com\\\/appointmed\",\"https:\\\/\\\/de.linkedin.com\\\/company\\\/appointmed\",\"https:\\\/\\\/www.youtube.com\\\/appointmed\"]},{\"@type\":\"Person\",\"@id\":\"https:\\\/\\\/www.appointmed.com\\\/blog\\\/#\\\/schema\\\/person\\\/9c8135fbf40ce1e588b4d17c78ec03cd\",\"name\":\"Paul Trung\",\"image\":{\"@type\":\"ImageObject\",\"inLanguage\":\"de\",\"@id\":\"https:\\\/\\\/secure.gravatar.com\\\/avatar\\\/4265451f0ba0312bb45a9b2d94c84b9d3830a6b10f496dc7c9dc3a97914d1635?s=96&d=mm&r=g\",\"url\":\"https:\\\/\\\/secure.gravatar.com\\\/avatar\\\/4265451f0ba0312bb45a9b2d94c84b9d3830a6b10f496dc7c9dc3a97914d1635?s=96&d=mm&r=g\",\"contentUrl\":\"https:\\\/\\\/secure.gravatar.com\\\/avatar\\\/4265451f0ba0312bb45a9b2d94c84b9d3830a6b10f496dc7c9dc3a97914d1635?s=96&d=mm&r=g\",\"caption\":\"Paul Trung\"},\"sameAs\":[\"https:\\\/\\\/www.appointmed.com\\\/team\"],\"url\":\"https:\\\/\\\/www.appointmed.com\\\/blog\\\/author\\\/paul\"}]}<\/script>\n<!-- \/ Yoast SEO Premium plugin. -->","yoast_head_json":{"title":"Wie ist ein Praktikum bei appointmed? Paul packt aus...","description":"Garantiert unzensiert: Paul berichtet \u00fcber sein 3-monatiges Praktikum bei appointmed. Wie sieht sein Alltag aus und warum ist appointmed \"anders\"?","robots":{"index":"index","follow":"follow","max-snippet":"max-snippet:-1","max-image-preview":"max-image-preview:large","max-video-preview":"max-video-preview:-1"},"canonical":"https:\/\/www.appointmed.com\/blog\/paul-packt-aus-wie-ist-ein-praktikum-bei-appointmed","og_locale":"de_DE","og_type":"article","og_title":"Paul packt aus \u2013 wie ist ein Praktikum bei appointmed?","og_description":"Diese Woche \u00fcbernimmt Paul zum letzten Mal unseren Blog als Praktikant. Ganz ohne Feedback des Teams, redaktioneller Kontrolle oder Zensur vom Chef, berichtet er \u00fcber sein 3-monatiges Praktikum bei appointmed. Wir sind bereits gespannt wie das Urteil ausf\u00e4llt!","og_url":"https:\/\/www.appointmed.com\/blog\/paul-packt-aus-wie-ist-ein-praktikum-bei-appointmed","og_site_name":"appointmed Blog","article_publisher":"https:\/\/www.facebook.com\/appointmed","article_published_time":"2016-09-21T08:51:20+00:00","article_modified_time":"2025-09-30T12:10:56+00:00","og_image":[{"width":1300,"height":480,"url":"https:\/\/www.appointmed.com\/blog\/wp-content\/uploads\/2016\/09\/paul-ueber-sein-praktikum-bei-appointmed.jpg","type":"image\/jpeg"}],"author":"Paul Trung","twitter_card":"summary_large_image","twitter_creator":"@appointmed","twitter_site":"@appointmed","schema":{"@context":"https:\/\/schema.org","@graph":[{"@type":"Article","@id":"https:\/\/www.appointmed.com\/blog\/paul-packt-aus-wie-ist-ein-praktikum-bei-appointmed#article","isPartOf":{"@id":"https:\/\/www.appointmed.com\/blog\/paul-packt-aus-wie-ist-ein-praktikum-bei-appointmed"},"author":{"name":"Paul Trung","@id":"https:\/\/www.appointmed.com\/blog\/#\/schema\/person\/9c8135fbf40ce1e588b4d17c78ec03cd"},"headline":"Paul packt aus \u2013 wie ist ein Praktikum bei appointmed?","datePublished":"2016-09-21T08:51:20+00:00","dateModified":"2025-09-30T12:10:56+00:00","mainEntityOfPage":{"@id":"https:\/\/www.appointmed.com\/blog\/paul-packt-aus-wie-ist-ein-praktikum-bei-appointmed"},"wordCount":1176,"commentCount":0,"publisher":{"@id":"https:\/\/www.appointmed.com\/blog\/#organization"},"image":{"@id":"https:\/\/www.appointmed.com\/blog\/paul-packt-aus-wie-ist-ein-praktikum-bei-appointmed#primaryimage"},"thumbnailUrl":"https:\/\/www.appointmed.com\/blog\/wp-content\/uploads\/2016\/09\/paul-ueber-sein-praktikum-bei-appointmed.jpg","articleSection":["Blog","\u00dcber appointmed"],"inLanguage":"de","potentialAction":[{"@type":"CommentAction","name":"Comment","target":["https:\/\/www.appointmed.com\/blog\/paul-packt-aus-wie-ist-ein-praktikum-bei-appointmed#respond"]}]},{"@type":"WebPage","@id":"https:\/\/www.appointmed.com\/blog\/paul-packt-aus-wie-ist-ein-praktikum-bei-appointmed","url":"https:\/\/www.appointmed.com\/blog\/paul-packt-aus-wie-ist-ein-praktikum-bei-appointmed","name":"Wie ist ein Praktikum bei appointmed? Paul packt aus...","isPartOf":{"@id":"https:\/\/www.appointmed.com\/blog\/#website"},"primaryImageOfPage":{"@id":"https:\/\/www.appointmed.com\/blog\/paul-packt-aus-wie-ist-ein-praktikum-bei-appointmed#primaryimage"},"image":{"@id":"https:\/\/www.appointmed.com\/blog\/paul-packt-aus-wie-ist-ein-praktikum-bei-appointmed#primaryimage"},"thumbnailUrl":"https:\/\/www.appointmed.com\/blog\/wp-content\/uploads\/2016\/09\/paul-ueber-sein-praktikum-bei-appointmed.jpg","datePublished":"2016-09-21T08:51:20+00:00","dateModified":"2025-09-30T12:10:56+00:00","description":"Garantiert unzensiert: Paul berichtet \u00fcber sein 3-monatiges Praktikum bei appointmed. Wie sieht sein Alltag aus und warum ist appointmed \"anders\"?","breadcrumb":{"@id":"https:\/\/www.appointmed.com\/blog\/paul-packt-aus-wie-ist-ein-praktikum-bei-appointmed#breadcrumb"},"inLanguage":"de","potentialAction":[{"@type":"ReadAction","target":["https:\/\/www.appointmed.com\/blog\/paul-packt-aus-wie-ist-ein-praktikum-bei-appointmed"]}]},{"@type":"ImageObject","inLanguage":"de","@id":"https:\/\/www.appointmed.com\/blog\/paul-packt-aus-wie-ist-ein-praktikum-bei-appointmed#primaryimage","url":"https:\/\/www.appointmed.com\/blog\/wp-content\/uploads\/2016\/09\/paul-ueber-sein-praktikum-bei-appointmed.jpg","contentUrl":"https:\/\/www.appointmed.com\/blog\/wp-content\/uploads\/2016\/09\/paul-ueber-sein-praktikum-bei-appointmed.jpg","width":1300,"height":480,"caption":"Ein Praktikum in der Sonne? Wie das geht verr\u00e4t Paul in seinem Praktikumsbericht."},{"@type":"BreadcrumbList","@id":"https:\/\/www.appointmed.com\/blog\/paul-packt-aus-wie-ist-ein-praktikum-bei-appointmed#breadcrumb","itemListElement":[{"@type":"ListItem","position":1,"name":"Startseite","item":"https:\/\/www.appointmed.com\/blog\/"},{"@type":"ListItem","position":2,"name":"Paul packt aus \u2013 wie ist ein Praktikum bei appointmed?"}]},{"@type":"WebSite","@id":"https:\/\/www.appointmed.com\/blog\/#website","url":"https:\/\/www.appointmed.com\/blog\/","name":"appointmed Blog","description":"Die unkomplizierte Praxissoftware","publisher":{"@id":"https:\/\/www.appointmed.com\/blog\/#organization"},"potentialAction":[{"@type":"SearchAction","target":{"@type":"EntryPoint","urlTemplate":"https:\/\/www.appointmed.com\/blog\/?s={search_term_string}"},"query-input":{"@type":"PropertyValueSpecification","valueRequired":true,"valueName":"search_term_string"}}],"inLanguage":"de"},{"@type":"Organization","@id":"https:\/\/www.appointmed.com\/blog\/#organization","name":"appointmed GmbH","url":"https:\/\/www.appointmed.com\/blog\/","logo":{"@type":"ImageObject","inLanguage":"de","@id":"https:\/\/www.appointmed.com\/blog\/#\/schema\/logo\/image\/","url":"https:\/\/www.appointmed.com\/blog\/wp-content\/uploads\/2019\/08\/appointmed-Logo-V2-cropped-transparent.png","contentUrl":"https:\/\/www.appointmed.com\/blog\/wp-content\/uploads\/2019\/08\/appointmed-Logo-V2-cropped-transparent.png","width":1200,"height":257,"caption":"appointmed GmbH"},"image":{"@id":"https:\/\/www.appointmed.com\/blog\/#\/schema\/logo\/image\/"},"sameAs":["https:\/\/www.facebook.com\/appointmed","https:\/\/x.com\/appointmed","https:\/\/www.instagram.com\/appointmed","https:\/\/de.linkedin.com\/company\/appointmed","https:\/\/www.youtube.com\/appointmed"]},{"@type":"Person","@id":"https:\/\/www.appointmed.com\/blog\/#\/schema\/person\/9c8135fbf40ce1e588b4d17c78ec03cd","name":"Paul Trung","image":{"@type":"ImageObject","inLanguage":"de","@id":"https:\/\/secure.gravatar.com\/avatar\/4265451f0ba0312bb45a9b2d94c84b9d3830a6b10f496dc7c9dc3a97914d1635?s=96&d=mm&r=g","url":"https:\/\/secure.gravatar.com\/avatar\/4265451f0ba0312bb45a9b2d94c84b9d3830a6b10f496dc7c9dc3a97914d1635?s=96&d=mm&r=g","contentUrl":"https:\/\/secure.gravatar.com\/avatar\/4265451f0ba0312bb45a9b2d94c84b9d3830a6b10f496dc7c9dc3a97914d1635?s=96&d=mm&r=g","caption":"Paul Trung"},"sameAs":["https:\/\/www.appointmed.com\/team"],"url":"https:\/\/www.appointmed.com\/blog\/author\/paul"}]}},"_links":{"self":[{"href":"https:\/\/www.appointmed.com\/blog\/wp-json\/wp\/v2\/posts\/617","targetHints":{"allow":["GET"]}}],"collection":[{"href":"https:\/\/www.appointmed.com\/blog\/wp-json\/wp\/v2\/posts"}],"about":[{"href":"https:\/\/www.appointmed.com\/blog\/wp-json\/wp\/v2\/types\/post"}],"author":[{"embeddable":true,"href":"https:\/\/www.appointmed.com\/blog\/wp-json\/wp\/v2\/users\/4"}],"replies":[{"embeddable":true,"href":"https:\/\/www.appointmed.com\/blog\/wp-json\/wp\/v2\/comments?post=617"}],"version-history":[{"count":1,"href":"https:\/\/www.appointmed.com\/blog\/wp-json\/wp\/v2\/posts\/617\/revisions"}],"predecessor-version":[{"id":6871,"href":"https:\/\/www.appointmed.com\/blog\/wp-json\/wp\/v2\/posts\/617\/revisions\/6871"}],"wp:featuredmedia":[{"embeddable":true,"href":"https:\/\/www.appointmed.com\/blog\/wp-json\/wp\/v2\/media\/620"}],"wp:attachment":[{"href":"https:\/\/www.appointmed.com\/blog\/wp-json\/wp\/v2\/media?parent=617"}],"wp:term":[{"taxonomy":"category","embeddable":true,"href":"https:\/\/www.appointmed.com\/blog\/wp-json\/wp\/v2\/categories?post=617"},{"taxonomy":"post_tag","embeddable":true,"href":"https:\/\/www.appointmed.com\/blog\/wp-json\/wp\/v2\/tags?post=617"}],"curies":[{"name":"wp","href":"https:\/\/api.w.org\/{rel}","templated":true}]}}