{"id":825,"date":"2017-01-02T22:49:41","date_gmt":"2017-01-02T21:49:41","guid":{"rendered":"https:\/\/www.appointmed.com\/blog\/?p=825"},"modified":"2024-06-27T15:10:48","modified_gmt":"2024-06-27T13:10:48","slug":"rueckblick-und-ausblick-das-war-2016-und-so-wird-2017","status":"publish","type":"post","link":"https:\/\/www.appointmed.com\/blog\/rueckblick-und-ausblick-das-war-2016-und-so-wird-2017","title":{"rendered":"R\u00fcckblick und Ausblick: Das war 2016 und so wird 2017&#8230;"},"content":{"rendered":"<p>Die Zeit vergeht wie im Flug. Nach 12 spannenden Monaten m\u00f6chten wir in diesem Beitrag auf das Jahr 2016 zur\u00fcckblicken. Was hat sich bei\u00a0uns rund um appointmed getan und was sind die Herausforderungen, die wir uns f\u00fcr 2017 vorgenommen haben?<\/p>\n<h3><strong>Die appointmed Software<\/strong><\/h3>\n<p>Nach einer mehrmonatigen Testphase mit ausgew\u00e4hlten Kunden wurde appointmed Anfang 2016 offiziell der breiten \u00d6ffentlichkeit zur Verf\u00fcgung gestellt. Auch das Anmelden eines 30-t\u00e4gigen, kostenlosen <a data-toggle=\"modal\" data-target=\"#modalForm\" data-vtext=\"appointmed\">Test-Accounts<\/a> ist inzwischen unkompliziert \u00fcber die Website m\u00f6glich.<\/p>\n<p>Die wachsende Anzahl an Kunden und die dadurch auftretenden Anforderungen an die technische Infrastruktur machten es im ersten Quartal notwendig, dass wir das System komplett in ein neues Rechenzentrum \u00fcbersiedeln. appointmed l\u00e4uft seitdem bei einem der f\u00fchrenden Technologieanbieter, wenn es um das Thema Cloud Computing geht.<\/p>\n<p>Neben vielen kleinen Verbesserungen und Erweiterungen des Systems, gab es 2016 aber auch Highlights, die es sich hervorzuheben lohnt:<\/p>\n<h4><strong>Highlights der Programmentwicklung 2016:<\/strong><\/h4>\n<ul style=\"list-style-type: square;\">\n<li>Die <strong>System- und Benutzereinstellungen<\/strong> wurden komplett \u00fcberarbeitet.<\/li>\n<li>Einf\u00fchren unterschiedlicher <strong>Benutzerrollen<\/strong>, damit selbstst\u00e4ndige Mitarbeiter unabh\u00e4ngig Rechnungen und Zahlungsbelege ausstellen k\u00f6nnen.<\/li>\n<li><strong>Erweiterte Druckfunktionen<\/strong> in der Patientenakte:\u00a0Dokumentationseintr\u00e4ge in Briefform ausdrucken und Terminlisten f\u00fcr Patienten auf Knopfdruck erstellen.<\/li>\n<li>Zu jedem Hauptmen\u00fcpunkt der App gibt es jetzt ein kurzes <strong>Hilfe\u00a0Video<\/strong>, direkt im &#8222;?&#8220; Hilfe Men\u00fc.<\/li>\n<li>Der <strong>Kalender<\/strong> wurde basierend auf sehr konstruktivem Feedback unserer Kunden <a href=\"https:\/\/www.appointmed.com\/blog\/2016\/05\/aenderungen-vom-6-mai-2016\/\">komplett neu\u00a0programmiert<\/a>.<\/li>\n<li>Einf\u00fchrung erweiterter\u00a0<strong>Rechnungsfilter<\/strong>, Auswertungen und einer CSV Export Funktion.<\/li>\n<\/ul>\n<h4>Zahlen, Zahlen, Zahlen: Ein Jahr appointmed in Betrieb<\/h4>\n<ul style=\"list-style-type: square;\">\n<li><strong>55.000<\/strong> Rechnungen und Zahlungsbelege wurden erstellt. Das entspricht einer <a href=\"https:\/\/appointmed.com\/preise\">Zeitersparnis von 1.375 Stunden<\/a> im Vergleich zu herk\u00f6mmlichem Schreiben von Rechnungen und Quittungen.<\/li>\n<li><strong>140.000<\/strong> Mal haben sich Kunden in appointmed eingeloggt. 30,29 % davon \u00fcber ein mobiles Endger\u00e4t (Smartphone, Tablet).<\/li>\n<li><strong>800<\/strong> Arbeitspakete wurden von unseren Entwicklern erledigt und in Form von <strong>37<\/strong> kostenlosen Updates ver\u00f6ffentlicht.<\/li>\n<li><strong>150<\/strong>\u00a0Verbesserungsvorschl\u00e4ge unserer Kunden konnten erfolgreich in der\u00a0Entwicklung ber\u00fccksichtigt werden.<\/li>\n<\/ul>\n<h3>Zufriedene appointmed Kunden<\/h3>\n<div id=\"attachment_708\" class=\"wp-caption alignnone\" style=\"width: 650px\"><a href=\"https:\/\/www.appointmed.com\/blog\/wp-content\/uploads\/2016\/10\/thomas-wallner-im-interview-mit-mario.jpg\"><img loading=\"lazy\" decoding=\"async\" class=\"wp-image-708 size-large\" src=\"https:\/\/www.appointmed.com\/blog\/wp-content\/uploads\/2016\/10\/thomas-wallner-im-interview-mit-mario-650x433.jpg\" alt=\"Thomas Wallner im Interview mit Mario\" width=\"650\" height=\"433\" srcset=\"https:\/\/www.appointmed.com\/blog\/wp-content\/uploads\/2016\/10\/thomas-wallner-im-interview-mit-mario-650x433.jpg 650w, https:\/\/www.appointmed.com\/blog\/wp-content\/uploads\/2016\/10\/thomas-wallner-im-interview-mit-mario-300x200.jpg 300w, https:\/\/www.appointmed.com\/blog\/wp-content\/uploads\/2016\/10\/thomas-wallner-im-interview-mit-mario.jpg 2000w\" sizes=\"auto, (max-width: 650px) 100vw, 650px\" \/><\/a><p class=\"wp-caption-text\">Thomas Wallner im Interview mit Mario<\/p><\/div>\n<p>2016 haben wir auch damit begonnen,\u00a0Erfahrungsberichte unserer Kunden in der Rubrik &#8222;appointMeet&#8220; am appointmed Blog zu ver\u00f6ffentlichen. Diese Interviews helfen uns dabei, appointmed noch besser aus der Perspektive unserer\u00a0Kunden zu sehen:<\/p>\n<blockquote><p>\u201cappointmed ist f\u00fcr mich der \u2018Rolls Royce\u2019 unter den Registrierkassen.\u201d<br \/>\n(<a href=\"https:\/\/www.appointmed.com\/blog\/2016\/12\/appointmeet-zu-gast-bei-matthias-pakosta\/\">Matthias Pakosta<\/a>, Osteopath &amp; Physiotherapeut)<\/p><\/blockquote>\n<blockquote><p>&#8222;Mit appointmed habe ich alle notwendigen Funktionen in einer Software. Das geht schnell, ist unkompliziert und ich brauche nur wenige Klicks um alles zu erledigen.&#8220; (<a href=\"https:\/\/www.appointmed.com\/blog\/2016\/10\/appointmeet-zu-gast-bei-dr-thomas-wallner\/\">Thomas Wallner<\/a>, Chirurg)<\/p><\/blockquote>\n<blockquote><p>&#8222;Man sp\u00fcrt euer Interesse, das Feedback von uns Therapeuten ernst zu nehmen.&#8220; (<a href=\"https:\/\/www.appointmed.com\/blog\/2016\/10\/appointmeet-zu-gast-bei-claudia-eggbauer\/\">Claudia Eggbauer<\/a>, Logop\u00e4din)<\/p><\/blockquote>\n<blockquote><p>&#8222;Patienten sehen es als sehr positiv, dass sie zwei Tage vor dem Termin per E-Mail daran erinnert werden.&#8220; (<a href=\"https:\/\/www.appointmed.com\/blog\/2016\/08\/appointmeet-zu-gast-bei-petra-walk\/\">Petra Walk<\/a>, Physiotherapeutin)<\/p><\/blockquote>\n<h3>Das appointmed Team<\/h3>\n<div id=\"attachment_840\" class=\"wp-caption alignnone\" style=\"width: 650px\"><img loading=\"lazy\" decoding=\"async\" class=\"wp-image-840 size-large\" src=\"https:\/\/www.appointmed.com\/blog\/wp-content\/uploads\/2016\/12\/rosmarie-und-paul-650x341.jpg\" alt=\"Rosmarie und Paul, die zwei neuen im Team\" width=\"650\" height=\"341\" srcset=\"https:\/\/www.appointmed.com\/blog\/wp-content\/uploads\/2016\/12\/rosmarie-und-paul-650x341.jpg 650w, https:\/\/www.appointmed.com\/blog\/wp-content\/uploads\/2016\/12\/rosmarie-und-paul-300x157.jpg 300w, https:\/\/www.appointmed.com\/blog\/wp-content\/uploads\/2016\/12\/rosmarie-und-paul-768x403.jpg 768w, https:\/\/www.appointmed.com\/blog\/wp-content\/uploads\/2016\/12\/rosmarie-und-paul.jpg 1300w\" sizes=\"auto, (max-width: 650px) 100vw, 650px\" \/><p class=\"wp-caption-text\">Rosmarie und Paul, die zwei neuen im Team<\/p><\/div>\n<p>In diesem Jahr durften wir zwei neue Mitglieder in der <a href=\"https:\/\/www.appointmed.com\/team\">appointmed Familie<\/a> begr\u00fc\u00dfen. <a href=\"https:\/\/www.appointmed.com\/blog\/2016\/09\/paul-packt-aus-wie-ist-ein-praktikum-bei-appointmed\/\">Paul<\/a> unterst\u00fctzt uns in Sachen Social Media und <a href=\"https:\/\/www.appointmed.com\/blog\/2016\/12\/3-minuten-mit-rosmarie-head-of-sales-business-development\/\">Rosmarie<\/a> \u00fcbernimmt ab sofort den Bereich Sales &amp; Business Development.<\/p>\n<h4>StartupLeitner Accelerator: SLAX<\/h4>\n<div id=\"attachment_843\" class=\"wp-caption alignright\" style=\"width: 150px\"><a href=\"https:\/\/www.appointmed.com\/blog\/wp-content\/uploads\/2017\/01\/appointmed-im-startupleitner-accelerator.jpg\"><img loading=\"lazy\" decoding=\"async\" class=\"size-thumbnail wp-image-843\" src=\"https:\/\/www.appointmed.com\/blog\/wp-content\/uploads\/2017\/01\/appointmed-im-startupleitner-accelerator-150x150.jpg\" alt=\"appointmed und viRaCube beim SLAX\" width=\"150\" height=\"150\" \/><\/a><p class=\"wp-caption-text\">appointmed und viRaCube beim SLAX<\/p><\/div>\n<p>Anfang des Jahres konnten wir uns gegen \u00fcber 20 andere Start-Ups\u00a0durchsetzen und waren so von April bis September Teil des StartupLeitner Accelerators SLAX. In diesen 6 Monaten fanden viele spannende und vor allem erfolgreiche Gespr\u00e4che mit Investoren und Mentoren statt. Als direktes Ergebnis dieser Gespr\u00e4che, konnten wir zum Beispiel die AT:NET F\u00f6rderung der <a href=\"https:\/\/www.ffg.at\" target=\"_blank\" rel=\"noopener\">FFG<\/a>\u00a0erlangen. An dieser Stelle gilt unser besonderer Dank noch einmal Markus Kainz und dem gesamten Team von StartupLeitner.<\/p>\n<h4>Team-Event: Rafting<\/h4>\n<div id=\"attachment_850\" class=\"wp-caption alignright\" style=\"width: 150px\"><a href=\"https:\/\/www.facebook.com\/media\/set\/?set=a.1101489866608917.1073741832.538376446253598&amp;type=1&amp;l=2f87bf3c7e\"><img loading=\"lazy\" decoding=\"async\" class=\"wp-image-850 size-thumbnail\" src=\"https:\/\/www.appointmed.com\/blog\/wp-content\/uploads\/2017\/01\/appointmed-team-rafting-wildalpen-150x150.jpg\" alt=\"Gruppenfoto in Neopren\" width=\"150\" height=\"150\" \/><\/a><p class=\"wp-caption-text\">Gruppenfoto in Neopren<\/p><\/div>\n<p>Ein weiteres Highlight war auch unser Team Event Ende Juli. Das Team verbrachte ein feuchtfr\u00f6hliches Rafting Wochenende in Wildalpen in der sch\u00f6nen Steiermark. Zwei Tage am (und gelegentlich auch im) eisigen Wasser st\u00e4rkten das Gemeinschaftsgef\u00fchl. Auf unserer Facebook Seite finden sich\u00a0weitere\u00a0<a href=\"https:\/\/www.facebook.com\/media\/set\/?set=a.1101489866608917.1073741832.538376446253598&amp;type=1&amp;l=2f87bf3c7e\" target=\"_blank\" rel=\"noopener\">Impressionen dieses Ausflugs<\/a>. Vielen Dank an das Team von <a href=\"http:\/\/www.liquid-lifestyle.at\" target=\"_blank\" rel=\"noopener\">Liquid Lifestyle<\/a> f\u00fcr die perfekte Organisation und Betreuung.<\/p>\n<h4>&#8222;Bits &amp; Pretzels&#8220; Konferenz in M\u00fcnchen<\/h4>\n<div id=\"attachment_644\" class=\"wp-caption alignright\" style=\"width: 150px\"><a href=\"https:\/\/www.appointmed.com\/blog\/wp-content\/uploads\/2016\/09\/appointmed-auf-der-wiesn.jpg\"><img loading=\"lazy\" decoding=\"async\" class=\"wp-image-644 size-thumbnail\" src=\"https:\/\/www.appointmed.com\/blog\/wp-content\/uploads\/2016\/09\/appointmed-auf-der-wiesn-150x150.jpg\" alt=\"Networking auf der &quot;Wiesn&quot;\" width=\"150\" height=\"150\" \/><\/a><p class=\"wp-caption-text\">Networking auf der &#8222;Wiesn&#8220;<\/p><\/div>\n<p>Ende September war das appointmed Team au\u00dferdem auf &#8222;Klassenfahrt&#8220; nach M\u00fcnchen. Dort fand die <a href=\"https:\/\/www.appointmed.com\/blog\/2016\/09\/lederhosen-helle-koepfe-und-ein-ritter-eine-ungewoehnlich-passende-kombination-auf-der-bits-pretzels-konferenz-in-muenchen\/\">&#8222;Bits &amp; Pretzels&#8220;<\/a> Konferenz statt. Ein Event speziell f\u00fcr Start-Ups und Jungunternehmer. Neben Vortragenden namhafter und erfolgreicher Startups (zB Runtastic und Airbnb) hielten Gr\u00f6\u00dfen wie Sir Richard Branson oder Kevin Spacey Keynote Speeches.<\/p>\n<h3>Ein kurzer Blick in die Zukunft<\/h3>\n<p>Zum Abschluss wollen wir aber ein wenig in die Zukunft blicken. Folgende Themen sind ein Auszug davon, was wir 2017 geplant haben. Zu viel wollen wir aber nicht verraten, da wir auch die ein oder andere \u00dcberraschung f\u00fcr unsere Kunden in Vorbereitung haben.<\/p>\n<h4>Ausgew\u00e4hlte Highlights f\u00fcr 2017:<\/h4>\n<ul>\n<li>Komplett \u00fcberarbeitete Dokumentation und eine Druckfunktion f\u00fcr Dokumente in der Patientenakte.<\/li>\n<li>Intelligente Serientermine und Terminerinnerungen via SMS.<\/li>\n<li>Umsetzung der <a href=\"https:\/\/www.appointmed.com\/blog\/2016\/12\/mit-appointmed-bereit-fuer-die-registrierkasse-2017\/\">Registrierkasse gem\u00e4\u00df geltender RKSV 2017<\/a><\/li>\n<li><a href=\"https:\/\/www.appointmed.com\/blog\/2016\/11\/online-termine-buchen-wer-will-das-ueberhaupt\/\">Online Terminbuchung<\/a> f\u00fcr Patienten inkl.\u00a0Login-Bereich f\u00fcr Patienten zum Verwalten der eigenen Termine.<\/li>\n<li>\u00dcbersetzung von appointmed in andere Sprachen.<\/li>\n<li>Und vieles mehr&#8230;<\/li>\n<\/ul>\n<p>Du siehst also, wir sind noch lange nicht am Ende unserer Idee angelangt. Wir bedanken uns bei unseren treuen Kunden f\u00fcr ihr Vertrauen und freuen uns darauf, appointmed auch 2017\u00a0zu erweitern und zu verbessern.<\/p>\n","protected":false},"excerpt":{"rendered":"<p>Die Zeit vergeht wie im Flug. Nach 12 spannenden Monaten m\u00f6chten wir in diesem Beitrag auf das Jahr 2016 zur\u00fcckblicken. Was hat sich in und rund um appointmed getan und was sind die Herausforderungen, die wir uns f\u00fcr 2017 vorgenommen haben?<\/p>\n","protected":false},"author":1,"featured_media":859,"comment_status":"open","ping_status":"closed","sticky":false,"template":"","format":"standard","meta":{"_acf_changed":false,"footnotes":""},"categories":[2,6],"tags":[],"class_list":["post-825","post","type-post","status-publish","format-standard","has-post-thumbnail","hentry","category-blog","category-the-company"],"acf":[],"yoast_head":"<!-- This site is optimized with the Yoast SEO Premium plugin v27.5 (Yoast SEO v27.5) - https:\/\/yoast.com\/product\/yoast-seo-premium-wordpress\/ -->\n<title>R\u00fcckblick und Ausblick: Das war 2016 und so wird 2017...<\/title>\n<meta name=\"description\" content=\"In diesem Beitrag m\u00f6chten wir auf das Jahr 2016 zur\u00fcckblicken. Was hat sich bei appointmed getan und welche Ziele haben wir uns f\u00fcr 2017 gesteckt?\" \/>\n<meta name=\"robots\" content=\"index, follow, max-snippet:-1, max-image-preview:large, max-video-preview:-1\" \/>\n<link rel=\"canonical\" href=\"https:\/\/www.appointmed.com\/blog\/rueckblick-und-ausblick-das-war-2016-und-so-wird-2017\" \/>\n<meta property=\"og:locale\" content=\"de_DE\" \/>\n<meta property=\"og:type\" content=\"article\" \/>\n<meta property=\"og:title\" content=\"R\u00fcckblick und Ausblick: Das war 2016 und so wird 2017...\" \/>\n<meta property=\"og:description\" content=\"Die Zeit vergeht wie im Flug. Nach 12 spannenden Monaten m\u00f6chten wir in diesem Beitrag auf das Jahr 2016 zur\u00fcckblicken. Was hat sich in und rund um appointmed getan und was sind die Herausforderungen, die wir uns f\u00fcr 2017 vorgenommen haben?\" \/>\n<meta property=\"og:url\" content=\"https:\/\/www.appointmed.com\/blog\/rueckblick-und-ausblick-das-war-2016-und-so-wird-2017\" \/>\n<meta property=\"og:site_name\" content=\"appointmed Blog\" \/>\n<meta property=\"article:publisher\" content=\"https:\/\/www.facebook.com\/appointmed\" \/>\n<meta property=\"article:published_time\" content=\"2017-01-02T21:49:41+00:00\" \/>\n<meta property=\"article:modified_time\" content=\"2024-06-27T13:10:48+00:00\" \/>\n<meta property=\"og:image\" content=\"https:\/\/www.appointmed.com\/blog\/wp-content\/uploads\/2017\/01\/appointmed-jahresrueckblick-2016.png\" \/>\n\t<meta property=\"og:image:width\" content=\"1300\" \/>\n\t<meta property=\"og:image:height\" content=\"480\" \/>\n\t<meta property=\"og:image:type\" content=\"image\/png\" \/>\n<meta name=\"author\" content=\"Mario H.\" \/>\n<meta name=\"twitter:card\" content=\"summary_large_image\" \/>\n<meta name=\"twitter:creator\" content=\"@appointmed\" \/>\n<meta name=\"twitter:site\" content=\"@appointmed\" \/>\n<script type=\"application\/ld+json\" class=\"yoast-schema-graph\">{\"@context\":\"https:\\\/\\\/schema.org\",\"@graph\":[{\"@type\":\"Article\",\"@id\":\"https:\\\/\\\/www.appointmed.com\\\/blog\\\/rueckblick-und-ausblick-das-war-2016-und-so-wird-2017#article\",\"isPartOf\":{\"@id\":\"https:\\\/\\\/www.appointmed.com\\\/blog\\\/rueckblick-und-ausblick-das-war-2016-und-so-wird-2017\"},\"author\":{\"name\":\"Mario H.\",\"@id\":\"https:\\\/\\\/www.appointmed.com\\\/blog\\\/#\\\/schema\\\/person\\\/d94cc659b2c8eb4bcdc1182ad8e0993f\"},\"headline\":\"R\u00fcckblick und Ausblick: Das war 2016 und so wird 2017&#8230;\",\"datePublished\":\"2017-01-02T21:49:41+00:00\",\"dateModified\":\"2024-06-27T13:10:48+00:00\",\"mainEntityOfPage\":{\"@id\":\"https:\\\/\\\/www.appointmed.com\\\/blog\\\/rueckblick-und-ausblick-das-war-2016-und-so-wird-2017\"},\"wordCount\":862,\"commentCount\":0,\"publisher\":{\"@id\":\"https:\\\/\\\/www.appointmed.com\\\/blog\\\/#organization\"},\"image\":{\"@id\":\"https:\\\/\\\/www.appointmed.com\\\/blog\\\/rueckblick-und-ausblick-das-war-2016-und-so-wird-2017#primaryimage\"},\"thumbnailUrl\":\"https:\\\/\\\/www.appointmed.com\\\/blog\\\/wp-content\\\/uploads\\\/2017\\\/01\\\/appointmed-jahresrueckblick-2016.png\",\"articleSection\":[\"Blog\",\"\u00dcber appointmed\"],\"inLanguage\":\"de\",\"potentialAction\":[{\"@type\":\"CommentAction\",\"name\":\"Comment\",\"target\":[\"https:\\\/\\\/www.appointmed.com\\\/blog\\\/rueckblick-und-ausblick-das-war-2016-und-so-wird-2017#respond\"]}]},{\"@type\":\"WebPage\",\"@id\":\"https:\\\/\\\/www.appointmed.com\\\/blog\\\/rueckblick-und-ausblick-das-war-2016-und-so-wird-2017\",\"url\":\"https:\\\/\\\/www.appointmed.com\\\/blog\\\/rueckblick-und-ausblick-das-war-2016-und-so-wird-2017\",\"name\":\"R\u00fcckblick und Ausblick: Das war 2016 und so wird 2017...\",\"isPartOf\":{\"@id\":\"https:\\\/\\\/www.appointmed.com\\\/blog\\\/#website\"},\"primaryImageOfPage\":{\"@id\":\"https:\\\/\\\/www.appointmed.com\\\/blog\\\/rueckblick-und-ausblick-das-war-2016-und-so-wird-2017#primaryimage\"},\"image\":{\"@id\":\"https:\\\/\\\/www.appointmed.com\\\/blog\\\/rueckblick-und-ausblick-das-war-2016-und-so-wird-2017#primaryimage\"},\"thumbnailUrl\":\"https:\\\/\\\/www.appointmed.com\\\/blog\\\/wp-content\\\/uploads\\\/2017\\\/01\\\/appointmed-jahresrueckblick-2016.png\",\"datePublished\":\"2017-01-02T21:49:41+00:00\",\"dateModified\":\"2024-06-27T13:10:48+00:00\",\"description\":\"In diesem Beitrag m\u00f6chten wir auf das Jahr 2016 zur\u00fcckblicken. Was hat sich bei appointmed getan und welche Ziele haben wir uns f\u00fcr 2017 gesteckt?\",\"breadcrumb\":{\"@id\":\"https:\\\/\\\/www.appointmed.com\\\/blog\\\/rueckblick-und-ausblick-das-war-2016-und-so-wird-2017#breadcrumb\"},\"inLanguage\":\"de\",\"potentialAction\":[{\"@type\":\"ReadAction\",\"target\":[\"https:\\\/\\\/www.appointmed.com\\\/blog\\\/rueckblick-und-ausblick-das-war-2016-und-so-wird-2017\"]}]},{\"@type\":\"ImageObject\",\"inLanguage\":\"de\",\"@id\":\"https:\\\/\\\/www.appointmed.com\\\/blog\\\/rueckblick-und-ausblick-das-war-2016-und-so-wird-2017#primaryimage\",\"url\":\"https:\\\/\\\/www.appointmed.com\\\/blog\\\/wp-content\\\/uploads\\\/2017\\\/01\\\/appointmed-jahresrueckblick-2016.png\",\"contentUrl\":\"https:\\\/\\\/www.appointmed.com\\\/blog\\\/wp-content\\\/uploads\\\/2017\\\/01\\\/appointmed-jahresrueckblick-2016.png\",\"width\":1300,\"height\":480,\"caption\":\"Der appointmed Jahresr\u00fcckblick 2016\"},{\"@type\":\"BreadcrumbList\",\"@id\":\"https:\\\/\\\/www.appointmed.com\\\/blog\\\/rueckblick-und-ausblick-das-war-2016-und-so-wird-2017#breadcrumb\",\"itemListElement\":[{\"@type\":\"ListItem\",\"position\":1,\"name\":\"Startseite\",\"item\":\"https:\\\/\\\/www.appointmed.com\\\/blog\\\/\"},{\"@type\":\"ListItem\",\"position\":2,\"name\":\"R\u00fcckblick und Ausblick: Das war 2016 und so wird 2017&#8230;\"}]},{\"@type\":\"WebSite\",\"@id\":\"https:\\\/\\\/www.appointmed.com\\\/blog\\\/#website\",\"url\":\"https:\\\/\\\/www.appointmed.com\\\/blog\\\/\",\"name\":\"appointmed Blog\",\"description\":\"Die unkomplizierte Praxissoftware\",\"publisher\":{\"@id\":\"https:\\\/\\\/www.appointmed.com\\\/blog\\\/#organization\"},\"potentialAction\":[{\"@type\":\"SearchAction\",\"target\":{\"@type\":\"EntryPoint\",\"urlTemplate\":\"https:\\\/\\\/www.appointmed.com\\\/blog\\\/?s={search_term_string}\"},\"query-input\":{\"@type\":\"PropertyValueSpecification\",\"valueRequired\":true,\"valueName\":\"search_term_string\"}}],\"inLanguage\":\"de\"},{\"@type\":\"Organization\",\"@id\":\"https:\\\/\\\/www.appointmed.com\\\/blog\\\/#organization\",\"name\":\"appointmed GmbH\",\"url\":\"https:\\\/\\\/www.appointmed.com\\\/blog\\\/\",\"logo\":{\"@type\":\"ImageObject\",\"inLanguage\":\"de\",\"@id\":\"https:\\\/\\\/www.appointmed.com\\\/blog\\\/#\\\/schema\\\/logo\\\/image\\\/\",\"url\":\"https:\\\/\\\/www.appointmed.com\\\/blog\\\/wp-content\\\/uploads\\\/2019\\\/08\\\/appointmed-Logo-V2-cropped-transparent.png\",\"contentUrl\":\"https:\\\/\\\/www.appointmed.com\\\/blog\\\/wp-content\\\/uploads\\\/2019\\\/08\\\/appointmed-Logo-V2-cropped-transparent.png\",\"width\":1200,\"height\":257,\"caption\":\"appointmed GmbH\"},\"image\":{\"@id\":\"https:\\\/\\\/www.appointmed.com\\\/blog\\\/#\\\/schema\\\/logo\\\/image\\\/\"},\"sameAs\":[\"https:\\\/\\\/www.facebook.com\\\/appointmed\",\"https:\\\/\\\/x.com\\\/appointmed\",\"https:\\\/\\\/www.instagram.com\\\/appointmed\",\"https:\\\/\\\/de.linkedin.com\\\/company\\\/appointmed\",\"https:\\\/\\\/www.youtube.com\\\/appointmed\"]},{\"@type\":\"Person\",\"@id\":\"https:\\\/\\\/www.appointmed.com\\\/blog\\\/#\\\/schema\\\/person\\\/d94cc659b2c8eb4bcdc1182ad8e0993f\",\"name\":\"Mario H.\",\"image\":{\"@type\":\"ImageObject\",\"inLanguage\":\"de\",\"@id\":\"https:\\\/\\\/secure.gravatar.com\\\/avatar\\\/c97357d58d995e44d0f1757b83b35ce370f27512c6e21c10cdb8d17c511b149c?s=96&d=mm&r=g\",\"url\":\"https:\\\/\\\/secure.gravatar.com\\\/avatar\\\/c97357d58d995e44d0f1757b83b35ce370f27512c6e21c10cdb8d17c511b149c?s=96&d=mm&r=g\",\"contentUrl\":\"https:\\\/\\\/secure.gravatar.com\\\/avatar\\\/c97357d58d995e44d0f1757b83b35ce370f27512c6e21c10cdb8d17c511b149c?s=96&d=mm&r=g\",\"caption\":\"Mario H.\"},\"description\":\"Neben seinem Engagement f\u00fcr diverse medizinische Gesellschaften (EUROSPINE, EFNR, spine.at), hat Mario mehrere Jahre Erfahrung im Brand Management der \u00d6sterreich Werbung gesammelt.\",\"sameAs\":[\"https:\\\/\\\/www.appointmed.com\\\/team\"],\"jobTitle\":\"CMO, Co-Founder\",\"worksFor\":\"appointmed GmbH\",\"url\":\"https:\\\/\\\/www.appointmed.com\\\/blog\\\/author\\\/mario\"}]}<\/script>\n<!-- \/ Yoast SEO Premium plugin. -->","yoast_head_json":{"title":"R\u00fcckblick und Ausblick: Das war 2016 und so wird 2017...","description":"In diesem Beitrag m\u00f6chten wir auf das Jahr 2016 zur\u00fcckblicken. Was hat sich bei appointmed getan und welche Ziele haben wir uns f\u00fcr 2017 gesteckt?","robots":{"index":"index","follow":"follow","max-snippet":"max-snippet:-1","max-image-preview":"max-image-preview:large","max-video-preview":"max-video-preview:-1"},"canonical":"https:\/\/www.appointmed.com\/blog\/rueckblick-und-ausblick-das-war-2016-und-so-wird-2017","og_locale":"de_DE","og_type":"article","og_title":"R\u00fcckblick und Ausblick: Das war 2016 und so wird 2017...","og_description":"Die Zeit vergeht wie im Flug. Nach 12 spannenden Monaten m\u00f6chten wir in diesem Beitrag auf das Jahr 2016 zur\u00fcckblicken. Was hat sich in und rund um appointmed getan und was sind die Herausforderungen, die wir uns f\u00fcr 2017 vorgenommen haben?","og_url":"https:\/\/www.appointmed.com\/blog\/rueckblick-und-ausblick-das-war-2016-und-so-wird-2017","og_site_name":"appointmed Blog","article_publisher":"https:\/\/www.facebook.com\/appointmed","article_published_time":"2017-01-02T21:49:41+00:00","article_modified_time":"2024-06-27T13:10:48+00:00","og_image":[{"width":1300,"height":480,"url":"https:\/\/www.appointmed.com\/blog\/wp-content\/uploads\/2017\/01\/appointmed-jahresrueckblick-2016.png","type":"image\/png"}],"author":"Mario H.","twitter_card":"summary_large_image","twitter_creator":"@appointmed","twitter_site":"@appointmed","schema":{"@context":"https:\/\/schema.org","@graph":[{"@type":"Article","@id":"https:\/\/www.appointmed.com\/blog\/rueckblick-und-ausblick-das-war-2016-und-so-wird-2017#article","isPartOf":{"@id":"https:\/\/www.appointmed.com\/blog\/rueckblick-und-ausblick-das-war-2016-und-so-wird-2017"},"author":{"name":"Mario H.","@id":"https:\/\/www.appointmed.com\/blog\/#\/schema\/person\/d94cc659b2c8eb4bcdc1182ad8e0993f"},"headline":"R\u00fcckblick und Ausblick: Das war 2016 und so wird 2017&#8230;","datePublished":"2017-01-02T21:49:41+00:00","dateModified":"2024-06-27T13:10:48+00:00","mainEntityOfPage":{"@id":"https:\/\/www.appointmed.com\/blog\/rueckblick-und-ausblick-das-war-2016-und-so-wird-2017"},"wordCount":862,"commentCount":0,"publisher":{"@id":"https:\/\/www.appointmed.com\/blog\/#organization"},"image":{"@id":"https:\/\/www.appointmed.com\/blog\/rueckblick-und-ausblick-das-war-2016-und-so-wird-2017#primaryimage"},"thumbnailUrl":"https:\/\/www.appointmed.com\/blog\/wp-content\/uploads\/2017\/01\/appointmed-jahresrueckblick-2016.png","articleSection":["Blog","\u00dcber appointmed"],"inLanguage":"de","potentialAction":[{"@type":"CommentAction","name":"Comment","target":["https:\/\/www.appointmed.com\/blog\/rueckblick-und-ausblick-das-war-2016-und-so-wird-2017#respond"]}]},{"@type":"WebPage","@id":"https:\/\/www.appointmed.com\/blog\/rueckblick-und-ausblick-das-war-2016-und-so-wird-2017","url":"https:\/\/www.appointmed.com\/blog\/rueckblick-und-ausblick-das-war-2016-und-so-wird-2017","name":"R\u00fcckblick und Ausblick: Das war 2016 und so wird 2017...","isPartOf":{"@id":"https:\/\/www.appointmed.com\/blog\/#website"},"primaryImageOfPage":{"@id":"https:\/\/www.appointmed.com\/blog\/rueckblick-und-ausblick-das-war-2016-und-so-wird-2017#primaryimage"},"image":{"@id":"https:\/\/www.appointmed.com\/blog\/rueckblick-und-ausblick-das-war-2016-und-so-wird-2017#primaryimage"},"thumbnailUrl":"https:\/\/www.appointmed.com\/blog\/wp-content\/uploads\/2017\/01\/appointmed-jahresrueckblick-2016.png","datePublished":"2017-01-02T21:49:41+00:00","dateModified":"2024-06-27T13:10:48+00:00","description":"In diesem Beitrag m\u00f6chten wir auf das Jahr 2016 zur\u00fcckblicken. Was hat sich bei appointmed getan und welche Ziele haben wir uns f\u00fcr 2017 gesteckt?","breadcrumb":{"@id":"https:\/\/www.appointmed.com\/blog\/rueckblick-und-ausblick-das-war-2016-und-so-wird-2017#breadcrumb"},"inLanguage":"de","potentialAction":[{"@type":"ReadAction","target":["https:\/\/www.appointmed.com\/blog\/rueckblick-und-ausblick-das-war-2016-und-so-wird-2017"]}]},{"@type":"ImageObject","inLanguage":"de","@id":"https:\/\/www.appointmed.com\/blog\/rueckblick-und-ausblick-das-war-2016-und-so-wird-2017#primaryimage","url":"https:\/\/www.appointmed.com\/blog\/wp-content\/uploads\/2017\/01\/appointmed-jahresrueckblick-2016.png","contentUrl":"https:\/\/www.appointmed.com\/blog\/wp-content\/uploads\/2017\/01\/appointmed-jahresrueckblick-2016.png","width":1300,"height":480,"caption":"Der appointmed Jahresr\u00fcckblick 2016"},{"@type":"BreadcrumbList","@id":"https:\/\/www.appointmed.com\/blog\/rueckblick-und-ausblick-das-war-2016-und-so-wird-2017#breadcrumb","itemListElement":[{"@type":"ListItem","position":1,"name":"Startseite","item":"https:\/\/www.appointmed.com\/blog\/"},{"@type":"ListItem","position":2,"name":"R\u00fcckblick und Ausblick: Das war 2016 und so wird 2017&#8230;"}]},{"@type":"WebSite","@id":"https:\/\/www.appointmed.com\/blog\/#website","url":"https:\/\/www.appointmed.com\/blog\/","name":"appointmed Blog","description":"Die unkomplizierte Praxissoftware","publisher":{"@id":"https:\/\/www.appointmed.com\/blog\/#organization"},"potentialAction":[{"@type":"SearchAction","target":{"@type":"EntryPoint","urlTemplate":"https:\/\/www.appointmed.com\/blog\/?s={search_term_string}"},"query-input":{"@type":"PropertyValueSpecification","valueRequired":true,"valueName":"search_term_string"}}],"inLanguage":"de"},{"@type":"Organization","@id":"https:\/\/www.appointmed.com\/blog\/#organization","name":"appointmed GmbH","url":"https:\/\/www.appointmed.com\/blog\/","logo":{"@type":"ImageObject","inLanguage":"de","@id":"https:\/\/www.appointmed.com\/blog\/#\/schema\/logo\/image\/","url":"https:\/\/www.appointmed.com\/blog\/wp-content\/uploads\/2019\/08\/appointmed-Logo-V2-cropped-transparent.png","contentUrl":"https:\/\/www.appointmed.com\/blog\/wp-content\/uploads\/2019\/08\/appointmed-Logo-V2-cropped-transparent.png","width":1200,"height":257,"caption":"appointmed GmbH"},"image":{"@id":"https:\/\/www.appointmed.com\/blog\/#\/schema\/logo\/image\/"},"sameAs":["https:\/\/www.facebook.com\/appointmed","https:\/\/x.com\/appointmed","https:\/\/www.instagram.com\/appointmed","https:\/\/de.linkedin.com\/company\/appointmed","https:\/\/www.youtube.com\/appointmed"]},{"@type":"Person","@id":"https:\/\/www.appointmed.com\/blog\/#\/schema\/person\/d94cc659b2c8eb4bcdc1182ad8e0993f","name":"Mario H.","image":{"@type":"ImageObject","inLanguage":"de","@id":"https:\/\/secure.gravatar.com\/avatar\/c97357d58d995e44d0f1757b83b35ce370f27512c6e21c10cdb8d17c511b149c?s=96&d=mm&r=g","url":"https:\/\/secure.gravatar.com\/avatar\/c97357d58d995e44d0f1757b83b35ce370f27512c6e21c10cdb8d17c511b149c?s=96&d=mm&r=g","contentUrl":"https:\/\/secure.gravatar.com\/avatar\/c97357d58d995e44d0f1757b83b35ce370f27512c6e21c10cdb8d17c511b149c?s=96&d=mm&r=g","caption":"Mario H."},"description":"Neben seinem Engagement f\u00fcr diverse medizinische Gesellschaften (EUROSPINE, EFNR, spine.at), hat Mario mehrere Jahre Erfahrung im Brand Management der \u00d6sterreich Werbung gesammelt.","sameAs":["https:\/\/www.appointmed.com\/team"],"jobTitle":"CMO, Co-Founder","worksFor":"appointmed GmbH","url":"https:\/\/www.appointmed.com\/blog\/author\/mario"}]}},"_links":{"self":[{"href":"https:\/\/www.appointmed.com\/blog\/wp-json\/wp\/v2\/posts\/825","targetHints":{"allow":["GET"]}}],"collection":[{"href":"https:\/\/www.appointmed.com\/blog\/wp-json\/wp\/v2\/posts"}],"about":[{"href":"https:\/\/www.appointmed.com\/blog\/wp-json\/wp\/v2\/types\/post"}],"author":[{"embeddable":true,"href":"https:\/\/www.appointmed.com\/blog\/wp-json\/wp\/v2\/users\/1"}],"replies":[{"embeddable":true,"href":"https:\/\/www.appointmed.com\/blog\/wp-json\/wp\/v2\/comments?post=825"}],"version-history":[{"count":0,"href":"https:\/\/www.appointmed.com\/blog\/wp-json\/wp\/v2\/posts\/825\/revisions"}],"wp:featuredmedia":[{"embeddable":true,"href":"https:\/\/www.appointmed.com\/blog\/wp-json\/wp\/v2\/media\/859"}],"wp:attachment":[{"href":"https:\/\/www.appointmed.com\/blog\/wp-json\/wp\/v2\/media?parent=825"}],"wp:term":[{"taxonomy":"category","embeddable":true,"href":"https:\/\/www.appointmed.com\/blog\/wp-json\/wp\/v2\/categories?post=825"},{"taxonomy":"post_tag","embeddable":true,"href":"https:\/\/www.appointmed.com\/blog\/wp-json\/wp\/v2\/tags?post=825"}],"curies":[{"name":"wp","href":"https:\/\/api.w.org\/{rel}","templated":true}]}}