{"id":8535,"date":"2026-09-04T12:42:00","date_gmt":"2026-09-04T10:42:00","guid":{"rendered":"https:\/\/www.appointmed.com\/blog\/?p=8535"},"modified":"2026-09-04T12:42:02","modified_gmt":"2026-09-04T10:42:02","slug":"warum-sich-appointmed-fur-psychotherapeutin-valentina-stelzl-rechnet","status":"publish","type":"post","link":"https:\/\/www.appointmed.com\/blog\/warum-sich-appointmed-fur-psychotherapeutin-valentina-stelzl-rechnet","title":{"rendered":"appointMeet: Warum sich appointmed f\u00fcr Psychotherapeutin Valentina Stelzl rechnet"},"content":{"rendered":"\n<p><strong>Psychotherapeutin Valentina Stelzl<\/strong>\u00a0arbeitet in freier Praxis in Villach und nutzt appointmed seit ihren ersten Schritten in der Selbstst\u00e4ndigkeit. Was mit dem Datenschutz als erster gro\u00dfer Erleichterung begann, ist heute ein fester Bestandteil ihres Praxisalltags: von der Terminverwaltung \u00fcber die Rechnungslegung bis zur Dokumentation.<\/p>\n\n\n\n<h2 class=\"wp-block-heading\" id=\"h-hallo-valentina-bitte-stell-dich-kurz-vor\">Hallo Valentina, bitte stell Dich kurz vor!<\/h2>\n\n\n\n<p>Ich bin Valentina Stelzl, <strong>Psychotherapeutin in freier Praxis in Villach<\/strong> in K\u00e4rnten. Ich bin <strong>integrative Gestalttherapeutin<\/strong> und derzeit vor allem <strong>Mama von zwei kleinen Buben<\/strong>.\u00a0<em>(lacht)<\/em>\u00a0Das sind gerade meine zwei gro\u00dfen T\u00e4tigkeitsbereiche mit viel Herzeinsatz, neben denen sich nicht so viel anderes ausgeht.<\/p>\n\n\n\n<h2 class=\"wp-block-heading\">Wie bist Du zur Psychotherapie gekommen?<\/h2>\n\n\n\n<p>Ich glaube, es ist wie bei vielen, die in diesen Bereich kommen. Man h\u00f6rt immer wieder: &#8222;Dir kann man so viel erz\u00e4hlen, Du hast ein offenes Ohr f\u00fcr alle.&#8220; <strong>Diese soziale Ader wurde mir fr\u00fch r\u00fcckgemeldet<\/strong>. In der Schulzeit hat mich auch das Fach Psychologie sehr interessiert. Noch dazu hat mein Vater damals beruflich immer mehr in die Psychotherapie hineingefunden, als ich aufgewachsen bin. Das hat das Bild des Berufs f\u00fcr mich sehr gepr\u00e4gt.<\/p>\n\n\n\n<p>Studiert habe ich dann <strong>Psychotherapiewissenschaften sowie Psychologie, Philosophie und Italienisch auf Lehramt<\/strong>. Dadurch, dass beim Psychotherapiewissenschaftsstudium an der Sigmund-Freud-Uni schon so viel Praxis dabei war, ist es irgendwann ausschlie\u00dflich die Psychotherapie geworden.<\/p>\n\n\n\n<h2 class=\"wp-block-heading\">Welche Zug\u00e4nge aus dem Lehramt bereichern Deine Therapiearbeit?<\/h2>\n\n\n\n<p>Man lernt das Planen und auch, <strong>wie sehr ein Plan von der Realit\u00e4t abweichen kann<\/strong>. (<em>lacht)<\/em>\u00a0Und den <strong>Umgang mit Gruppen<\/strong>, da die Psychotherapie oft sehr auf das Einzelsetting fokussiert ist. Mein Hintergrund aus dem Lehramt hat mich auch <strong>bei der Arbeit mit Kindern und Jugendlichen unterst\u00fctzt<\/strong>. Etwa kann ich bei Bedarf aufs Fachliche eingehen, falls jemand beispielsweise in einer schulischen Unsicherheit steckt.<\/p>\n\n\n\n<blockquote class=\"wp-block-quote is-layout-flow wp-block-quote-is-layout-flow\">\n<p>Wir haben alle unsere Nischen, glaube ich. Manche kommen aus der Wirtschaft und landen in der Organisationsentwicklung. Bei mir ist es die Zusatzerfahrung aus dem Lehramt.<\/p>\n<\/blockquote>\n\n\n\n<h2 class=\"wp-block-heading\">Welche Anliegen behandelst Du h\u00e4ufig?<\/h2>\n\n\n\n<p>Bei Kindern und Jugendlichen sind es Verunsicherungen, \u00c4ngste, Stress in der Schule oder Einschlafschwierigkeiten. Vereinzelt auch Suchtthematiken, wobei substanzgebundene S\u00fcchte eher Thema bei Erwachsenen sind. Und da behandle ich auch etwa Paarkonflikte oder Depressionen.<\/p>\n\n\n\n<h2 class=\"wp-block-heading\">Etwas, das Dich an Deinem Beruf \u00fcberrascht hat?<\/h2>\n\n\n\n<p>Was mich am meisten \u00fcberrascht hat, und das ist auch f\u00fcr viele KlientInnen ein Aha-Erlebnis, ist, <strong>wie individuell das alles ist<\/strong>. Man kann eine Therapiestunde noch so gut planen, sie wird eben immer anders ablaufen. Auf einmal kommt ein Thema auf, das vorher \u00fcberhaupt nicht da war, und dann denkt man sich: \u201e<strong>Aha, deswegen kommen sie vielleicht eigentlich zu mir.<\/strong>&#8220; Ich bin eigentlich jemand, der gern alles ordentlich und kontrolliert hat. In diesen Bereich und noch dazu mit zwei kleinen Kindern geht das gar nicht.\u00a0<em>(lacht)<\/em>\u00a0Langweilig ist mir zu null Prozent.<\/p>\n\n\n\n<figure data-wp-context=\"{&quot;imageId&quot;:&quot;6a9ac2d172faa&quot;}\" data-wp-interactive=\"core\/image\" class=\"wp-block-image size-large wp-lightbox-container\"><img loading=\"lazy\" decoding=\"async\" width=\"700\" height=\"1051\" data-wp-class--hide=\"state.isContentHidden\" data-wp-class--show=\"state.isContentVisible\" data-wp-init=\"callbacks.setButtonStyles\" data-wp-on-async--click=\"actions.showLightbox\" data-wp-on-async--load=\"callbacks.setButtonStyles\" data-wp-on-async-window--resize=\"callbacks.setButtonStyles\" src=\"https:\/\/www.appointmed.com\/blog\/wp-content\/uploads\/2026\/09\/psychotherapeutin-valentina-stelzl-700x1051.jpg\" alt=\"Psychotherapeutin Valentina Stelzl\" class=\"wp-image-8551\" srcset=\"https:\/\/www.appointmed.com\/blog\/wp-content\/uploads\/2026\/09\/psychotherapeutin-valentina-stelzl-700x1051.jpg 700w, https:\/\/www.appointmed.com\/blog\/wp-content\/uploads\/2026\/09\/psychotherapeutin-valentina-stelzl-300x450.jpg 300w, https:\/\/www.appointmed.com\/blog\/wp-content\/uploads\/2026\/09\/psychotherapeutin-valentina-stelzl-768x1153.jpg 768w, https:\/\/www.appointmed.com\/blog\/wp-content\/uploads\/2026\/09\/psychotherapeutin-valentina-stelzl-1023x1536.jpg 1023w, https:\/\/www.appointmed.com\/blog\/wp-content\/uploads\/2026\/09\/psychotherapeutin-valentina-stelzl.jpg 1066w\" sizes=\"auto, (max-width: 700px) 100vw, 700px\" \/><button\n\t\t\tclass=\"lightbox-trigger\"\n\t\t\ttype=\"button\"\n\t\t\taria-haspopup=\"dialog\"\n\t\t\taria-label=\"Vergr\u00f6\u00dfern\"\n\t\t\tdata-wp-init=\"callbacks.initTriggerButton\"\n\t\t\tdata-wp-on-async--click=\"actions.showLightbox\"\n\t\t\tdata-wp-style--right=\"state.imageButtonRight\"\n\t\t\tdata-wp-style--top=\"state.imageButtonTop\"\n\t\t>\n\t\t\t<svg xmlns=\"http:\/\/www.w3.org\/2000\/svg\" width=\"12\" height=\"12\" fill=\"none\" viewBox=\"0 0 12 12\">\n\t\t\t\t<path fill=\"#fff\" d=\"M2 0a2 2 0 0 0-2 2v2h1.5V2a.5.5 0 0 1 .5-.5h2V0H2Zm2 10.5H2a.5.5 0 0 1-.5-.5V8H0v2a2 2 0 0 0 2 2h2v-1.5ZM8 12v-1.5h2a.5.5 0 0 0 .5-.5V8H12v2a2 2 0 0 1-2 2H8Zm2-12a2 2 0 0 1 2 2v2h-1.5V2a.5.5 0 0 0-.5-.5H8V0h2Z\" \/>\n\t\t\t<\/svg>\n\t\t<\/button><\/figure>\n\n\n\n<h2 class=\"wp-block-heading\">Wie hast Du Dich vor appointmed organisiert?<\/h2>\n\n\n\n<p>Ich habe <strong>vieles handschriftlich gemacht<\/strong>, hatte eine dicke Mappe pro PatientIn und noch dazu den Google-Kalender verwendet. Ich habe auch etwas experimentiert, wie das Protokollieren f\u00fcr mich als Psychotherapeutin am besten funktioniert, und bin immer noch am Herausfinden. Aber Rechnungen? Als freie Dienstnehmerin fr\u00fcher in einer Ambulanz habe ich mit der Abrechnung nichts zu tun gehabt. <strong>Und\u00a0seitdem ich selbst Rechnungen erstelle, mache ich das \u00fcber appointmed<\/strong>.<\/p>\n\n\n\n<h2 class=\"wp-block-heading\">Wie bist Du zu appointmed gekommen?<\/h2>\n\n\n\n<p>Das war damals \u00fcber die Arbeit in der\u00a0<a href=\"https:\/\/www.appointmed.com\/blog\/appointmeet-psychotherapeut-christian-beer-verwaltet-mit-appointmed-eine-gruppenpraxis-mit-knapp-40-mitarbeiterinnen\">Wiener Couch bei Christian Beer<\/a>. Die Nutzung von appointmed war Grundvoraussetzung, um in der Gruppenpraxis t\u00e4tig zu sein. Und ich war sehr geprimed von ihm.\u00a0<em>(lacht)<\/em>\u00a0<strong>Christian hat von euch geschw\u00e4rmt<\/strong>. Gleichzeitig habe ich die Unternehmensgr\u00fcndungsausbildung beim AMS gemacht, in der\u00a0<strong>Datenschutz<\/strong>\u00a0ein Riesenthema war. Da hat es mich gleich beruhigt, <strong>dass appointmed das Thema f\u00fcr mich \u00fcbernommen hat<\/strong>. Das war einer der ersten gro\u00dfen positiven Eindr\u00fccke.<\/p>\n\n\n\n<p>Sp\u00e4ter habe ich meinen Lebensmittelpunkt zur\u00fcck nach K\u00e4rnten verlagert und habe appointmed mitgenommen.&nbsp;<em>(lacht)<\/em><\/p>\n\n\n\n<blockquote class=\"wp-block-quote is-layout-flow wp-block-quote-is-layout-flow\">\n<p>Ich habe nie ernsthaft \u00fcberlegt zu wechseln, obwohl ich sonst eine echte Preisvergleicherin bin.<\/p>\n<\/blockquote>\n\n\n\n<p>Alle meine PatientInnen waren bereits im System, ich wollte mich nicht mit dem Thema Datenexport auseinandersetzen. Passenderweise habe ich zu dem Zeitpunkt auch eine Osteopathin aufgesucht, <strong>die\u00a0appointmed verwendet hat und davon geschw\u00e4rmt\u00a0hat<\/strong>. Und als mir jemand einmal gesagt hat, es g\u00e4be etwas G\u00fcnstigeres, war mein erster Gedanke: \u201eWarum sind die g\u00fcnstiger? Das wird wahrscheinlich nicht das ganze Paket sein.&#8220; Daher hatte ich\u00a0<strong>bisher noch kein Interesse, zu wechseln.<\/strong><\/p>\n\n\n\n<h2 class=\"wp-block-heading\" id=\"h-auf-welche-funktionen-mochtest-du-nicht-mehr-verzichten\">Auf welche Funktionen m\u00f6chtest Du nicht mehr verzichten?<\/h2>\n\n\n\n<p>Das Grundlegendste ist f\u00fcr mich\u00a0<a href=\"https:\/\/www.appointmed.com\/kalender-und-ressourcen\">Terminverwaltung<\/a>. Ich sende KlientInnen auch eine\u00a0<strong>Terminbest\u00e4tigung\u00a0via E-Mail<\/strong> und spare mir dadurch, irgendwelche Zusatzzettel ausf\u00fcllen zu m\u00fcssen, die sie eventuell wieder verlieren. Auch die\u00a0<a href=\"https:\/\/www.appointmed.com\/terminerinnerungen-fuer-patienten\">Terminerinnerungen<\/a>\u00a0sind f\u00fcr mich sehr wertvoll. Ich kann den Versand \u00fcber euer System immer nachvollziehen, habe die Terminerinnerung schwarz auf wei\u00df und <strong>es gibt keine Diskussion mehr<\/strong>.<\/p>\n\n\n\n<p>Die\u00a0<a href=\"https:\/\/www.appointmed.com\/verrechnung-und-registrierkasse\">Rechnungslegung<\/a>\u00a0ist f\u00fcr mich auch genial. Ich lege nach jeder Stunde die Leistung gleich an und am Ende w\u00e4hle ich sie noch <strong>mit ein paar Klicks aus und alles landet auf einer Rechnung<\/strong>. Die Daten sind immer korrekt und es passt einfach. Wenn ich h\u00f6re, wie KollegInnen, die schon l\u00e4nger im Gesch\u00e4ft sind, noch mit Word- und Excel-Dokumenten arbeiten &#8230;\u00a0<em>(lacht)<\/em>\u00a0<strong>Da spare ich mit appointmed so viel Zeit.<\/strong><\/p>\n\n\n\n<blockquote class=\"wp-block-quote is-layout-flow wp-block-quote-is-layout-flow\">\n<p>Das ist genau der Punkt, womit ihr auch werbt. Es sind nicht nur leere Versprechungen, sondern die Zeitersparnis ist wirklich echt.<\/p>\n<\/blockquote>\n\n\n\n<p>Noch dazu sind <strong>alle Funktionen in einem System enthalten<\/strong> und ich kann <strong>auch mobil zugreifen<\/strong>. Ob am Tablet oder zwischendurch am Handy. Es ist alles so schnell nachvollziehbar. Wenn ich beispielsweise auf der Couch sitze und jemand anruft, bei dem ich den Namen gerade nicht wei\u00df, kann ich schnell in appointmed nachschauen und wei\u00df sofort, wer das war. <strong>Es ist wirklich eine Errungenschaft im Vergleich zu fr\u00fcher<\/strong>, wo man mit seinen dicken Mappen und Kalendern herumgelaufen ist.<\/p>\n\n\n\n<h2 class=\"wp-block-heading\" id=\"h-uber-welche-appointmed-updates-hast-du-dich-besonders-gefreut\">\u00dcber welche appointmed-Updates hast Du Dich besonders gefreut?<\/h2>\n\n\n\n<p>Ich bin wahrscheinlich so wie die meisten Menschen: Wenn man sich einmal in ein System eingearbeitet hat, dann bleibt man auf dem Stand. <em>(lacht)<\/em> Die\u00a0<strong>Nutzung von Vorlagen und Bl\u00f6cken<\/strong>\u00a0in der Dokumentation hat mir aber beispielsweise <strong>sehr geholfen, mehr Struktur reinzubringen<\/strong>. Ich habe dadurch mehr \u00dcberblick \u00fcber den Behandlungsablauf und wei\u00df sofort: Das war meine Intervention, das war jenes Thema der Klientin, das waren die Vereinbarungen.<\/p>\n\n\n\n<p>Und die\u00a0<strong>Warteliste,<\/strong>\u00a0die habe ich erst vor Kurzem entdeckt.\u00a0Vorher hatte ich daf\u00fcr die Funktion der Aufgaben verwendet. Aber jetzt kann ich nachsehen, seit wann jemand wartet, und die Person ist auch schon im System angelegt. Das finde ich super.<\/p>\n\n\n\n<blockquote class=\"wp-block-quote is-layout-flow wp-block-quote-is-layout-flow\">\n<p>Ich m\u00f6chte an dieser Stelle noch etwas erw\u00e4hnen, das f\u00fcr mich auch sehr wichtig ist. Das ist\u00a0euer Kundensupport und eure Erreichbarkeit.<\/p>\n<\/blockquote>\n\n\n\n<p>Bisher habe ich damit nur gute Erfahrungen gemacht und <strong>immer eine schnelle Antwort bekommen<\/strong>. Was mir auch wichtig ist:\u00a0<strong>Fehlermanagement<\/strong>. Es kann immer passieren, dass bei einem Update mal etwas schiefl\u00e4uft. Information und Aufkl\u00e4rung dar\u00fcber schaffen Vertrauen. Und wenn ich jetzt ein Gesicht vor Augen habe und wei\u00df, das ist ein kleines Team, dann ist es nicht mehr so anonym. <strong>Man schreibt da jemandem von euch und die Nachricht kommt auch wirklich an.<\/strong><\/p>\n\n\n\n<h2 class=\"wp-block-heading\" id=\"h-gibt-es-eine-funktion-die-du-dir-noch-wunschst\">Gibt es eine Funktion, die Du Dir noch w\u00fcnschst?<\/h2>\n\n\n\n<p>Eine Sprachaufnahmefunktion direkt in der Dokumentation w\u00e4re toll.<\/p>\n\n\n\n<p><strong>Adela<\/strong>: Probiere daf\u00fcr einfach die Spracheingabe direkt \u00fcber Dein Ger\u00e4t, damit klappt es auch. Au\u00dferdem planen wir in diesem Bereich <a href=\"https:\/\/www.appointmed.com\/blog\/appointmed-v2-entsteht-fuer-die-ki-zukunft\">gro\u00dfe Neuerungen<\/a>, die das Dokumentieren noch einfacher machen werden.<\/p>\n\n\n\n<h2 class=\"wp-block-heading\" id=\"h-wie-siehst-du-das-thema-preis-heute\">Wie siehst Du das Thema &#8222;Preis&#8220; heute?<\/h2>\n\n\n\n<p><strong>Ich mache viel Werbung f\u00fcr appointmed<\/strong> und werde oft gefragt: \u201eIst das nicht teuer?&#8220; Wenn man aber versteht, was alles beinhaltet ist: Datenschutz, Zeitersparnis, alles auf einer Plattform \u2013 dann ist es das nicht. Man muss die Kosten nat\u00fcrlich erst erwirtschaften, das verstehe ich.<\/p>\n\n\n\n<p><strong>Aber wenn man dadurch nur eine Stunde mehr in der Woche machen kann, rechnet es sich schon.<\/strong> Und der Datenschutz allein ist ja ein riesiges Thema. Viele gehen da wirklich den unsicheren Weg mit Word, Excel, WhatsApp, ohne sich je zu fragen, ob das \u00fcberhaupt in Ordnung ist.<\/p>\n\n\n\n<h2 class=\"wp-block-heading\" id=\"h-die-beruhmte-abschlussfrage-was-assoziierst-du-spontan-mit-appointmed\">Die ber\u00fchmte Abschlussfrage: Was assoziierst Du spontan mit appointmed?<\/h2>\n\n\n\n<blockquote class=\"wp-block-quote is-layout-flow wp-block-quote-is-layout-flow\">\n<p>\u201eprofessionell, Gesundheit, zuverl\u00e4ssig&#8220;. Das sind die drei Worte, die mir spontan zu appointmed einfallen.<\/p>\n<\/blockquote>\n\n\n\n<hr class=\"wp-block-separator has-alpha-channel-opacity\"\/>\n\n\n\n<h2 class=\"wp-block-heading\" id=\"h-steckbrief\">Steckbrief<\/h2>\n\n\n\n<figure class=\"wp-block-table\"><table><tbody><tr><td>Name:<\/td><td>Valentina Stelzl<\/td><\/tr><tr><td>Beruf:<\/td><td>Psychotherapeutin<\/td><\/tr><tr><td>Praxis:<\/td><td>Bogenstra\u00dfe 8<br>9500 Villach<\/td><\/tr><tr><td>Website:<\/td><td><a href=\"https:\/\/www.vivia.at\/web\/\" target=\"_blank\" rel=\"noreferrer noopener\">vivia.at<\/a><\/td><\/tr><tr><td>Bei uns seit:<\/td><td>M\u00e4rz 2021<\/td><\/tr><\/tbody><\/table><\/figure>\n\n\n\n<p><\/p>\n","protected":false},"excerpt":{"rendered":"<p>Von dicken Patientenmappen und Google Kalender zu Terminverwaltung, Rechnungen und Dokumentation in einem System: Psychotherapeutin Valentina Stelzl erz\u00e4hlt, warum appointmed sie seit ihren ersten Schritten in die Selbstst\u00e4ndigkeit begleitet \u2013 und weshalb f\u00fcr sie vor allem die tats\u00e4chliche Zeitersparnis z\u00e4hlt.<\/p>\n","protected":false},"author":9,"featured_media":8550,"comment_status":"closed","ping_status":"closed","sticky":false,"template":"","format":"standard","meta":{"_acf_changed":false,"footnotes":""},"categories":[5,2],"tags":[3183],"class_list":["post-8535","post","type-post","status-publish","format-standard","has-post-thumbnail","hentry","category-appointmeet","category-blog","tag-psychotherapeutin"],"acf":[],"yoast_head":"<!-- This site is optimized with the Yoast SEO Premium plugin v28.2 (Yoast SEO v28.2) - https:\/\/yoast.com\/product\/yoast-seo-premium-wordpress\/ -->\n<title>F\u00fcr Psychotherapeutin Valentina Stelzl rechnet sich appointmed<\/title>\n<meta name=\"description\" content=\"Psychotherapeutin Valentina Stelzl erz\u00e4hlt, wie appointmed ihr bei Terminen, Rechnungen, Dokumentation und Datenschutz Zeit spart.\" \/>\n<meta name=\"robots\" content=\"index, follow, max-snippet:-1, max-image-preview:large, max-video-preview:-1\" \/>\n<link rel=\"canonical\" href=\"https:\/\/www.appointmed.com\/blog\/warum-sich-appointmed-fur-psychotherapeutin-valentina-stelzl-rechnet\" \/>\n<meta property=\"og:locale\" content=\"de_DE\" \/>\n<meta property=\"og:type\" content=\"article\" \/>\n<meta property=\"og:title\" content=\"appointMeet: Warum sich appointmed f\u00fcr Psychotherapeutin Valentina Stelzl rechnet\" \/>\n<meta property=\"og:description\" content=\"Von dicken Patientenmappen und Google Kalender zu Terminverwaltung, Rechnungen und Dokumentation in einem System: Psychotherapeutin Valentina Stelzl erz\u00e4hlt, warum appointmed sie seit ihren ersten Schritten in die Selbstst\u00e4ndigkeit begleitet \u2013 und weshalb f\u00fcr sie vor allem die tats\u00e4chliche Zeitersparnis z\u00e4hlt.\" \/>\n<meta property=\"og:url\" content=\"https:\/\/www.appointmed.com\/blog\/warum-sich-appointmed-fur-psychotherapeutin-valentina-stelzl-rechnet\" \/>\n<meta property=\"og:site_name\" content=\"appointmed Blog\" \/>\n<meta property=\"article:publisher\" content=\"https:\/\/www.facebook.com\/appointmed\" \/>\n<meta property=\"article:published_time\" content=\"2026-09-04T10:42:00+00:00\" \/>\n<meta property=\"article:modified_time\" content=\"2026-09-04T10:42:02+00:00\" \/>\n<meta property=\"og:image\" content=\"https:\/\/www.appointmed.com\/blog\/wp-content\/uploads\/2026\/09\/psychotherapeutin-valentina-stelzl-nutzt-appointmed.jpg\" \/>\n\t<meta property=\"og:image:width\" content=\"1900\" \/>\n\t<meta property=\"og:image:height\" content=\"704\" \/>\n\t<meta property=\"og:image:type\" content=\"image\/jpeg\" \/>\n<meta name=\"author\" content=\"Adela Lucaciu\" \/>\n<meta name=\"twitter:card\" content=\"summary_large_image\" \/>\n<meta name=\"twitter:creator\" content=\"@appointmed\" \/>\n<meta name=\"twitter:site\" content=\"@appointmed\" \/>\n<script type=\"application\/ld+json\" class=\"yoast-schema-graph\">{\"@context\":\"https:\\\/\\\/schema.org\",\"@graph\":[{\"@type\":\"Article\",\"@id\":\"https:\\\/\\\/www.appointmed.com\\\/blog\\\/warum-sich-appointmed-fur-psychotherapeutin-valentina-stelzl-rechnet#article\",\"isPartOf\":{\"@id\":\"https:\\\/\\\/www.appointmed.com\\\/blog\\\/warum-sich-appointmed-fur-psychotherapeutin-valentina-stelzl-rechnet\"},\"author\":{\"name\":\"Adela Lucaciu\",\"@id\":\"https:\\\/\\\/www.appointmed.com\\\/blog\\\/#\\\/schema\\\/person\\\/7c87914b902c7473ced100f9e68eaaa5\"},\"headline\":\"appointMeet: Warum sich appointmed f\u00fcr Psychotherapeutin Valentina Stelzl rechnet\",\"datePublished\":\"2026-09-04T10:42:00+00:00\",\"dateModified\":\"2026-09-04T10:42:02+00:00\",\"mainEntityOfPage\":{\"@id\":\"https:\\\/\\\/www.appointmed.com\\\/blog\\\/warum-sich-appointmed-fur-psychotherapeutin-valentina-stelzl-rechnet\"},\"wordCount\":1399,\"publisher\":{\"@id\":\"https:\\\/\\\/www.appointmed.com\\\/blog\\\/#organization\"},\"image\":{\"@id\":\"https:\\\/\\\/www.appointmed.com\\\/blog\\\/warum-sich-appointmed-fur-psychotherapeutin-valentina-stelzl-rechnet#primaryimage\"},\"thumbnailUrl\":\"https:\\\/\\\/www.appointmed.com\\\/blog\\\/wp-content\\\/uploads\\\/2026\\\/09\\\/psychotherapeutin-valentina-stelzl-nutzt-appointmed.jpg\",\"keywords\":[\"PsychotherapeutIn\"],\"articleSection\":[\"appointMeet\",\"Blog\"],\"inLanguage\":\"de\"},{\"@type\":\"WebPage\",\"@id\":\"https:\\\/\\\/www.appointmed.com\\\/blog\\\/warum-sich-appointmed-fur-psychotherapeutin-valentina-stelzl-rechnet\",\"url\":\"https:\\\/\\\/www.appointmed.com\\\/blog\\\/warum-sich-appointmed-fur-psychotherapeutin-valentina-stelzl-rechnet\",\"name\":\"F\u00fcr Psychotherapeutin Valentina Stelzl rechnet sich appointmed\",\"isPartOf\":{\"@id\":\"https:\\\/\\\/www.appointmed.com\\\/blog\\\/#website\"},\"primaryImageOfPage\":{\"@id\":\"https:\\\/\\\/www.appointmed.com\\\/blog\\\/warum-sich-appointmed-fur-psychotherapeutin-valentina-stelzl-rechnet#primaryimage\"},\"image\":{\"@id\":\"https:\\\/\\\/www.appointmed.com\\\/blog\\\/warum-sich-appointmed-fur-psychotherapeutin-valentina-stelzl-rechnet#primaryimage\"},\"thumbnailUrl\":\"https:\\\/\\\/www.appointmed.com\\\/blog\\\/wp-content\\\/uploads\\\/2026\\\/09\\\/psychotherapeutin-valentina-stelzl-nutzt-appointmed.jpg\",\"datePublished\":\"2026-09-04T10:42:00+00:00\",\"dateModified\":\"2026-09-04T10:42:02+00:00\",\"description\":\"Psychotherapeutin Valentina Stelzl erz\u00e4hlt, wie appointmed ihr bei Terminen, Rechnungen, Dokumentation und Datenschutz Zeit spart.\",\"breadcrumb\":{\"@id\":\"https:\\\/\\\/www.appointmed.com\\\/blog\\\/warum-sich-appointmed-fur-psychotherapeutin-valentina-stelzl-rechnet#breadcrumb\"},\"inLanguage\":\"de\",\"potentialAction\":[{\"@type\":\"ReadAction\",\"target\":[\"https:\\\/\\\/www.appointmed.com\\\/blog\\\/warum-sich-appointmed-fur-psychotherapeutin-valentina-stelzl-rechnet\"]}]},{\"@type\":\"ImageObject\",\"inLanguage\":\"de\",\"@id\":\"https:\\\/\\\/www.appointmed.com\\\/blog\\\/warum-sich-appointmed-fur-psychotherapeutin-valentina-stelzl-rechnet#primaryimage\",\"url\":\"https:\\\/\\\/www.appointmed.com\\\/blog\\\/wp-content\\\/uploads\\\/2026\\\/09\\\/psychotherapeutin-valentina-stelzl-nutzt-appointmed.jpg\",\"contentUrl\":\"https:\\\/\\\/www.appointmed.com\\\/blog\\\/wp-content\\\/uploads\\\/2026\\\/09\\\/psychotherapeutin-valentina-stelzl-nutzt-appointmed.jpg\",\"width\":1900,\"height\":704,\"caption\":\"Psychotherapeutin Valentina Stelzl nutzt appointmed\"},{\"@type\":\"BreadcrumbList\",\"@id\":\"https:\\\/\\\/www.appointmed.com\\\/blog\\\/warum-sich-appointmed-fur-psychotherapeutin-valentina-stelzl-rechnet#breadcrumb\",\"itemListElement\":[{\"@type\":\"ListItem\",\"position\":1,\"name\":\"Startseite\",\"item\":\"https:\\\/\\\/www.appointmed.com\\\/blog\\\/\"},{\"@type\":\"ListItem\",\"position\":2,\"name\":\"appointMeet: Warum sich appointmed f\u00fcr Psychotherapeutin Valentina Stelzl rechnet\"}]},{\"@type\":\"WebSite\",\"@id\":\"https:\\\/\\\/www.appointmed.com\\\/blog\\\/#website\",\"url\":\"https:\\\/\\\/www.appointmed.com\\\/blog\\\/\",\"name\":\"appointmed Blog\",\"description\":\"Die unkomplizierte Praxissoftware\",\"publisher\":{\"@id\":\"https:\\\/\\\/www.appointmed.com\\\/blog\\\/#organization\"},\"potentialAction\":[{\"@type\":\"SearchAction\",\"target\":{\"@type\":\"EntryPoint\",\"urlTemplate\":\"https:\\\/\\\/www.appointmed.com\\\/blog\\\/?s={search_term_string}\"},\"query-input\":{\"@type\":\"PropertyValueSpecification\",\"valueRequired\":true,\"valueName\":\"search_term_string\"}}],\"inLanguage\":\"de\"},{\"@type\":\"Organization\",\"@id\":\"https:\\\/\\\/www.appointmed.com\\\/blog\\\/#organization\",\"name\":\"appointmed GmbH\",\"url\":\"https:\\\/\\\/www.appointmed.com\\\/blog\\\/\",\"logo\":{\"@type\":\"ImageObject\",\"inLanguage\":\"de\",\"@id\":\"https:\\\/\\\/www.appointmed.com\\\/blog\\\/#\\\/schema\\\/logo\\\/image\\\/\",\"url\":\"https:\\\/\\\/www.appointmed.com\\\/blog\\\/wp-content\\\/uploads\\\/2019\\\/08\\\/appointmed-Logo-V2-cropped-transparent.png\",\"contentUrl\":\"https:\\\/\\\/www.appointmed.com\\\/blog\\\/wp-content\\\/uploads\\\/2019\\\/08\\\/appointmed-Logo-V2-cropped-transparent.png\",\"width\":1200,\"height\":257,\"caption\":\"appointmed GmbH\"},\"image\":{\"@id\":\"https:\\\/\\\/www.appointmed.com\\\/blog\\\/#\\\/schema\\\/logo\\\/image\\\/\"},\"sameAs\":[\"https:\\\/\\\/www.facebook.com\\\/appointmed\",\"https:\\\/\\\/x.com\\\/appointmed\",\"https:\\\/\\\/www.instagram.com\\\/appointmed\",\"https:\\\/\\\/de.linkedin.com\\\/company\\\/appointmed\",\"https:\\\/\\\/www.youtube.com\\\/appointmed\"]},{\"@type\":\"Person\",\"@id\":\"https:\\\/\\\/www.appointmed.com\\\/blog\\\/#\\\/schema\\\/person\\\/7c87914b902c7473ced100f9e68eaaa5\",\"name\":\"Adela Lucaciu\",\"image\":{\"@type\":\"ImageObject\",\"inLanguage\":\"de\",\"@id\":\"https:\\\/\\\/secure.gravatar.com\\\/avatar\\\/c47a9fbea0013b30c400962d2b7dc8dbe3247d4b787296a5a813ac70bb61f120?s=96&d=mm&r=g\",\"url\":\"https:\\\/\\\/secure.gravatar.com\\\/avatar\\\/c47a9fbea0013b30c400962d2b7dc8dbe3247d4b787296a5a813ac70bb61f120?s=96&d=mm&r=g\",\"contentUrl\":\"https:\\\/\\\/secure.gravatar.com\\\/avatar\\\/c47a9fbea0013b30c400962d2b7dc8dbe3247d4b787296a5a813ac70bb61f120?s=96&d=mm&r=g\",\"caption\":\"Adela Lucaciu\"},\"description\":\"Urspr\u00fcnglich aus dem HR und Recruiting Bereich kommend, ist Adelas wahre St\u00e4rke die pers\u00f6nliche Kommunikation mit Menschen. Sie ist die erste Anlaufstelle f\u00fcr Fragen aller Art und sorgt bei unseren Kunden f\u00fcr einen reibungslosen Ablauf mit appointmed.\",\"sameAs\":[\"https:\\\/\\\/www.appointmed.com\\\/team\"],\"jobTitle\":\"Customer Success Specialist\",\"worksFor\":\"appointmed GmbH\",\"url\":\"https:\\\/\\\/www.appointmed.com\\\/blog\\\/author\\\/adela\"}]}<\/script>\n<!-- \/ Yoast SEO Premium plugin. -->","yoast_head_json":{"title":"F\u00fcr Psychotherapeutin Valentina Stelzl rechnet sich appointmed","description":"Psychotherapeutin Valentina Stelzl erz\u00e4hlt, wie appointmed ihr bei Terminen, Rechnungen, Dokumentation und Datenschutz Zeit spart.","robots":{"index":"index","follow":"follow","max-snippet":"max-snippet:-1","max-image-preview":"max-image-preview:large","max-video-preview":"max-video-preview:-1"},"canonical":"https:\/\/www.appointmed.com\/blog\/warum-sich-appointmed-fur-psychotherapeutin-valentina-stelzl-rechnet","og_locale":"de_DE","og_type":"article","og_title":"appointMeet: Warum sich appointmed f\u00fcr Psychotherapeutin Valentina Stelzl rechnet","og_description":"Von dicken Patientenmappen und Google Kalender zu Terminverwaltung, Rechnungen und Dokumentation in einem System: Psychotherapeutin Valentina Stelzl erz\u00e4hlt, warum appointmed sie seit ihren ersten Schritten in die Selbstst\u00e4ndigkeit begleitet \u2013 und weshalb f\u00fcr sie vor allem die tats\u00e4chliche Zeitersparnis z\u00e4hlt.","og_url":"https:\/\/www.appointmed.com\/blog\/warum-sich-appointmed-fur-psychotherapeutin-valentina-stelzl-rechnet","og_site_name":"appointmed Blog","article_publisher":"https:\/\/www.facebook.com\/appointmed","article_published_time":"2026-09-04T10:42:00+00:00","article_modified_time":"2026-09-04T10:42:02+00:00","og_image":[{"width":1900,"height":704,"url":"https:\/\/www.appointmed.com\/blog\/wp-content\/uploads\/2026\/09\/psychotherapeutin-valentina-stelzl-nutzt-appointmed.jpg","type":"image\/jpeg"}],"author":"Adela Lucaciu","twitter_card":"summary_large_image","twitter_creator":"@appointmed","twitter_site":"@appointmed","schema":{"@context":"https:\/\/schema.org","@graph":[{"@type":"Article","@id":"https:\/\/www.appointmed.com\/blog\/warum-sich-appointmed-fur-psychotherapeutin-valentina-stelzl-rechnet#article","isPartOf":{"@id":"https:\/\/www.appointmed.com\/blog\/warum-sich-appointmed-fur-psychotherapeutin-valentina-stelzl-rechnet"},"author":{"name":"Adela Lucaciu","@id":"https:\/\/www.appointmed.com\/blog\/#\/schema\/person\/7c87914b902c7473ced100f9e68eaaa5"},"headline":"appointMeet: Warum sich appointmed f\u00fcr Psychotherapeutin Valentina Stelzl rechnet","datePublished":"2026-09-04T10:42:00+00:00","dateModified":"2026-09-04T10:42:02+00:00","mainEntityOfPage":{"@id":"https:\/\/www.appointmed.com\/blog\/warum-sich-appointmed-fur-psychotherapeutin-valentina-stelzl-rechnet"},"wordCount":1399,"publisher":{"@id":"https:\/\/www.appointmed.com\/blog\/#organization"},"image":{"@id":"https:\/\/www.appointmed.com\/blog\/warum-sich-appointmed-fur-psychotherapeutin-valentina-stelzl-rechnet#primaryimage"},"thumbnailUrl":"https:\/\/www.appointmed.com\/blog\/wp-content\/uploads\/2026\/09\/psychotherapeutin-valentina-stelzl-nutzt-appointmed.jpg","keywords":["PsychotherapeutIn"],"articleSection":["appointMeet","Blog"],"inLanguage":"de"},{"@type":"WebPage","@id":"https:\/\/www.appointmed.com\/blog\/warum-sich-appointmed-fur-psychotherapeutin-valentina-stelzl-rechnet","url":"https:\/\/www.appointmed.com\/blog\/warum-sich-appointmed-fur-psychotherapeutin-valentina-stelzl-rechnet","name":"F\u00fcr Psychotherapeutin Valentina Stelzl rechnet sich appointmed","isPartOf":{"@id":"https:\/\/www.appointmed.com\/blog\/#website"},"primaryImageOfPage":{"@id":"https:\/\/www.appointmed.com\/blog\/warum-sich-appointmed-fur-psychotherapeutin-valentina-stelzl-rechnet#primaryimage"},"image":{"@id":"https:\/\/www.appointmed.com\/blog\/warum-sich-appointmed-fur-psychotherapeutin-valentina-stelzl-rechnet#primaryimage"},"thumbnailUrl":"https:\/\/www.appointmed.com\/blog\/wp-content\/uploads\/2026\/09\/psychotherapeutin-valentina-stelzl-nutzt-appointmed.jpg","datePublished":"2026-09-04T10:42:00+00:00","dateModified":"2026-09-04T10:42:02+00:00","description":"Psychotherapeutin Valentina Stelzl erz\u00e4hlt, wie appointmed ihr bei Terminen, Rechnungen, Dokumentation und Datenschutz Zeit spart.","breadcrumb":{"@id":"https:\/\/www.appointmed.com\/blog\/warum-sich-appointmed-fur-psychotherapeutin-valentina-stelzl-rechnet#breadcrumb"},"inLanguage":"de","potentialAction":[{"@type":"ReadAction","target":["https:\/\/www.appointmed.com\/blog\/warum-sich-appointmed-fur-psychotherapeutin-valentina-stelzl-rechnet"]}]},{"@type":"ImageObject","inLanguage":"de","@id":"https:\/\/www.appointmed.com\/blog\/warum-sich-appointmed-fur-psychotherapeutin-valentina-stelzl-rechnet#primaryimage","url":"https:\/\/www.appointmed.com\/blog\/wp-content\/uploads\/2026\/09\/psychotherapeutin-valentina-stelzl-nutzt-appointmed.jpg","contentUrl":"https:\/\/www.appointmed.com\/blog\/wp-content\/uploads\/2026\/09\/psychotherapeutin-valentina-stelzl-nutzt-appointmed.jpg","width":1900,"height":704,"caption":"Psychotherapeutin Valentina Stelzl nutzt appointmed"},{"@type":"BreadcrumbList","@id":"https:\/\/www.appointmed.com\/blog\/warum-sich-appointmed-fur-psychotherapeutin-valentina-stelzl-rechnet#breadcrumb","itemListElement":[{"@type":"ListItem","position":1,"name":"Startseite","item":"https:\/\/www.appointmed.com\/blog\/"},{"@type":"ListItem","position":2,"name":"appointMeet: Warum sich appointmed f\u00fcr Psychotherapeutin Valentina Stelzl rechnet"}]},{"@type":"WebSite","@id":"https:\/\/www.appointmed.com\/blog\/#website","url":"https:\/\/www.appointmed.com\/blog\/","name":"appointmed Blog","description":"Die unkomplizierte Praxissoftware","publisher":{"@id":"https:\/\/www.appointmed.com\/blog\/#organization"},"potentialAction":[{"@type":"SearchAction","target":{"@type":"EntryPoint","urlTemplate":"https:\/\/www.appointmed.com\/blog\/?s={search_term_string}"},"query-input":{"@type":"PropertyValueSpecification","valueRequired":true,"valueName":"search_term_string"}}],"inLanguage":"de"},{"@type":"Organization","@id":"https:\/\/www.appointmed.com\/blog\/#organization","name":"appointmed GmbH","url":"https:\/\/www.appointmed.com\/blog\/","logo":{"@type":"ImageObject","inLanguage":"de","@id":"https:\/\/www.appointmed.com\/blog\/#\/schema\/logo\/image\/","url":"https:\/\/www.appointmed.com\/blog\/wp-content\/uploads\/2019\/08\/appointmed-Logo-V2-cropped-transparent.png","contentUrl":"https:\/\/www.appointmed.com\/blog\/wp-content\/uploads\/2019\/08\/appointmed-Logo-V2-cropped-transparent.png","width":1200,"height":257,"caption":"appointmed GmbH"},"image":{"@id":"https:\/\/www.appointmed.com\/blog\/#\/schema\/logo\/image\/"},"sameAs":["https:\/\/www.facebook.com\/appointmed","https:\/\/x.com\/appointmed","https:\/\/www.instagram.com\/appointmed","https:\/\/de.linkedin.com\/company\/appointmed","https:\/\/www.youtube.com\/appointmed"]},{"@type":"Person","@id":"https:\/\/www.appointmed.com\/blog\/#\/schema\/person\/7c87914b902c7473ced100f9e68eaaa5","name":"Adela Lucaciu","image":{"@type":"ImageObject","inLanguage":"de","@id":"https:\/\/secure.gravatar.com\/avatar\/c47a9fbea0013b30c400962d2b7dc8dbe3247d4b787296a5a813ac70bb61f120?s=96&d=mm&r=g","url":"https:\/\/secure.gravatar.com\/avatar\/c47a9fbea0013b30c400962d2b7dc8dbe3247d4b787296a5a813ac70bb61f120?s=96&d=mm&r=g","contentUrl":"https:\/\/secure.gravatar.com\/avatar\/c47a9fbea0013b30c400962d2b7dc8dbe3247d4b787296a5a813ac70bb61f120?s=96&d=mm&r=g","caption":"Adela Lucaciu"},"description":"Urspr\u00fcnglich aus dem HR und Recruiting Bereich kommend, ist Adelas wahre St\u00e4rke die pers\u00f6nliche Kommunikation mit Menschen. Sie ist die erste Anlaufstelle f\u00fcr Fragen aller Art und sorgt bei unseren Kunden f\u00fcr einen reibungslosen Ablauf mit appointmed.","sameAs":["https:\/\/www.appointmed.com\/team"],"jobTitle":"Customer Success Specialist","worksFor":"appointmed GmbH","url":"https:\/\/www.appointmed.com\/blog\/author\/adela"}]}},"_links":{"self":[{"href":"https:\/\/www.appointmed.com\/blog\/wp-json\/wp\/v2\/posts\/8535","targetHints":{"allow":["GET"]}}],"collection":[{"href":"https:\/\/www.appointmed.com\/blog\/wp-json\/wp\/v2\/posts"}],"about":[{"href":"https:\/\/www.appointmed.com\/blog\/wp-json\/wp\/v2\/types\/post"}],"author":[{"embeddable":true,"href":"https:\/\/www.appointmed.com\/blog\/wp-json\/wp\/v2\/users\/9"}],"replies":[{"embeddable":true,"href":"https:\/\/www.appointmed.com\/blog\/wp-json\/wp\/v2\/comments?post=8535"}],"version-history":[{"count":12,"href":"https:\/\/www.appointmed.com\/blog\/wp-json\/wp\/v2\/posts\/8535\/revisions"}],"predecessor-version":[{"id":8555,"href":"https:\/\/www.appointmed.com\/blog\/wp-json\/wp\/v2\/posts\/8535\/revisions\/8555"}],"wp:featuredmedia":[{"embeddable":true,"href":"https:\/\/www.appointmed.com\/blog\/wp-json\/wp\/v2\/media\/8550"}],"wp:attachment":[{"href":"https:\/\/www.appointmed.com\/blog\/wp-json\/wp\/v2\/media?parent=8535"}],"wp:term":[{"taxonomy":"category","embeddable":true,"href":"https:\/\/www.appointmed.com\/blog\/wp-json\/wp\/v2\/categories?post=8535"},{"taxonomy":"post_tag","embeddable":true,"href":"https:\/\/www.appointmed.com\/blog\/wp-json\/wp\/v2\/tags?post=8535"}],"curies":[{"name":"wp","href":"https:\/\/api.w.org\/{rel}","templated":true}]}}