{"id":907,"date":"2017-01-19T17:55:49","date_gmt":"2017-01-19T16:55:49","guid":{"rendered":"https:\/\/www.appointmed.com\/blog\/?p=907"},"modified":"2019-01-19T22:58:39","modified_gmt":"2019-01-19T21:58:39","slug":"ein-jahr-appointmed-ceo-patrik-inzinger-im-interview","status":"publish","type":"post","link":"https:\/\/www.appointmed.com\/blog\/ein-jahr-appointmed-ceo-patrik-inzinger-im-interview","title":{"rendered":"Ein Jahr appointmed. CEO Patrik Inzinger im Interview."},"content":{"rendered":"<p>Ein Jahr ist es nun her, dass appointmed offiziell gegr\u00fcndet wurde. In einem <a href=\"https:\/\/www.appointmed.com\/blog\/2017\/01\/rueckblick-und-ausblick-das-war-2016-und-so-wird-2017\/\">Jahresr\u00fcckblick 2016<\/a> haben wir Zahlen und Fakten der letzten 12 Monate pr\u00e4sentiert. Was gibt es Passenderes, als unseren CEO Patrik um ein Res\u00fcmee zu bitten. Sein <a href=\"https:\/\/www.appointmed.com\/blog\/2015\/07\/2-minuten-mit-patrik-mitgruender-und-ui-designer-bei-appointmed\/\">letztes INZerview<\/a> (5 \u20ac in die \u201cSchlechte Wortspiel Kasse\u201d) ist ohnehin schon eine Weile her. Es ist also h\u00f6chste Zeit, wieder etwas von ihm zu h\u00f6ren.<\/p>\n<h3>Patrik, auf welche Ereignisse im Jahr 2016 kannst du mit Stolz zur\u00fcckblicken?<\/h3>\n<div id=\"attachment_923\" class=\"wp-caption alignright\" style=\"width: 300px\"><a href=\"https:\/\/www.appointmed.com\/blog\/wp-content\/uploads\/2017\/01\/patrik-im-interview-mit-paul.jpg\"><img loading=\"lazy\" decoding=\"async\" class=\"size-medium wp-image-923\" src=\"https:\/\/www.appointmed.com\/blog\/wp-content\/uploads\/2017\/01\/patrik-im-interview-mit-paul-300x225.jpg\" alt=\"Patrik im Interview mit Paul\" width=\"300\" height=\"225\" srcset=\"https:\/\/www.appointmed.com\/blog\/wp-content\/uploads\/2017\/01\/patrik-im-interview-mit-paul-300x225.jpg 300w, https:\/\/www.appointmed.com\/blog\/wp-content\/uploads\/2017\/01\/patrik-im-interview-mit-paul-768x576.jpg 768w, https:\/\/www.appointmed.com\/blog\/wp-content\/uploads\/2017\/01\/patrik-im-interview-mit-paul-650x488.jpg 650w, https:\/\/www.appointmed.com\/blog\/wp-content\/uploads\/2017\/01\/patrik-im-interview-mit-paul.jpg 1200w\" sizes=\"auto, (max-width: 300px) 100vw, 300px\" \/><\/a><p class=\"wp-caption-text\">Patrik im Interview mit Paul<\/p><\/div>\n<p>Wir haben ein gro\u00dfartiges Team. Es gibt nat\u00fcrlich immer wieder die ein oder andere Meinungsverschiedenheit, aber im Gro\u00dfen und Ganzen denke ich, dass unser Team die perfekte Kombination ist. Und zwar sowohl technisch, fachlich als auch zwischenmenschlich.<\/p>\n<p>Stolz kann ich darauf sein, dass wir das Feedback unserer Kunden sehr ernst nehmen und nicht davor zur\u00fcckschrecken, bestehende Features komplett zu \u00fcberarbeiten. Ich spreche hier den <a href=\"https:\/\/www.appointmed.com\/blog\/2015\/07\/einfache-terminverwaltung-mit-unserem-online-kalender\/\">Kalender<\/a> an, welchen wir innerhalb von nur zwei Wochen von Grund auf neu programmiert haben. Ich denke das Ergebnis kann sich sehen lassen. Das h\u00f6ren wir auch von unseren Kunden.<\/p>\n<h3>Welche Ereignisse hast du mit etwas Bauchweh in Erinnerung?<\/h3>\n<p>Bauchweh hatte ich, als die Kundenzahl anstieg, unsere alte technische Infrastruktur daf\u00fcr aber nicht stabil genug war. F\u00fcr Mario war das nat\u00fcrlich auch eine unangenehme Zeit, als sein Handy <a href=\"https:\/\/www.appointmed.com\/blog\/2016\/08\/appointmeet-zu-gast-bei-petra-walk\/#anruf\">morgens um halb 6<\/a> stetig gel\u00e4utet hat, wenn Teile der App nicht richtig funktionierten. Zum Gl\u00fcck konnte das Problem binnen kurzer Zeit gel\u00f6st werden, indem wir zu einem neuen, sehr verl\u00e4sslichen Anbieter gewechselt haben.<\/p>\n<p>Ein gewisses Ma\u00df an Bauchweh ist sowieso immer mit dabei. Wir entwickeln appointmed st\u00e4ndig weiter, \u00fcberlegen uns neue Features und gehen parallel dazu auf Kundenfeedback ein. Oft zeigt sich dann aber erst in der Praxis, nach ein paar Wochen, ob die neuen Funktionen wirklich halten, was wir uns von ihnen versprochen haben. Wenn wir etwas am Ziel vorbeigeschossen sind, merken wir das in der Regel recht schnell. Das letzte Wort hat hier meistens der Kunde <em>(schmunzelt)<\/em>.<\/p>\n<div id=\"attachment_922\" class=\"wp-caption alignnone\" style=\"width: 650px\"><a href=\"https:\/\/www.appointmed.com\/blog\/wp-content\/uploads\/2017\/01\/patriks-platz-am-fenster.jpg\"><img loading=\"lazy\" decoding=\"async\" class=\"size-large wp-image-922\" src=\"https:\/\/www.appointmed.com\/blog\/wp-content\/uploads\/2017\/01\/patriks-platz-am-fenster-650x496.jpg\" alt=\"Patriks Platz in der Sonne beim w\u00f6chentlichen Team-Meeting\" width=\"650\" height=\"496\" srcset=\"https:\/\/www.appointmed.com\/blog\/wp-content\/uploads\/2017\/01\/patriks-platz-am-fenster-650x496.jpg 650w, https:\/\/www.appointmed.com\/blog\/wp-content\/uploads\/2017\/01\/patriks-platz-am-fenster-300x229.jpg 300w, https:\/\/www.appointmed.com\/blog\/wp-content\/uploads\/2017\/01\/patriks-platz-am-fenster-768x586.jpg 768w, https:\/\/www.appointmed.com\/blog\/wp-content\/uploads\/2017\/01\/patriks-platz-am-fenster.jpg 1200w\" sizes=\"auto, (max-width: 650px) 100vw, 650px\" \/><\/a><p class=\"wp-caption-text\">Patriks Platz in der Sonne beim w\u00f6chentlichen Team-Meeting<\/p><\/div>\n<h3>Was waren die gr\u00f6\u00dften Herausforderungen?<\/h3>\n<p>Wir bauen ein sehr gro\u00dfes und komplexes System mit nur wenigen Spezialisten. Das Know-How bei uns ist nicht auf eine gro\u00dfe Anzahl an Mitarbeitern aufgeteilt, sondern geb\u00fcndelt bei einzelnen Personen. Dementsprechend ist es eine gro\u00dfe Herausforderung, mit limitierten Ressourcen, die Qualit\u00e4t zu erzielen, die man als Kunde \u2013 zu Recht \u2013 von uns erwartet.<\/p>\n<p>Die <a href=\"https:\/\/www.appointmed.com\/blog\/2016\/12\/mit-appointmed-bereit-fuer-die-registrierkasse-2017\/\">Registrierkasse 2017<\/a> ist ebenfalls eine gro\u00dfe Herausforderung. Verstehe mich nicht falsch, das Thema an sich ist nicht komplex. Wir wissen, wie die Funktionen am Ende ausschauen m\u00fcssen und die technische Fragen sind gro\u00dfteils auch gekl\u00e4rt. Was unseren Entwicklern Kopfzerbrechen bereitet, sind die teilweise mangelhaften Entwicklungsrichtlinien der Zertifizierungsanbieter. Wir folgen den beschriebenen Anweisungen, aber das Endergebnis weicht von dem ab, was in den Richtlinien beschrieben und gefordert wird. Allerdings denke ich, dass auch dieses Thema in den kommenden Wochen gekl\u00e4rt wird.<\/p>\n<h3>Gab es Themen, die du im Nachhinein lieber anders angegangen w\u00e4rst?<\/h3>\n<div id=\"attachment_921\" class=\"wp-caption alignright\" style=\"width: 300px\"><a href=\"https:\/\/www.appointmed.com\/blog\/wp-content\/uploads\/2017\/01\/patrik-arbeitet-remote-in-puerto-ciro.jpg\"><img loading=\"lazy\" decoding=\"async\" class=\"size-medium wp-image-921\" src=\"https:\/\/www.appointmed.com\/blog\/wp-content\/uploads\/2017\/01\/patrik-arbeitet-remote-in-puerto-ciro-300x400.jpg\" alt=\"Patriks Remote-Office in Puerto Rico\" width=\"300\" height=\"400\" srcset=\"https:\/\/www.appointmed.com\/blog\/wp-content\/uploads\/2017\/01\/patrik-arbeitet-remote-in-puerto-ciro-300x400.jpg 300w, https:\/\/www.appointmed.com\/blog\/wp-content\/uploads\/2017\/01\/patrik-arbeitet-remote-in-puerto-ciro-768x1024.jpg 768w, https:\/\/www.appointmed.com\/blog\/wp-content\/uploads\/2017\/01\/patrik-arbeitet-remote-in-puerto-ciro-650x867.jpg 650w, https:\/\/www.appointmed.com\/blog\/wp-content\/uploads\/2017\/01\/patrik-arbeitet-remote-in-puerto-ciro.jpg 1536w\" sizes=\"auto, (max-width: 300px) 100vw, 300px\" \/><\/a><p class=\"wp-caption-text\">Patriks Remote-Office in Puerto Rico<\/p><\/div>\n<p>Der Recruitingprozess war etwas ganz Neues f\u00fcr mich. Ich muss zugeben, dieses Thema war f\u00fcr mich ein gro\u00dfer und zeitaufwendiger Lernprozess. Zu Beginn des Jahres habe ich zwei Monate lang knapp 40 Interviews gef\u00fchrt viele davon sogar via Skype, als ich gerade in Puerto Rico war. Am Ende haben wir uns f\u00fcr jemanden entschieden, der dann leider doch nicht zu uns gepasst hat. Jetzt \u2013 neun Monate sp\u00e4ter \u2013 haben wir mit <a href=\"https:\/\/www.appointmed.com\/blog\/2016\/12\/3-minuten-mit-rosmarie-head-of-sales-business-development\/\">Rosmarie<\/a> genau die Erg\u00e4nzung f\u00fcr unser Team gefunden, die wir so lange gesucht haben.<\/p>\n<p>Was wir uns auch immer wieder vor Augen halten m\u00fcssen, ist die richtige Balance zwischen dem, was der Kunde m\u00f6chte und dem, was wir im Endeffekt umsetzen k\u00f6nnen. Wir nehmen uns die W\u00fcnsche der Kunden immer zu Herzen, tendieren aber dazu, etwas zu konzipieren, das weit \u00fcber das Ziel hinausschie\u00dft. Umgangssprachlich: Wir wollen immer die \u201cEier legende Wollmilchsau\u201d bauen. Hier m\u00fcssen wir lernen uns immer wieder zu z\u00fcgeln. Bei vielen Funktionen ist es ausreichend, diese zuerst in kleinem Rahmen umzusetzen und sie danach zu erweitern, wenn Bedarf besteht und danach verlangt wird.<\/p>\n<h3>Was bringt das Jahr 2017?<\/h3>\n<p>Ein sehr spannendes Thema ist die kommende Internationalisierung. Wir sind bestens ger\u00fcstet f\u00fcr eine Expansion ins Ausland. Derzeit gibt es Gespr\u00e4che mit m\u00f6glichen Kooperationspartnern in: Italien, Iran, aber auch Indien und China.<\/p>\n<p>Ich freue mich, dass wir bald auch auf Patientenseite die ersten Funktionen bieten k\u00f6nnen. Der erste Schritt in diese Richtung ist die kommende <a href=\"https:\/\/www.appointmed.com\/blog\/2016\/11\/online-termine-buchen-wer-will-das-ueberhaupt\/\">Online-Terminbuchung<\/a>. Weitere \u2013 g\u00e4nzlich neue \u2013 Funktionen f\u00fcr Patienten werden dann im Laufe des Jahres folgen. Wir wollen zus\u00e4tzlich zur Praxissoftware auch eine eigene L\u00f6sung f\u00fcr Patienten und deren Bed\u00fcrfnisse entwickeln.<\/p>\n<p>&nbsp;<\/p>\n<h3>Das neue Jahr bringt neue Quickfire Fragen!<\/h3>\n<ol>\n<li>Du bist die neueste Erg\u00e4nzung in einer Buntstiftschachtel. Was f\u00fcr eine Farbe bist du?\n<ul style=\"list-style-type: square;\">\n<li>Da gibts nur eine richtige Antwort: appointmed blau ;)<\/li>\n<\/ul>\n<\/li>\n<li>Du hast die Auswahl zwischen: Feuerwehrmann, Astronaut und Polizist. Wer bist du?\n<ul style=\"list-style-type: square;\">\n<li>Ich verk\u00f6rpere alle drei. Wenn es brennt, bin ich der Feuerwehrmann f\u00fcr die schnelle Probleml\u00f6sung. Au\u00dferdem bin ich der Polizist, wenn ich in meiner Position als Gesch\u00e4ftsf\u00fchrer den Leuten auf die Finger klopfen muss, sollten Dinge nicht rechtzeitig erledigt werden. Und schlussendlich bin ich auch der Astronaut. Viele Konzepte, die wir umsetzen gibt es in dieser Form noch nicht. Somit leisten wir, wie ein Astronaut, auch eine gewisse Pionierarbeit&#8230;<\/li>\n<\/ul>\n<\/li>\n<li>Hund oder Katze?\n<ul style=\"list-style-type: square;\">\n<li>Katze.<\/li>\n<\/ul>\n<\/li>\n<li>Ananas auf einer Pizza &#8211; YAY or NAY!\n<ul style=\"list-style-type: square;\">\n<li>NAY!<\/li>\n<\/ul>\n<\/li>\n<li>Die wichtigste Frage \u00fcberhaupt. Wie magst du deine Steak am liebsten?\n<ul style=\"list-style-type: square;\">\n<li>Nat\u00fcrlich Medium-Rare.<\/li>\n<\/ul>\n<\/li>\n<\/ol>\n","protected":false},"excerpt":{"rendered":"<p>Ein Jahr ist es nun her, dass appointmed offiziell gegr\u00fcndet wurde. In einem Jahresr\u00fcckblick 2016 haben wir Zahlen und Fakten der letzten 12 Monate pr\u00e4sentiert. Was gibt es Passenderes, als unseren CEO Patrik um ein Res\u00fcmee zu bitten. Sein letztes INZerview (5 \u20ac in die \u201cSchlechte Wortspiel Kasse\u201d) ist ohnehin schon eine Weile her. Es ist also h\u00f6chste Zeit, wieder etwas von ihm zu h\u00f6ren.<\/p>\n","protected":false},"author":4,"featured_media":919,"comment_status":"open","ping_status":"closed","sticky":false,"template":"","format":"standard","meta":{"_acf_changed":false,"footnotes":""},"categories":[2,6],"tags":[],"class_list":["post-907","post","type-post","status-publish","format-standard","has-post-thumbnail","hentry","category-blog","category-the-company"],"acf":[],"yoast_head":"<!-- This site is optimized with the Yoast SEO Premium plugin v27.5 (Yoast SEO v27.5) - https:\/\/yoast.com\/product\/yoast-seo-premium-wordpress\/ -->\n<title>CEO Patrik Inzinger spricht \u00fcber ein Jahr appointmed<\/title>\n<meta name=\"description\" content=\"Im Interview spricht Patrik Inzinger \u00fcber das vergangene Jahr appointmed. Was waren die Herausforderungen, auf was kann man stolz sein und was kommt 2017?\" \/>\n<meta name=\"robots\" content=\"index, follow, max-snippet:-1, max-image-preview:large, max-video-preview:-1\" \/>\n<link rel=\"canonical\" href=\"https:\/\/www.appointmed.com\/blog\/ein-jahr-appointmed-ceo-patrik-inzinger-im-interview\" \/>\n<meta property=\"og:locale\" content=\"de_DE\" \/>\n<meta property=\"og:type\" content=\"article\" \/>\n<meta property=\"og:title\" content=\"Ein Jahr appointmed. CEO Patrik Inzinger im Interview.\" \/>\n<meta property=\"og:description\" content=\"Ein Jahr ist es nun her, dass appointmed offiziell gegr\u00fcndet wurde. In einem Jahresr\u00fcckblick 2016 haben wir Zahlen und Fakten der letzten 12 Monate pr\u00e4sentiert. Was gibt es Passenderes, als unseren CEO Patrik um ein Res\u00fcmee zu bitten. Sein letztes INZerview (5 \u20ac in die \u201cSchlechte Wortspiel Kasse\u201d) ist ohnehin schon eine Weile her. Es ist also h\u00f6chste Zeit, wieder etwas von ihm zu h\u00f6ren.\" \/>\n<meta property=\"og:url\" content=\"https:\/\/www.appointmed.com\/blog\/ein-jahr-appointmed-ceo-patrik-inzinger-im-interview\" \/>\n<meta property=\"og:site_name\" content=\"appointmed Blog\" \/>\n<meta property=\"article:publisher\" content=\"https:\/\/www.facebook.com\/appointmed\" \/>\n<meta property=\"article:published_time\" content=\"2017-01-19T16:55:49+00:00\" \/>\n<meta property=\"article:modified_time\" content=\"2019-01-19T21:58:39+00:00\" \/>\n<meta property=\"og:image\" content=\"https:\/\/www.appointmed.com\/blog\/wp-content\/uploads\/2017\/01\/patrik-inzinger-appointmed-ceo.jpg\" \/>\n\t<meta property=\"og:image:width\" content=\"1300\" \/>\n\t<meta property=\"og:image:height\" content=\"480\" \/>\n\t<meta property=\"og:image:type\" content=\"image\/jpeg\" \/>\n<meta name=\"author\" content=\"Paul Trung\" \/>\n<meta name=\"twitter:card\" content=\"summary_large_image\" \/>\n<meta name=\"twitter:creator\" content=\"@appointmed\" \/>\n<meta name=\"twitter:site\" content=\"@appointmed\" \/>\n<script type=\"application\/ld+json\" class=\"yoast-schema-graph\">{\"@context\":\"https:\\\/\\\/schema.org\",\"@graph\":[{\"@type\":\"Article\",\"@id\":\"https:\\\/\\\/www.appointmed.com\\\/blog\\\/ein-jahr-appointmed-ceo-patrik-inzinger-im-interview#article\",\"isPartOf\":{\"@id\":\"https:\\\/\\\/www.appointmed.com\\\/blog\\\/ein-jahr-appointmed-ceo-patrik-inzinger-im-interview\"},\"author\":{\"name\":\"Paul Trung\",\"@id\":\"https:\\\/\\\/www.appointmed.com\\\/blog\\\/#\\\/schema\\\/person\\\/9c8135fbf40ce1e588b4d17c78ec03cd\"},\"headline\":\"Ein Jahr appointmed. CEO Patrik Inzinger im Interview.\",\"datePublished\":\"2017-01-19T16:55:49+00:00\",\"dateModified\":\"2019-01-19T21:58:39+00:00\",\"mainEntityOfPage\":{\"@id\":\"https:\\\/\\\/www.appointmed.com\\\/blog\\\/ein-jahr-appointmed-ceo-patrik-inzinger-im-interview\"},\"wordCount\":976,\"commentCount\":0,\"publisher\":{\"@id\":\"https:\\\/\\\/www.appointmed.com\\\/blog\\\/#organization\"},\"image\":{\"@id\":\"https:\\\/\\\/www.appointmed.com\\\/blog\\\/ein-jahr-appointmed-ceo-patrik-inzinger-im-interview#primaryimage\"},\"thumbnailUrl\":\"https:\\\/\\\/www.appointmed.com\\\/blog\\\/wp-content\\\/uploads\\\/2017\\\/01\\\/patrik-inzinger-appointmed-ceo.jpg\",\"articleSection\":[\"Blog\",\"\u00dcber appointmed\"],\"inLanguage\":\"de\",\"potentialAction\":[{\"@type\":\"CommentAction\",\"name\":\"Comment\",\"target\":[\"https:\\\/\\\/www.appointmed.com\\\/blog\\\/ein-jahr-appointmed-ceo-patrik-inzinger-im-interview#respond\"]}]},{\"@type\":\"WebPage\",\"@id\":\"https:\\\/\\\/www.appointmed.com\\\/blog\\\/ein-jahr-appointmed-ceo-patrik-inzinger-im-interview\",\"url\":\"https:\\\/\\\/www.appointmed.com\\\/blog\\\/ein-jahr-appointmed-ceo-patrik-inzinger-im-interview\",\"name\":\"CEO Patrik Inzinger spricht \u00fcber ein Jahr appointmed\",\"isPartOf\":{\"@id\":\"https:\\\/\\\/www.appointmed.com\\\/blog\\\/#website\"},\"primaryImageOfPage\":{\"@id\":\"https:\\\/\\\/www.appointmed.com\\\/blog\\\/ein-jahr-appointmed-ceo-patrik-inzinger-im-interview#primaryimage\"},\"image\":{\"@id\":\"https:\\\/\\\/www.appointmed.com\\\/blog\\\/ein-jahr-appointmed-ceo-patrik-inzinger-im-interview#primaryimage\"},\"thumbnailUrl\":\"https:\\\/\\\/www.appointmed.com\\\/blog\\\/wp-content\\\/uploads\\\/2017\\\/01\\\/patrik-inzinger-appointmed-ceo.jpg\",\"datePublished\":\"2017-01-19T16:55:49+00:00\",\"dateModified\":\"2019-01-19T21:58:39+00:00\",\"description\":\"Im Interview spricht Patrik Inzinger \u00fcber das vergangene Jahr appointmed. Was waren die Herausforderungen, auf was kann man stolz sein und was kommt 2017?\",\"breadcrumb\":{\"@id\":\"https:\\\/\\\/www.appointmed.com\\\/blog\\\/ein-jahr-appointmed-ceo-patrik-inzinger-im-interview#breadcrumb\"},\"inLanguage\":\"de\",\"potentialAction\":[{\"@type\":\"ReadAction\",\"target\":[\"https:\\\/\\\/www.appointmed.com\\\/blog\\\/ein-jahr-appointmed-ceo-patrik-inzinger-im-interview\"]}]},{\"@type\":\"ImageObject\",\"inLanguage\":\"de\",\"@id\":\"https:\\\/\\\/www.appointmed.com\\\/blog\\\/ein-jahr-appointmed-ceo-patrik-inzinger-im-interview#primaryimage\",\"url\":\"https:\\\/\\\/www.appointmed.com\\\/blog\\\/wp-content\\\/uploads\\\/2017\\\/01\\\/patrik-inzinger-appointmed-ceo.jpg\",\"contentUrl\":\"https:\\\/\\\/www.appointmed.com\\\/blog\\\/wp-content\\\/uploads\\\/2017\\\/01\\\/patrik-inzinger-appointmed-ceo.jpg\",\"width\":1300,\"height\":480,\"caption\":\"Patrik Inzinger, appointmed CEO\"},{\"@type\":\"BreadcrumbList\",\"@id\":\"https:\\\/\\\/www.appointmed.com\\\/blog\\\/ein-jahr-appointmed-ceo-patrik-inzinger-im-interview#breadcrumb\",\"itemListElement\":[{\"@type\":\"ListItem\",\"position\":1,\"name\":\"Startseite\",\"item\":\"https:\\\/\\\/www.appointmed.com\\\/blog\\\/\"},{\"@type\":\"ListItem\",\"position\":2,\"name\":\"Ein Jahr appointmed. CEO Patrik Inzinger im Interview.\"}]},{\"@type\":\"WebSite\",\"@id\":\"https:\\\/\\\/www.appointmed.com\\\/blog\\\/#website\",\"url\":\"https:\\\/\\\/www.appointmed.com\\\/blog\\\/\",\"name\":\"appointmed Blog\",\"description\":\"Die unkomplizierte Praxissoftware\",\"publisher\":{\"@id\":\"https:\\\/\\\/www.appointmed.com\\\/blog\\\/#organization\"},\"potentialAction\":[{\"@type\":\"SearchAction\",\"target\":{\"@type\":\"EntryPoint\",\"urlTemplate\":\"https:\\\/\\\/www.appointmed.com\\\/blog\\\/?s={search_term_string}\"},\"query-input\":{\"@type\":\"PropertyValueSpecification\",\"valueRequired\":true,\"valueName\":\"search_term_string\"}}],\"inLanguage\":\"de\"},{\"@type\":\"Organization\",\"@id\":\"https:\\\/\\\/www.appointmed.com\\\/blog\\\/#organization\",\"name\":\"appointmed GmbH\",\"url\":\"https:\\\/\\\/www.appointmed.com\\\/blog\\\/\",\"logo\":{\"@type\":\"ImageObject\",\"inLanguage\":\"de\",\"@id\":\"https:\\\/\\\/www.appointmed.com\\\/blog\\\/#\\\/schema\\\/logo\\\/image\\\/\",\"url\":\"https:\\\/\\\/www.appointmed.com\\\/blog\\\/wp-content\\\/uploads\\\/2019\\\/08\\\/appointmed-Logo-V2-cropped-transparent.png\",\"contentUrl\":\"https:\\\/\\\/www.appointmed.com\\\/blog\\\/wp-content\\\/uploads\\\/2019\\\/08\\\/appointmed-Logo-V2-cropped-transparent.png\",\"width\":1200,\"height\":257,\"caption\":\"appointmed GmbH\"},\"image\":{\"@id\":\"https:\\\/\\\/www.appointmed.com\\\/blog\\\/#\\\/schema\\\/logo\\\/image\\\/\"},\"sameAs\":[\"https:\\\/\\\/www.facebook.com\\\/appointmed\",\"https:\\\/\\\/x.com\\\/appointmed\",\"https:\\\/\\\/www.instagram.com\\\/appointmed\",\"https:\\\/\\\/de.linkedin.com\\\/company\\\/appointmed\",\"https:\\\/\\\/www.youtube.com\\\/appointmed\"]},{\"@type\":\"Person\",\"@id\":\"https:\\\/\\\/www.appointmed.com\\\/blog\\\/#\\\/schema\\\/person\\\/9c8135fbf40ce1e588b4d17c78ec03cd\",\"name\":\"Paul Trung\",\"image\":{\"@type\":\"ImageObject\",\"inLanguage\":\"de\",\"@id\":\"https:\\\/\\\/secure.gravatar.com\\\/avatar\\\/4265451f0ba0312bb45a9b2d94c84b9d3830a6b10f496dc7c9dc3a97914d1635?s=96&d=mm&r=g\",\"url\":\"https:\\\/\\\/secure.gravatar.com\\\/avatar\\\/4265451f0ba0312bb45a9b2d94c84b9d3830a6b10f496dc7c9dc3a97914d1635?s=96&d=mm&r=g\",\"contentUrl\":\"https:\\\/\\\/secure.gravatar.com\\\/avatar\\\/4265451f0ba0312bb45a9b2d94c84b9d3830a6b10f496dc7c9dc3a97914d1635?s=96&d=mm&r=g\",\"caption\":\"Paul Trung\"},\"sameAs\":[\"https:\\\/\\\/www.appointmed.com\\\/team\"],\"url\":\"https:\\\/\\\/www.appointmed.com\\\/blog\\\/author\\\/paul\"}]}<\/script>\n<!-- \/ Yoast SEO Premium plugin. -->","yoast_head_json":{"title":"CEO Patrik Inzinger spricht \u00fcber ein Jahr appointmed","description":"Im Interview spricht Patrik Inzinger \u00fcber das vergangene Jahr appointmed. Was waren die Herausforderungen, auf was kann man stolz sein und was kommt 2017?","robots":{"index":"index","follow":"follow","max-snippet":"max-snippet:-1","max-image-preview":"max-image-preview:large","max-video-preview":"max-video-preview:-1"},"canonical":"https:\/\/www.appointmed.com\/blog\/ein-jahr-appointmed-ceo-patrik-inzinger-im-interview","og_locale":"de_DE","og_type":"article","og_title":"Ein Jahr appointmed. CEO Patrik Inzinger im Interview.","og_description":"Ein Jahr ist es nun her, dass appointmed offiziell gegr\u00fcndet wurde. In einem Jahresr\u00fcckblick 2016 haben wir Zahlen und Fakten der letzten 12 Monate pr\u00e4sentiert. Was gibt es Passenderes, als unseren CEO Patrik um ein Res\u00fcmee zu bitten. Sein letztes INZerview (5 \u20ac in die \u201cSchlechte Wortspiel Kasse\u201d) ist ohnehin schon eine Weile her. Es ist also h\u00f6chste Zeit, wieder etwas von ihm zu h\u00f6ren.","og_url":"https:\/\/www.appointmed.com\/blog\/ein-jahr-appointmed-ceo-patrik-inzinger-im-interview","og_site_name":"appointmed Blog","article_publisher":"https:\/\/www.facebook.com\/appointmed","article_published_time":"2017-01-19T16:55:49+00:00","article_modified_time":"2019-01-19T21:58:39+00:00","og_image":[{"width":1300,"height":480,"url":"https:\/\/www.appointmed.com\/blog\/wp-content\/uploads\/2017\/01\/patrik-inzinger-appointmed-ceo.jpg","type":"image\/jpeg"}],"author":"Paul Trung","twitter_card":"summary_large_image","twitter_creator":"@appointmed","twitter_site":"@appointmed","schema":{"@context":"https:\/\/schema.org","@graph":[{"@type":"Article","@id":"https:\/\/www.appointmed.com\/blog\/ein-jahr-appointmed-ceo-patrik-inzinger-im-interview#article","isPartOf":{"@id":"https:\/\/www.appointmed.com\/blog\/ein-jahr-appointmed-ceo-patrik-inzinger-im-interview"},"author":{"name":"Paul Trung","@id":"https:\/\/www.appointmed.com\/blog\/#\/schema\/person\/9c8135fbf40ce1e588b4d17c78ec03cd"},"headline":"Ein Jahr appointmed. CEO Patrik Inzinger im Interview.","datePublished":"2017-01-19T16:55:49+00:00","dateModified":"2019-01-19T21:58:39+00:00","mainEntityOfPage":{"@id":"https:\/\/www.appointmed.com\/blog\/ein-jahr-appointmed-ceo-patrik-inzinger-im-interview"},"wordCount":976,"commentCount":0,"publisher":{"@id":"https:\/\/www.appointmed.com\/blog\/#organization"},"image":{"@id":"https:\/\/www.appointmed.com\/blog\/ein-jahr-appointmed-ceo-patrik-inzinger-im-interview#primaryimage"},"thumbnailUrl":"https:\/\/www.appointmed.com\/blog\/wp-content\/uploads\/2017\/01\/patrik-inzinger-appointmed-ceo.jpg","articleSection":["Blog","\u00dcber appointmed"],"inLanguage":"de","potentialAction":[{"@type":"CommentAction","name":"Comment","target":["https:\/\/www.appointmed.com\/blog\/ein-jahr-appointmed-ceo-patrik-inzinger-im-interview#respond"]}]},{"@type":"WebPage","@id":"https:\/\/www.appointmed.com\/blog\/ein-jahr-appointmed-ceo-patrik-inzinger-im-interview","url":"https:\/\/www.appointmed.com\/blog\/ein-jahr-appointmed-ceo-patrik-inzinger-im-interview","name":"CEO Patrik Inzinger spricht \u00fcber ein Jahr appointmed","isPartOf":{"@id":"https:\/\/www.appointmed.com\/blog\/#website"},"primaryImageOfPage":{"@id":"https:\/\/www.appointmed.com\/blog\/ein-jahr-appointmed-ceo-patrik-inzinger-im-interview#primaryimage"},"image":{"@id":"https:\/\/www.appointmed.com\/blog\/ein-jahr-appointmed-ceo-patrik-inzinger-im-interview#primaryimage"},"thumbnailUrl":"https:\/\/www.appointmed.com\/blog\/wp-content\/uploads\/2017\/01\/patrik-inzinger-appointmed-ceo.jpg","datePublished":"2017-01-19T16:55:49+00:00","dateModified":"2019-01-19T21:58:39+00:00","description":"Im Interview spricht Patrik Inzinger \u00fcber das vergangene Jahr appointmed. Was waren die Herausforderungen, auf was kann man stolz sein und was kommt 2017?","breadcrumb":{"@id":"https:\/\/www.appointmed.com\/blog\/ein-jahr-appointmed-ceo-patrik-inzinger-im-interview#breadcrumb"},"inLanguage":"de","potentialAction":[{"@type":"ReadAction","target":["https:\/\/www.appointmed.com\/blog\/ein-jahr-appointmed-ceo-patrik-inzinger-im-interview"]}]},{"@type":"ImageObject","inLanguage":"de","@id":"https:\/\/www.appointmed.com\/blog\/ein-jahr-appointmed-ceo-patrik-inzinger-im-interview#primaryimage","url":"https:\/\/www.appointmed.com\/blog\/wp-content\/uploads\/2017\/01\/patrik-inzinger-appointmed-ceo.jpg","contentUrl":"https:\/\/www.appointmed.com\/blog\/wp-content\/uploads\/2017\/01\/patrik-inzinger-appointmed-ceo.jpg","width":1300,"height":480,"caption":"Patrik Inzinger, appointmed CEO"},{"@type":"BreadcrumbList","@id":"https:\/\/www.appointmed.com\/blog\/ein-jahr-appointmed-ceo-patrik-inzinger-im-interview#breadcrumb","itemListElement":[{"@type":"ListItem","position":1,"name":"Startseite","item":"https:\/\/www.appointmed.com\/blog\/"},{"@type":"ListItem","position":2,"name":"Ein Jahr appointmed. CEO Patrik Inzinger im Interview."}]},{"@type":"WebSite","@id":"https:\/\/www.appointmed.com\/blog\/#website","url":"https:\/\/www.appointmed.com\/blog\/","name":"appointmed Blog","description":"Die unkomplizierte Praxissoftware","publisher":{"@id":"https:\/\/www.appointmed.com\/blog\/#organization"},"potentialAction":[{"@type":"SearchAction","target":{"@type":"EntryPoint","urlTemplate":"https:\/\/www.appointmed.com\/blog\/?s={search_term_string}"},"query-input":{"@type":"PropertyValueSpecification","valueRequired":true,"valueName":"search_term_string"}}],"inLanguage":"de"},{"@type":"Organization","@id":"https:\/\/www.appointmed.com\/blog\/#organization","name":"appointmed GmbH","url":"https:\/\/www.appointmed.com\/blog\/","logo":{"@type":"ImageObject","inLanguage":"de","@id":"https:\/\/www.appointmed.com\/blog\/#\/schema\/logo\/image\/","url":"https:\/\/www.appointmed.com\/blog\/wp-content\/uploads\/2019\/08\/appointmed-Logo-V2-cropped-transparent.png","contentUrl":"https:\/\/www.appointmed.com\/blog\/wp-content\/uploads\/2019\/08\/appointmed-Logo-V2-cropped-transparent.png","width":1200,"height":257,"caption":"appointmed GmbH"},"image":{"@id":"https:\/\/www.appointmed.com\/blog\/#\/schema\/logo\/image\/"},"sameAs":["https:\/\/www.facebook.com\/appointmed","https:\/\/x.com\/appointmed","https:\/\/www.instagram.com\/appointmed","https:\/\/de.linkedin.com\/company\/appointmed","https:\/\/www.youtube.com\/appointmed"]},{"@type":"Person","@id":"https:\/\/www.appointmed.com\/blog\/#\/schema\/person\/9c8135fbf40ce1e588b4d17c78ec03cd","name":"Paul Trung","image":{"@type":"ImageObject","inLanguage":"de","@id":"https:\/\/secure.gravatar.com\/avatar\/4265451f0ba0312bb45a9b2d94c84b9d3830a6b10f496dc7c9dc3a97914d1635?s=96&d=mm&r=g","url":"https:\/\/secure.gravatar.com\/avatar\/4265451f0ba0312bb45a9b2d94c84b9d3830a6b10f496dc7c9dc3a97914d1635?s=96&d=mm&r=g","contentUrl":"https:\/\/secure.gravatar.com\/avatar\/4265451f0ba0312bb45a9b2d94c84b9d3830a6b10f496dc7c9dc3a97914d1635?s=96&d=mm&r=g","caption":"Paul Trung"},"sameAs":["https:\/\/www.appointmed.com\/team"],"url":"https:\/\/www.appointmed.com\/blog\/author\/paul"}]}},"_links":{"self":[{"href":"https:\/\/www.appointmed.com\/blog\/wp-json\/wp\/v2\/posts\/907","targetHints":{"allow":["GET"]}}],"collection":[{"href":"https:\/\/www.appointmed.com\/blog\/wp-json\/wp\/v2\/posts"}],"about":[{"href":"https:\/\/www.appointmed.com\/blog\/wp-json\/wp\/v2\/types\/post"}],"author":[{"embeddable":true,"href":"https:\/\/www.appointmed.com\/blog\/wp-json\/wp\/v2\/users\/4"}],"replies":[{"embeddable":true,"href":"https:\/\/www.appointmed.com\/blog\/wp-json\/wp\/v2\/comments?post=907"}],"version-history":[{"count":0,"href":"https:\/\/www.appointmed.com\/blog\/wp-json\/wp\/v2\/posts\/907\/revisions"}],"wp:featuredmedia":[{"embeddable":true,"href":"https:\/\/www.appointmed.com\/blog\/wp-json\/wp\/v2\/media\/919"}],"wp:attachment":[{"href":"https:\/\/www.appointmed.com\/blog\/wp-json\/wp\/v2\/media?parent=907"}],"wp:term":[{"taxonomy":"category","embeddable":true,"href":"https:\/\/www.appointmed.com\/blog\/wp-json\/wp\/v2\/categories?post=907"},{"taxonomy":"post_tag","embeddable":true,"href":"https:\/\/www.appointmed.com\/blog\/wp-json\/wp\/v2\/tags?post=907"}],"curies":[{"name":"wp","href":"https:\/\/api.w.org\/{rel}","templated":true}]}}